{"id":10265,"date":"2022-12-21T16:46:45","date_gmt":"2022-12-21T16:46:45","guid":{"rendered":"https:\/\/www.planhub.ca\/blog\/?p=10265"},"modified":"2022-12-21T16:46:45","modified_gmt":"2022-12-21T16:46:45","slug":"le-galaxy-s23-sera-devoile-debut-fevrier","status":"publish","type":"post","link":"https:\/\/www.planhub.ca\/blog\/fr\/le-galaxy-s23-sera-devoile-debut-fevrier\/","title":{"rendered":"Le Galaxy S23 sera d\u00e9voil\u00e9 d\u00e9but f\u00e9vrier"},"content":{"rendered":"<p><strong>Bien d\u00e9cid\u00e9 \u00e0 effacer les d\u00e9fauts des Galaxy S22 \u00e9quip\u00e9s de processeurs Exynos, Samsung pr\u00e9senterait sa nouvelle gamme de Galaxy S23 d\u00e9but f\u00e9vrier.<\/strong><\/p>\n<p><strong>Cr\u00e9dit Image couverture : Samsung<\/strong><\/p>\n<p>Selon le leaker habitu\u00e9 aux r\u00e9v\u00e9lations <a href=\"https:\/\/twitter.com\/UniverseIce\/status\/1605537919464341508?cxt=HHwWiIC8seaOgsgsAAAA\">Ice Universe<\/a>, Samsung pr\u00e9senterait le Galaxy S23 d\u00e9but f\u00e9vrier 2023. Cette fuite semble correcte, le Galaxy S22 ayant \u00e9t\u00e9 pr\u00e9sent\u00e9 le 9 f\u00e9vrier 2022.<\/p>\n<p style=\"text-align: center;\"><a href=\"https:\/\/blog-shared-space.nyc3.digitaloceanspaces.com\/2022\/12\/thread-Ice-Universe-S23-leak-annonce.jpg\"><img fetchpriority=\"high\" decoding=\"async\" class=\"alignnone size-medium wp-image-10266\" src=\"https:\/\/blog-shared-space.nyc3.digitaloceanspaces.com\/2022\/12\/thread-Ice-Universe-S23-leak-annonce-300x203.jpg\" alt=\"\" width=\"300\" height=\"203\" srcset=\"https:\/\/www.planhub.ca\/blog\/wp-content\/uploads\/2022\/12\/thread-Ice-Universe-S23-leak-annonce-300x203.jpg 300w, https:\/\/www.planhub.ca\/blog\/wp-content\/uploads\/2022\/12\/thread-Ice-Universe-S23-leak-annonce.jpg 634w\" sizes=\"(max-width: 300px) 100vw, 300px\" \/><\/a><\/p>\n<p>Le Galaxy S23 serait d\u00e9clin\u00e9 comme le S22 dans trois versions, le Galaxy S23, le Galaxy S23+ et enfin le Galaxy S23 Ultra.<\/p>\n<p>&nbsp;<\/p>\n<p><strong>Effacer les probl\u00e8mes engendr\u00e9s par la puce Exynos<\/strong><\/p>\n<p>&nbsp;<\/p>\n<p>Si les Galaxy S22 vendus en Am\u00e9rique du Nord poss\u00e8dent un processeur Snapdragon 8 Gen 1 de tr\u00e8s bonne facture, la version europ\u00e9enne \u00e9galement vendue en Afrique souffre de son c\u00f4t\u00e9 d\u2019un Exynos poussif qui connait quelques probl\u00e8mes de chauffe. Pour le Galaxy S23, Samsung corrigerait le tir et envisagerait d\u2019utiliser un Snapdragon 8 Gen 2 qui \u00e9quiperait toutes les versions vendues dans le monde.<\/p>\n<p>&nbsp;<\/p>\n<p><strong>Retour \u00e0 une cam\u00e9ra 12Mpix<\/strong><\/p>\n<p>&nbsp;<\/p>\n<p>L\u2019harmonisation du processeur ne serait pas le seul changement, la cam\u00e9ra devrait revenir \u00e0 un capteur de 12 M\u00e9gapixels au lieu du capteur de 40 M\u00e9gapixels actuel. Deux raisons peuvent expliquer ce futur changement. Le nouveau capteur du Galaxy S23 serait tellement performant qu\u2019il permettrait de surpasser le 40 Mpix. D\u2019autre part, le traitement logiciel a surement lui aussi \u00e9volu\u00e9, permettant de faire mieux avec un meilleur capteur 12Mpix qu\u2019avec l\u2019ancien capteur de 40 Mpix.<\/p>\n<p>&nbsp;<\/p>\n<p>En tout cas, ce futur Galaxy reste tr\u00e8s attendu y compris par Samsung. Le cor\u00e9en ne cesse d\u2019\u00eatre attaqu\u00e9 dans le haut de gamme par des concurrents qui en proposent toujours plus. Samsung a pour lui le prestige de la marque, mais les rat\u00e9s du S22 en Europe et en Afrique ont permis aux t\u00e9l\u00e9phones chinois de reprendre du terrain face \u00e0 Samsung. Avec un Galaxy S23 repens\u00e9 et qui effacerait les d\u00e9fauts du S22, Samsung sifflerait ainsi la fin de la r\u00e9cr\u00e9ation.<\/p>\n<p>&nbsp;<\/p>\n","protected":false},"excerpt":{"rendered":"<p>Bien d\u00e9cid\u00e9 \u00e0 effacer les d\u00e9fauts des Galaxy S22 \u00e9quip\u00e9s de processeurs Exynos, Samsung pr\u00e9senterait sa nouvelle gamme de Galaxy S23 d\u00e9but f\u00e9vrier. Cr\u00e9dit Image couverture : Samsung Selon le leaker habitu\u00e9 aux r\u00e9v\u00e9lations Ice Universe, Samsung pr\u00e9senterait le Galaxy S23 d\u00e9but f\u00e9vrier 2023. Cette fuite semble correcte, le Galaxy S22 ayant \u00e9t\u00e9 pr\u00e9sent\u00e9 le [&hellip;]<\/p>\n","protected":false},"author":32,"featured_media":10165,"comment_status":"open","ping_status":"closed","sticky":false,"template":"","format":"standard","meta":{"_acf_changed":false,"footnotes":""},"categories":[840,28],"tags":[],"class_list":["post-10265","post","type-post","status-publish","format-standard","has-post-thumbnail","hentry","category-mobile-phone-news-fr","category-mobile-phone-fr"],"acf":[],"yoast_head":"<!-- This site is optimized with the Yoast SEO plugin v28.3 - https:\/\/yoast.com\/product\/yoast-seo-wordpress\/ -->\n<title>Le Galaxy S23 sera d\u00e9voil\u00e9 d\u00e9but f\u00e9vrier | PlanHub<\/title>\n<meta name=\"robots\" content=\"index, follow, max-snippet:-1, max-image-preview:large, max-video-preview:-1\" \/>\n<link rel=\"canonical\" href=\"https:\/\/www.planhub.ca\/blog\/fr\/le-galaxy-s23-sera-devoile-debut-fevrier\/\" \/>\n<meta property=\"og:locale\" content=\"fr_CA\" \/>\n<meta property=\"og:type\" content=\"article\" \/>\n<meta property=\"og:title\" content=\"Le Galaxy S23 sera d\u00e9voil\u00e9 d\u00e9but f\u00e9vrier | PlanHub\" \/>\n<meta property=\"og:description\" content=\"Bien d\u00e9cid\u00e9 \u00e0 effacer les d\u00e9fauts des Galaxy S22 \u00e9quip\u00e9s de processeurs Exynos, Samsung pr\u00e9senterait sa nouvelle gamme de Galaxy S23 d\u00e9but f\u00e9vrier. Cr\u00e9dit Image couverture : Samsung Selon le leaker habitu\u00e9 aux r\u00e9v\u00e9lations Ice Universe, Samsung pr\u00e9senterait le Galaxy S23 d\u00e9but f\u00e9vrier 2023. Cette fuite semble correcte, le Galaxy S22 ayant \u00e9t\u00e9 pr\u00e9sent\u00e9 le [&hellip;]\" \/>\n<meta property=\"og:url\" content=\"https:\/\/www.planhub.ca\/blog\/fr\/le-galaxy-s23-sera-devoile-debut-fevrier\/\" \/>\n<meta property=\"og:site_name\" content=\"Le Blogue - Promotions, Guides, Nouvelles et plus!\" \/>\n<meta property=\"article:publisher\" content=\"https:\/\/www.facebook.com\/planhub.ca\" \/>\n<meta property=\"article:published_time\" content=\"2022-12-21T16:46:45+00:00\" \/>\n<meta property=\"og:image\" content=\"https:\/\/www.planhub.ca\/blog\/wp-content\/uploads\/2022\/12\/galaxy-s22-ultra_highlights_kv_img.jpg\" \/>\n\t<meta property=\"og:image:width\" content=\"1167\" \/>\n\t<meta property=\"og:image:height\" content=\"1073\" \/>\n\t<meta property=\"og:image:type\" content=\"image\/jpeg\" \/>\n<meta name=\"author\" content=\"Alexis Le Marec\" \/>\n<meta name=\"twitter:card\" content=\"summary_large_image\" \/>\n<meta name=\"twitter:creator\" content=\"@https:\/\/x.com\/AlexisLeMarec\" \/>\n<meta name=\"twitter:site\" content=\"@PlanHub_ca\" \/>\n<meta name=\"twitter:label1\" content=\"\u00c9crit par\" \/>\n\t<meta name=\"twitter:data1\" content=\"Alexis Le Marec\" \/>\n\t<meta name=\"twitter:label2\" content=\"Estimation du temps de lecture\" \/>\n\t<meta name=\"twitter:data2\" content=\"2 minutes\" \/>\n<script type=\"application\/ld+json\" class=\"yoast-schema-graph\">{\"@context\":\"https:\\\/\\\/schema.org\",\"@graph\":[{\"@type\":\"Article\",\"@id\":\"https:\\\/\\\/www.planhub.ca\\\/blog\\\/fr\\\/le-galaxy-s23-sera-devoile-debut-fevrier\\\/#article\",\"isPartOf\":{\"@id\":\"https:\\\/\\\/www.planhub.ca\\\/blog\\\/fr\\\/le-galaxy-s23-sera-devoile-debut-fevrier\\\/\"},\"author\":{\"name\":\"Alexis Le Marec\",\"@id\":\"https:\\\/\\\/www.planhub.ca\\\/blog\\\/fr\\\/#\\\/schema\\\/person\\\/17e57e2222f72d0f916172351a8093e1\"},\"headline\":\"Le Galaxy S23 sera d\u00e9voil\u00e9 d\u00e9but f\u00e9vrier\",\"datePublished\":\"2022-12-21T16:46:45+00:00\",\"mainEntityOfPage\":{\"@id\":\"https:\\\/\\\/www.planhub.ca\\\/blog\\\/fr\\\/le-galaxy-s23-sera-devoile-debut-fevrier\\\/\"},\"wordCount\":360,\"commentCount\":0,\"publisher\":{\"@id\":\"https:\\\/\\\/www.planhub.ca\\\/blog\\\/fr\\\/#organization\"},\"image\":{\"@id\":\"https:\\\/\\\/www.planhub.ca\\\/blog\\\/fr\\\/le-galaxy-s23-sera-devoile-debut-fevrier\\\/#primaryimage\"},\"thumbnailUrl\":\"https:\\\/\\\/www.planhub.ca\\\/blog\\\/wp-content\\\/uploads\\\/2022\\\/12\\\/galaxy-s22-ultra_highlights_kv_img.jpg\",\"articleSection\":[\"Nouvelles\",\"T\u00e9l\u00e9phone Mobile\"],\"inLanguage\":\"fr-CA\",\"potentialAction\":[{\"@type\":\"CommentAction\",\"name\":\"Comment\",\"target\":[\"https:\\\/\\\/www.planhub.ca\\\/blog\\\/fr\\\/le-galaxy-s23-sera-devoile-debut-fevrier\\\/#respond\"]}]},{\"@type\":\"WebPage\",\"@id\":\"https:\\\/\\\/www.planhub.ca\\\/blog\\\/fr\\\/le-galaxy-s23-sera-devoile-debut-fevrier\\\/\",\"url\":\"https:\\\/\\\/www.planhub.ca\\\/blog\\\/fr\\\/le-galaxy-s23-sera-devoile-debut-fevrier\\\/\",\"name\":\"Le Galaxy S23 sera d\u00e9voil\u00e9 d\u00e9but f\u00e9vrier | PlanHub\",\"isPartOf\":{\"@id\":\"https:\\\/\\\/www.planhub.ca\\\/blog\\\/fr\\\/#website\"},\"primaryImageOfPage\":{\"@id\":\"https:\\\/\\\/www.planhub.ca\\\/blog\\\/fr\\\/le-galaxy-s23-sera-devoile-debut-fevrier\\\/#primaryimage\"},\"image\":{\"@id\":\"https:\\\/\\\/www.planhub.ca\\\/blog\\\/fr\\\/le-galaxy-s23-sera-devoile-debut-fevrier\\\/#primaryimage\"},\"thumbnailUrl\":\"https:\\\/\\\/www.planhub.ca\\\/blog\\\/wp-content\\\/uploads\\\/2022\\\/12\\\/galaxy-s22-ultra_highlights_kv_img.jpg\",\"datePublished\":\"2022-12-21T16:46:45+00:00\",\"breadcrumb\":{\"@id\":\"https:\\\/\\\/www.planhub.ca\\\/blog\\\/fr\\\/le-galaxy-s23-sera-devoile-debut-fevrier\\\/#breadcrumb\"},\"inLanguage\":\"fr-CA\",\"potentialAction\":[{\"@type\":\"ReadAction\",\"target\":[\"https:\\\/\\\/www.planhub.ca\\\/blog\\\/fr\\\/le-galaxy-s23-sera-devoile-debut-fevrier\\\/\"]}]},{\"@type\":\"ImageObject\",\"inLanguage\":\"fr-CA\",\"@id\":\"https:\\\/\\\/www.planhub.ca\\\/blog\\\/fr\\\/le-galaxy-s23-sera-devoile-debut-fevrier\\\/#primaryimage\",\"url\":\"https:\\\/\\\/www.planhub.ca\\\/blog\\\/wp-content\\\/uploads\\\/2022\\\/12\\\/galaxy-s22-ultra_highlights_kv_img.jpg\",\"contentUrl\":\"https:\\\/\\\/www.planhub.ca\\\/blog\\\/wp-content\\\/uploads\\\/2022\\\/12\\\/galaxy-s22-ultra_highlights_kv_img.jpg\",\"width\":1167,\"height\":1073},{\"@type\":\"BreadcrumbList\",\"@id\":\"https:\\\/\\\/www.planhub.ca\\\/blog\\\/fr\\\/le-galaxy-s23-sera-devoile-debut-fevrier\\\/#breadcrumb\",\"itemListElement\":[{\"@type\":\"ListItem\",\"position\":1,\"name\":\"Home\",\"item\":\"https:\\\/\\\/www.planhub.ca\\\/blog\\\/fr\\\/\"},{\"@type\":\"ListItem\",\"position\":2,\"name\":\"T\u00e9l\u00e9phone Mobile\",\"item\":\"https:\\\/\\\/www.planhub.ca\\\/blog\\\/fr\\\/category\\\/mobile-phone-fr\\\/\"},{\"@type\":\"ListItem\",\"position\":3,\"name\":\"Le Galaxy S23 sera d\u00e9voil\u00e9 d\u00e9but f\u00e9vrier\"}]},{\"@type\":\"WebSite\",\"@id\":\"https:\\\/\\\/www.planhub.ca\\\/blog\\\/fr\\\/#website\",\"url\":\"https:\\\/\\\/www.planhub.ca\\\/blog\\\/fr\\\/\",\"name\":\"PlanHub.ca The Blog - Promotions, Guides, News and more!\",\"description\":\"PlanHub\",\"publisher\":{\"@id\":\"https:\\\/\\\/www.planhub.ca\\\/blog\\\/fr\\\/#organization\"},\"alternateName\":\"PlanHub.ca The Blog\",\"potentialAction\":[{\"@type\":\"SearchAction\",\"target\":{\"@type\":\"EntryPoint\",\"urlTemplate\":\"https:\\\/\\\/www.planhub.ca\\\/blog\\\/fr\\\/?s={search_term_string}\"},\"query-input\":{\"@type\":\"PropertyValueSpecification\",\"valueRequired\":true,\"valueName\":\"search_term_string\"}}],\"inLanguage\":\"fr-CA\"},{\"@type\":\"Organization\",\"@id\":\"https:\\\/\\\/www.planhub.ca\\\/blog\\\/fr\\\/#organization\",\"name\":\"PlanHub.ca\",\"alternateName\":\"PlanHub.ca\",\"url\":\"https:\\\/\\\/www.planhub.ca\\\/blog\\\/fr\\\/\",\"logo\":{\"@type\":\"ImageObject\",\"inLanguage\":\"fr-CA\",\"@id\":\"https:\\\/\\\/www.planhub.ca\\\/blog\\\/fr\\\/#\\\/schema\\\/logo\\\/image\\\/\",\"url\":\"https:\\\/\\\/www.planhub.ca\\\/blog\\\/wp-content\\\/uploads\\\/2024\\\/04\\\/logo_planhub_horizontal_vert-2-2.png\",\"contentUrl\":\"https:\\\/\\\/www.planhub.ca\\\/blog\\\/wp-content\\\/uploads\\\/2024\\\/04\\\/logo_planhub_horizontal_vert-2-2.png\",\"width\":900,\"height\":360,\"caption\":\"PlanHub.ca\"},\"image\":{\"@id\":\"https:\\\/\\\/www.planhub.ca\\\/blog\\\/fr\\\/#\\\/schema\\\/logo\\\/image\\\/\"},\"sameAs\":[\"https:\\\/\\\/www.facebook.com\\\/planhub.ca\",\"https:\\\/\\\/x.com\\\/PlanHub_ca\",\"https:\\\/\\\/ca.linkedin.com\\\/company\\\/planhub-ca\"]},{\"@type\":\"Person\",\"@id\":\"https:\\\/\\\/www.planhub.ca\\\/blog\\\/fr\\\/#\\\/schema\\\/person\\\/17e57e2222f72d0f916172351a8093e1\",\"name\":\"Alexis Le Marec\",\"image\":{\"@type\":\"ImageObject\",\"inLanguage\":\"fr-CA\",\"@id\":\"https:\\\/\\\/secure.gravatar.com\\\/avatar\\\/1c9a710d21feab61eba747243d26a82a0fddf6b0a53fa400eb07c40bb1b60b82?s=96&d=blank&r=g\",\"url\":\"https:\\\/\\\/secure.gravatar.com\\\/avatar\\\/1c9a710d21feab61eba747243d26a82a0fddf6b0a53fa400eb07c40bb1b60b82?s=96&d=blank&r=g\",\"contentUrl\":\"https:\\\/\\\/secure.gravatar.com\\\/avatar\\\/1c9a710d21feab61eba747243d26a82a0fddf6b0a53fa400eb07c40bb1b60b82?s=96&d=blank&r=g\",\"caption\":\"Alexis Le Marec\"},\"description\":\"As an avid user of social media and online applications, Alexis shares her expertise on how technology influences our social interactions and our daily lives. His practical advice will help you navigate the connected world with ease.\",\"sameAs\":[\"https:\\\/\\\/x.com\\\/AlexisLeMarec\",\"https:\\\/\\\/x.com\\\/https:\\\/\\\/x.com\\\/AlexisLeMarec\"],\"url\":\"https:\\\/\\\/www.planhub.ca\\\/blog\\\/fr\\\/author\\\/alexis\\\/\"}]}<\/script>\n<!-- \/ Yoast SEO plugin. -->","yoast_head_json":{"title":"Le Galaxy S23 sera d\u00e9voil\u00e9 d\u00e9but f\u00e9vrier | PlanHub","robots":{"index":"index","follow":"follow","max-snippet":"max-snippet:-1","max-image-preview":"max-image-preview:large","max-video-preview":"max-video-preview:-1"},"canonical":"https:\/\/www.planhub.ca\/blog\/fr\/le-galaxy-s23-sera-devoile-debut-fevrier\/","og_locale":"fr_CA","og_type":"article","og_title":"Le Galaxy S23 sera d\u00e9voil\u00e9 d\u00e9but f\u00e9vrier | PlanHub","og_description":"Bien d\u00e9cid\u00e9 \u00e0 effacer les d\u00e9fauts des Galaxy S22 \u00e9quip\u00e9s de processeurs Exynos, Samsung pr\u00e9senterait sa nouvelle gamme de Galaxy S23 d\u00e9but f\u00e9vrier. Cr\u00e9dit Image couverture : Samsung Selon le leaker habitu\u00e9 aux r\u00e9v\u00e9lations Ice Universe, Samsung pr\u00e9senterait le Galaxy S23 d\u00e9but f\u00e9vrier 2023. Cette fuite semble correcte, le Galaxy S22 ayant \u00e9t\u00e9 pr\u00e9sent\u00e9 le [&hellip;]","og_url":"https:\/\/www.planhub.ca\/blog\/fr\/le-galaxy-s23-sera-devoile-debut-fevrier\/","og_site_name":"Le Blogue - Promotions, Guides, Nouvelles et plus!","article_publisher":"https:\/\/www.facebook.com\/planhub.ca","article_published_time":"2022-12-21T16:46:45+00:00","og_image":[{"width":1167,"height":1073,"url":"https:\/\/www.planhub.ca\/blog\/wp-content\/uploads\/2022\/12\/galaxy-s22-ultra_highlights_kv_img.jpg","type":"image\/jpeg"}],"author":"Alexis Le Marec","twitter_card":"summary_large_image","twitter_creator":"@https:\/\/x.com\/AlexisLeMarec","twitter_site":"@PlanHub_ca","twitter_misc":{"\u00c9crit par":"Alexis Le Marec","Estimation du temps de lecture":"2 minutes"},"schema":{"@context":"https:\/\/schema.org","@graph":[{"@type":"Article","@id":"https:\/\/www.planhub.ca\/blog\/fr\/le-galaxy-s23-sera-devoile-debut-fevrier\/#article","isPartOf":{"@id":"https:\/\/www.planhub.ca\/blog\/fr\/le-galaxy-s23-sera-devoile-debut-fevrier\/"},"author":{"name":"Alexis Le Marec","@id":"https:\/\/www.planhub.ca\/blog\/fr\/#\/schema\/person\/17e57e2222f72d0f916172351a8093e1"},"headline":"Le Galaxy S23 sera d\u00e9voil\u00e9 d\u00e9but f\u00e9vrier","datePublished":"2022-12-21T16:46:45+00:00","mainEntityOfPage":{"@id":"https:\/\/www.planhub.ca\/blog\/fr\/le-galaxy-s23-sera-devoile-debut-fevrier\/"},"wordCount":360,"commentCount":0,"publisher":{"@id":"https:\/\/www.planhub.ca\/blog\/fr\/#organization"},"image":{"@id":"https:\/\/www.planhub.ca\/blog\/fr\/le-galaxy-s23-sera-devoile-debut-fevrier\/#primaryimage"},"thumbnailUrl":"https:\/\/www.planhub.ca\/blog\/wp-content\/uploads\/2022\/12\/galaxy-s22-ultra_highlights_kv_img.jpg","articleSection":["Nouvelles","T\u00e9l\u00e9phone Mobile"],"inLanguage":"fr-CA","potentialAction":[{"@type":"CommentAction","name":"Comment","target":["https:\/\/www.planhub.ca\/blog\/fr\/le-galaxy-s23-sera-devoile-debut-fevrier\/#respond"]}]},{"@type":"WebPage","@id":"https:\/\/www.planhub.ca\/blog\/fr\/le-galaxy-s23-sera-devoile-debut-fevrier\/","url":"https:\/\/www.planhub.ca\/blog\/fr\/le-galaxy-s23-sera-devoile-debut-fevrier\/","name":"Le Galaxy S23 sera d\u00e9voil\u00e9 d\u00e9but f\u00e9vrier | PlanHub","isPartOf":{"@id":"https:\/\/www.planhub.ca\/blog\/fr\/#website"},"primaryImageOfPage":{"@id":"https:\/\/www.planhub.ca\/blog\/fr\/le-galaxy-s23-sera-devoile-debut-fevrier\/#primaryimage"},"image":{"@id":"https:\/\/www.planhub.ca\/blog\/fr\/le-galaxy-s23-sera-devoile-debut-fevrier\/#primaryimage"},"thumbnailUrl":"https:\/\/www.planhub.ca\/blog\/wp-content\/uploads\/2022\/12\/galaxy-s22-ultra_highlights_kv_img.jpg","datePublished":"2022-12-21T16:46:45+00:00","breadcrumb":{"@id":"https:\/\/www.planhub.ca\/blog\/fr\/le-galaxy-s23-sera-devoile-debut-fevrier\/#breadcrumb"},"inLanguage":"fr-CA","potentialAction":[{"@type":"ReadAction","target":["https:\/\/www.planhub.ca\/blog\/fr\/le-galaxy-s23-sera-devoile-debut-fevrier\/"]}]},{"@type":"ImageObject","inLanguage":"fr-CA","@id":"https:\/\/www.planhub.ca\/blog\/fr\/le-galaxy-s23-sera-devoile-debut-fevrier\/#primaryimage","url":"https:\/\/www.planhub.ca\/blog\/wp-content\/uploads\/2022\/12\/galaxy-s22-ultra_highlights_kv_img.jpg","contentUrl":"https:\/\/www.planhub.ca\/blog\/wp-content\/uploads\/2022\/12\/galaxy-s22-ultra_highlights_kv_img.jpg","width":1167,"height":1073},{"@type":"BreadcrumbList","@id":"https:\/\/www.planhub.ca\/blog\/fr\/le-galaxy-s23-sera-devoile-debut-fevrier\/#breadcrumb","itemListElement":[{"@type":"ListItem","position":1,"name":"Home","item":"https:\/\/www.planhub.ca\/blog\/fr\/"},{"@type":"ListItem","position":2,"name":"T\u00e9l\u00e9phone Mobile","item":"https:\/\/www.planhub.ca\/blog\/fr\/category\/mobile-phone-fr\/"},{"@type":"ListItem","position":3,"name":"Le Galaxy S23 sera d\u00e9voil\u00e9 d\u00e9but f\u00e9vrier"}]},{"@type":"WebSite","@id":"https:\/\/www.planhub.ca\/blog\/fr\/#website","url":"https:\/\/www.planhub.ca\/blog\/fr\/","name":"PlanHub.ca The Blog - Promotions, Guides, News and more!","description":"PlanHub","publisher":{"@id":"https:\/\/www.planhub.ca\/blog\/fr\/#organization"},"alternateName":"PlanHub.ca The Blog","potentialAction":[{"@type":"SearchAction","target":{"@type":"EntryPoint","urlTemplate":"https:\/\/www.planhub.ca\/blog\/fr\/?s={search_term_string}"},"query-input":{"@type":"PropertyValueSpecification","valueRequired":true,"valueName":"search_term_string"}}],"inLanguage":"fr-CA"},{"@type":"Organization","@id":"https:\/\/www.planhub.ca\/blog\/fr\/#organization","name":"PlanHub.ca","alternateName":"PlanHub.ca","url":"https:\/\/www.planhub.ca\/blog\/fr\/","logo":{"@type":"ImageObject","inLanguage":"fr-CA","@id":"https:\/\/www.planhub.ca\/blog\/fr\/#\/schema\/logo\/image\/","url":"https:\/\/www.planhub.ca\/blog\/wp-content\/uploads\/2024\/04\/logo_planhub_horizontal_vert-2-2.png","contentUrl":"https:\/\/www.planhub.ca\/blog\/wp-content\/uploads\/2024\/04\/logo_planhub_horizontal_vert-2-2.png","width":900,"height":360,"caption":"PlanHub.ca"},"image":{"@id":"https:\/\/www.planhub.ca\/blog\/fr\/#\/schema\/logo\/image\/"},"sameAs":["https:\/\/www.facebook.com\/planhub.ca","https:\/\/x.com\/PlanHub_ca","https:\/\/ca.linkedin.com\/company\/planhub-ca"]},{"@type":"Person","@id":"https:\/\/www.planhub.ca\/blog\/fr\/#\/schema\/person\/17e57e2222f72d0f916172351a8093e1","name":"Alexis Le Marec","image":{"@type":"ImageObject","inLanguage":"fr-CA","@id":"https:\/\/secure.gravatar.com\/avatar\/1c9a710d21feab61eba747243d26a82a0fddf6b0a53fa400eb07c40bb1b60b82?s=96&d=blank&r=g","url":"https:\/\/secure.gravatar.com\/avatar\/1c9a710d21feab61eba747243d26a82a0fddf6b0a53fa400eb07c40bb1b60b82?s=96&d=blank&r=g","contentUrl":"https:\/\/secure.gravatar.com\/avatar\/1c9a710d21feab61eba747243d26a82a0fddf6b0a53fa400eb07c40bb1b60b82?s=96&d=blank&r=g","caption":"Alexis Le Marec"},"description":"As an avid user of social media and online applications, Alexis shares her expertise on how technology influences our social interactions and our daily lives. His practical advice will help you navigate the connected world with ease.","sameAs":["https:\/\/x.com\/AlexisLeMarec","https:\/\/x.com\/https:\/\/x.com\/AlexisLeMarec"],"url":"https:\/\/www.planhub.ca\/blog\/fr\/author\/alexis\/"}]}},"_links":{"self":[{"href":"https:\/\/www.planhub.ca\/blog\/fr\/wp-json\/wp\/v2\/posts\/10265","targetHints":{"allow":["GET"]}}],"collection":[{"href":"https:\/\/www.planhub.ca\/blog\/fr\/wp-json\/wp\/v2\/posts"}],"about":[{"href":"https:\/\/www.planhub.ca\/blog\/fr\/wp-json\/wp\/v2\/types\/post"}],"author":[{"embeddable":true,"href":"https:\/\/www.planhub.ca\/blog\/fr\/wp-json\/wp\/v2\/users\/32"}],"replies":[{"embeddable":true,"href":"https:\/\/www.planhub.ca\/blog\/fr\/wp-json\/wp\/v2\/comments?post=10265"}],"version-history":[{"count":1,"href":"https:\/\/www.planhub.ca\/blog\/fr\/wp-json\/wp\/v2\/posts\/10265\/revisions"}],"predecessor-version":[{"id":10268,"href":"https:\/\/www.planhub.ca\/blog\/fr\/wp-json\/wp\/v2\/posts\/10265\/revisions\/10268"}],"wp:featuredmedia":[{"embeddable":true,"href":"https:\/\/www.planhub.ca\/blog\/fr\/wp-json\/wp\/v2\/media\/10165"}],"wp:attachment":[{"href":"https:\/\/www.planhub.ca\/blog\/fr\/wp-json\/wp\/v2\/media?parent=10265"}],"wp:term":[{"taxonomy":"category","embeddable":true,"href":"https:\/\/www.planhub.ca\/blog\/fr\/wp-json\/wp\/v2\/categories?post=10265"},{"taxonomy":"post_tag","embeddable":true,"href":"https:\/\/www.planhub.ca\/blog\/fr\/wp-json\/wp\/v2\/tags?post=10265"}],"curies":[{"name":"wp","href":"https:\/\/api.w.org\/{rel}","templated":true}]}}