{"id":10421,"date":"2023-01-03T15:55:14","date_gmt":"2023-01-03T15:55:14","guid":{"rendered":"https:\/\/www.planhub.ca\/blog\/?p=10421"},"modified":"2023-01-03T15:55:14","modified_gmt":"2023-01-03T15:55:14","slug":"rogers-achete-shaw-pour-148-milliards","status":"publish","type":"post","link":"https:\/\/www.planhub.ca\/blog\/fr\/rogers-achete-shaw-pour-148-milliards\/","title":{"rendered":"Rogers ach\u00e8te Shaw pour 14,8 milliards"},"content":{"rendered":"<p><strong>Apr\u00e8s 7 mois de proc\u00e8s, le rachat de Shaw a enfin \u00e9t\u00e9 approuv\u00e9, mais le combat continue pour les opposants.<\/strong><\/p>\n<p><strong>Cr\u00e9dit Image : PlanHub<\/strong><\/p>\n<p>C\u2019est officiel, le rachat de Shaw par Rogers a \u00e9t\u00e9 approuv\u00e9 par la FTC qui n\u2019a pu d\u00e9montrer le monopole d\u00e9coulant de cette acquisition. Les effets de cette annonce se sont tout de suite fait sentir du c\u00f4t\u00e9 de la bourse o\u00f9 l\u2019action de Shaw a pris 9% contre 6% pour Rogers.<\/p>\n<p>Il aura fallu 7 longs mois pour que ce rachat se concr\u00e9tise. Le mariage d\u2019un g\u00e9ant comme Rogers et d\u2019un op\u00e9rateur de l\u2019importance de Shaw a rapidement inqui\u00e9t\u00e9 la concurrence \u00e0 commencer par Vid\u00e9otron qui a multipli\u00e9 les plaintes et port\u00e9 le dossier devant la FTC pour antitrust. Finalement, les actions de Vid\u00e9otron n\u2019auront au mieux que retard\u00e9 cette acquisition qui permet \u00e0 Rogers de se renforcer sur les abonnements accessibles.<\/p>\n<p>&nbsp;<\/p>\n<p><strong>Un rachat encore sur la sellette\u00a0<\/strong><\/p>\n<p>Rogers reste tout de m\u00eame un acteur dominant au Canada avec plus de 10 millions d\u2019abonnements \u00e0 ses services de t\u00e9l\u00e9phonie mobile, et l\u2019arriv\u00e9e de Shaw devrait renforcer sa position. Cependant, afin d\u2019acheter Shaw, Rogers a d\u00e9j\u00e0 d\u00fb se d\u00e9partir de Freedom Mobile qu\u2019il a revendu \u00e0 Vid\u00e9otron pour la somme de 2.85 milliards.<\/p>\n<p>Malgr\u00e9 cette victoire de Rogers, le commissaire de la concurrence Matthew Boswell reste oppos\u00e9 \u00e0 l\u2019acquisition et envisage d\u00e9j\u00e0 ses prochaines d\u00e9marches. Il faut dire que m\u00eame si la FTC a enfin donn\u00e9 son accord, l\u2019approbation finale reste entre les mains du gouvernement et plus particuli\u00e8rement du premier ministre Justin Trudeau. Le gouvernement devrait se pencher sur la question d\u00e9but 2023.<\/p>\n","protected":false},"excerpt":{"rendered":"<p>Apr\u00e8s 7 mois de proc\u00e8s, le rachat de Shaw a enfin \u00e9t\u00e9 approuv\u00e9, mais le combat continue pour les opposants. Cr\u00e9dit Image : PlanHub C\u2019est officiel, le rachat de Shaw par Rogers a \u00e9t\u00e9 approuv\u00e9 par la FTC qui n\u2019a pu d\u00e9montrer le monopole d\u00e9coulant de cette acquisition. Les effets de cette annonce se sont [&hellip;]<\/p>\n","protected":false},"author":32,"featured_media":2359,"comment_status":"open","ping_status":"closed","sticky":false,"template":"","format":"standard","meta":{"_acf_changed":false,"footnotes":""},"categories":[842,817],"tags":[],"class_list":["post-10421","post","type-post","status-publish","format-standard","has-post-thumbnail","hentry","category-telecom-news-fr","category-telecom-fr"],"acf":[],"yoast_head":"<!-- This site is optimized with the Yoast SEO plugin v28.3 - https:\/\/yoast.com\/product\/yoast-seo-wordpress\/ -->\n<title>Rogers ach\u00e8te Shaw pour 14,8 milliards | PlanHub.ca<\/title>\n<meta name=\"description\" content=\"C\u2019est officiel, le rachat de Shaw par Rogers a \u00e9t\u00e9 approuv\u00e9 par la FTC qui n\u2019a pu d\u00e9montrer le monopole d\u00e9coulant de cette acquisition. Les effets de cette annonce se sont tout de suite fait sentir du c\u00f4t\u00e9 de la bourse o\u00f9 l\u2019action de Shaw a pris 9% contre 6% pour Rogers.\" \/>\n<meta name=\"robots\" content=\"index, follow, max-snippet:-1, max-image-preview:large, max-video-preview:-1\" \/>\n<link rel=\"canonical\" href=\"https:\/\/www.planhub.ca\/blog\/fr\/rogers-achete-shaw-pour-148-milliards\/\" \/>\n<meta property=\"og:locale\" content=\"fr_CA\" \/>\n<meta property=\"og:type\" content=\"article\" \/>\n<meta property=\"og:title\" content=\"Rogers ach\u00e8te Shaw pour 14,8 milliards | PlanHub.ca\" \/>\n<meta property=\"og:description\" content=\"C\u2019est officiel, le rachat de Shaw par Rogers a \u00e9t\u00e9 approuv\u00e9 par la FTC qui n\u2019a pu d\u00e9montrer le monopole d\u00e9coulant de cette acquisition. Les effets de cette annonce se sont tout de suite fait sentir du c\u00f4t\u00e9 de la bourse o\u00f9 l\u2019action de Shaw a pris 9% contre 6% pour Rogers.\" \/>\n<meta property=\"og:url\" content=\"https:\/\/www.planhub.ca\/blog\/fr\/rogers-achete-shaw-pour-148-milliards\/\" \/>\n<meta property=\"og:site_name\" content=\"Le Blogue - Promotions, Guides, Nouvelles et plus!\" \/>\n<meta property=\"article:publisher\" content=\"https:\/\/www.facebook.com\/planhub.ca\" \/>\n<meta property=\"article:published_time\" content=\"2023-01-03T15:55:14+00:00\" \/>\n<meta property=\"og:image\" content=\"https:\/\/www.planhub.ca\/blog\/wp-content\/uploads\/2019\/06\/rogers-cover.jpg\" \/>\n\t<meta property=\"og:image:width\" content=\"900\" \/>\n\t<meta property=\"og:image:height\" content=\"330\" \/>\n\t<meta property=\"og:image:type\" content=\"image\/jpeg\" \/>\n<meta name=\"author\" content=\"Alexis Le Marec\" \/>\n<meta name=\"twitter:card\" content=\"summary_large_image\" \/>\n<meta name=\"twitter:creator\" content=\"@https:\/\/x.com\/AlexisLeMarec\" \/>\n<meta name=\"twitter:site\" content=\"@PlanHub_ca\" \/>\n<meta name=\"twitter:label1\" content=\"\u00c9crit par\" \/>\n\t<meta name=\"twitter:data1\" content=\"Alexis Le Marec\" \/>\n\t<meta name=\"twitter:label2\" content=\"Estimation du temps de lecture\" \/>\n\t<meta name=\"twitter:data2\" content=\"1 minute\" \/>\n<script type=\"application\/ld+json\" class=\"yoast-schema-graph\">{\"@context\":\"https:\\\/\\\/schema.org\",\"@graph\":[{\"@type\":\"Article\",\"@id\":\"https:\\\/\\\/www.planhub.ca\\\/blog\\\/fr\\\/rogers-achete-shaw-pour-148-milliards\\\/#article\",\"isPartOf\":{\"@id\":\"https:\\\/\\\/www.planhub.ca\\\/blog\\\/fr\\\/rogers-achete-shaw-pour-148-milliards\\\/\"},\"author\":{\"name\":\"Alexis Le Marec\",\"@id\":\"https:\\\/\\\/www.planhub.ca\\\/blog\\\/fr\\\/#\\\/schema\\\/person\\\/17e57e2222f72d0f916172351a8093e1\"},\"headline\":\"Rogers ach\u00e8te Shaw pour 14,8 milliards\",\"datePublished\":\"2023-01-03T15:55:14+00:00\",\"mainEntityOfPage\":{\"@id\":\"https:\\\/\\\/www.planhub.ca\\\/blog\\\/fr\\\/rogers-achete-shaw-pour-148-milliards\\\/\"},\"wordCount\":299,\"commentCount\":0,\"publisher\":{\"@id\":\"https:\\\/\\\/www.planhub.ca\\\/blog\\\/fr\\\/#organization\"},\"image\":{\"@id\":\"https:\\\/\\\/www.planhub.ca\\\/blog\\\/fr\\\/rogers-achete-shaw-pour-148-milliards\\\/#primaryimage\"},\"thumbnailUrl\":\"https:\\\/\\\/www.planhub.ca\\\/blog\\\/wp-content\\\/uploads\\\/2019\\\/06\\\/rogers-cover.jpg\",\"articleSection\":[\"Nouvelles\",\"T\u00e9l\u00e9communications\"],\"inLanguage\":\"fr-CA\",\"potentialAction\":[{\"@type\":\"CommentAction\",\"name\":\"Comment\",\"target\":[\"https:\\\/\\\/www.planhub.ca\\\/blog\\\/fr\\\/rogers-achete-shaw-pour-148-milliards\\\/#respond\"]}]},{\"@type\":\"WebPage\",\"@id\":\"https:\\\/\\\/www.planhub.ca\\\/blog\\\/fr\\\/rogers-achete-shaw-pour-148-milliards\\\/\",\"url\":\"https:\\\/\\\/www.planhub.ca\\\/blog\\\/fr\\\/rogers-achete-shaw-pour-148-milliards\\\/\",\"name\":\"Rogers ach\u00e8te Shaw pour 14,8 milliards | PlanHub.ca\",\"isPartOf\":{\"@id\":\"https:\\\/\\\/www.planhub.ca\\\/blog\\\/fr\\\/#website\"},\"primaryImageOfPage\":{\"@id\":\"https:\\\/\\\/www.planhub.ca\\\/blog\\\/fr\\\/rogers-achete-shaw-pour-148-milliards\\\/#primaryimage\"},\"image\":{\"@id\":\"https:\\\/\\\/www.planhub.ca\\\/blog\\\/fr\\\/rogers-achete-shaw-pour-148-milliards\\\/#primaryimage\"},\"thumbnailUrl\":\"https:\\\/\\\/www.planhub.ca\\\/blog\\\/wp-content\\\/uploads\\\/2019\\\/06\\\/rogers-cover.jpg\",\"datePublished\":\"2023-01-03T15:55:14+00:00\",\"description\":\"C\u2019est officiel, le rachat de Shaw par Rogers a \u00e9t\u00e9 approuv\u00e9 par la FTC qui n\u2019a pu d\u00e9montrer le monopole d\u00e9coulant de cette acquisition. Les effets de cette annonce se sont tout de suite fait sentir du c\u00f4t\u00e9 de la bourse o\u00f9 l\u2019action de Shaw a pris 9% contre 6% pour Rogers.\",\"breadcrumb\":{\"@id\":\"https:\\\/\\\/www.planhub.ca\\\/blog\\\/fr\\\/rogers-achete-shaw-pour-148-milliards\\\/#breadcrumb\"},\"inLanguage\":\"fr-CA\",\"potentialAction\":[{\"@type\":\"ReadAction\",\"target\":[\"https:\\\/\\\/www.planhub.ca\\\/blog\\\/fr\\\/rogers-achete-shaw-pour-148-milliards\\\/\"]}]},{\"@type\":\"ImageObject\",\"inLanguage\":\"fr-CA\",\"@id\":\"https:\\\/\\\/www.planhub.ca\\\/blog\\\/fr\\\/rogers-achete-shaw-pour-148-milliards\\\/#primaryimage\",\"url\":\"https:\\\/\\\/www.planhub.ca\\\/blog\\\/wp-content\\\/uploads\\\/2019\\\/06\\\/rogers-cover.jpg\",\"contentUrl\":\"https:\\\/\\\/www.planhub.ca\\\/blog\\\/wp-content\\\/uploads\\\/2019\\\/06\\\/rogers-cover.jpg\",\"width\":900,\"height\":330,\"caption\":\"rogers\"},{\"@type\":\"BreadcrumbList\",\"@id\":\"https:\\\/\\\/www.planhub.ca\\\/blog\\\/fr\\\/rogers-achete-shaw-pour-148-milliards\\\/#breadcrumb\",\"itemListElement\":[{\"@type\":\"ListItem\",\"position\":1,\"name\":\"Home\",\"item\":\"https:\\\/\\\/www.planhub.ca\\\/blog\\\/fr\\\/\"},{\"@type\":\"ListItem\",\"position\":2,\"name\":\"T\u00e9l\u00e9communications\",\"item\":\"https:\\\/\\\/www.planhub.ca\\\/blog\\\/fr\\\/category\\\/telecom-fr\\\/\"},{\"@type\":\"ListItem\",\"position\":3,\"name\":\"Rogers ach\u00e8te Shaw pour 14,8 milliards\"}]},{\"@type\":\"WebSite\",\"@id\":\"https:\\\/\\\/www.planhub.ca\\\/blog\\\/fr\\\/#website\",\"url\":\"https:\\\/\\\/www.planhub.ca\\\/blog\\\/fr\\\/\",\"name\":\"PlanHub.ca The Blog - Promotions, Guides, News and more!\",\"description\":\"PlanHub\",\"publisher\":{\"@id\":\"https:\\\/\\\/www.planhub.ca\\\/blog\\\/fr\\\/#organization\"},\"alternateName\":\"PlanHub.ca The Blog\",\"potentialAction\":[{\"@type\":\"SearchAction\",\"target\":{\"@type\":\"EntryPoint\",\"urlTemplate\":\"https:\\\/\\\/www.planhub.ca\\\/blog\\\/fr\\\/?s={search_term_string}\"},\"query-input\":{\"@type\":\"PropertyValueSpecification\",\"valueRequired\":true,\"valueName\":\"search_term_string\"}}],\"inLanguage\":\"fr-CA\"},{\"@type\":\"Organization\",\"@id\":\"https:\\\/\\\/www.planhub.ca\\\/blog\\\/fr\\\/#organization\",\"name\":\"PlanHub.ca\",\"alternateName\":\"PlanHub.ca\",\"url\":\"https:\\\/\\\/www.planhub.ca\\\/blog\\\/fr\\\/\",\"logo\":{\"@type\":\"ImageObject\",\"inLanguage\":\"fr-CA\",\"@id\":\"https:\\\/\\\/www.planhub.ca\\\/blog\\\/fr\\\/#\\\/schema\\\/logo\\\/image\\\/\",\"url\":\"https:\\\/\\\/www.planhub.ca\\\/blog\\\/wp-content\\\/uploads\\\/2024\\\/04\\\/logo_planhub_horizontal_vert-2-2.png\",\"contentUrl\":\"https:\\\/\\\/www.planhub.ca\\\/blog\\\/wp-content\\\/uploads\\\/2024\\\/04\\\/logo_planhub_horizontal_vert-2-2.png\",\"width\":900,\"height\":360,\"caption\":\"PlanHub.ca\"},\"image\":{\"@id\":\"https:\\\/\\\/www.planhub.ca\\\/blog\\\/fr\\\/#\\\/schema\\\/logo\\\/image\\\/\"},\"sameAs\":[\"https:\\\/\\\/www.facebook.com\\\/planhub.ca\",\"https:\\\/\\\/x.com\\\/PlanHub_ca\",\"https:\\\/\\\/ca.linkedin.com\\\/company\\\/planhub-ca\"]},{\"@type\":\"Person\",\"@id\":\"https:\\\/\\\/www.planhub.ca\\\/blog\\\/fr\\\/#\\\/schema\\\/person\\\/17e57e2222f72d0f916172351a8093e1\",\"name\":\"Alexis Le Marec\",\"image\":{\"@type\":\"ImageObject\",\"inLanguage\":\"fr-CA\",\"@id\":\"https:\\\/\\\/secure.gravatar.com\\\/avatar\\\/1c9a710d21feab61eba747243d26a82a0fddf6b0a53fa400eb07c40bb1b60b82?s=96&d=blank&r=g\",\"url\":\"https:\\\/\\\/secure.gravatar.com\\\/avatar\\\/1c9a710d21feab61eba747243d26a82a0fddf6b0a53fa400eb07c40bb1b60b82?s=96&d=blank&r=g\",\"contentUrl\":\"https:\\\/\\\/secure.gravatar.com\\\/avatar\\\/1c9a710d21feab61eba747243d26a82a0fddf6b0a53fa400eb07c40bb1b60b82?s=96&d=blank&r=g\",\"caption\":\"Alexis Le Marec\"},\"description\":\"As an avid user of social media and online applications, Alexis shares her expertise on how technology influences our social interactions and our daily lives. His practical advice will help you navigate the connected world with ease.\",\"sameAs\":[\"https:\\\/\\\/x.com\\\/AlexisLeMarec\",\"https:\\\/\\\/x.com\\\/https:\\\/\\\/x.com\\\/AlexisLeMarec\"],\"url\":\"https:\\\/\\\/www.planhub.ca\\\/blog\\\/fr\\\/author\\\/alexis\\\/\"}]}<\/script>\n<!-- \/ Yoast SEO plugin. -->","yoast_head_json":{"title":"Rogers ach\u00e8te Shaw pour 14,8 milliards | PlanHub.ca","description":"C\u2019est officiel, le rachat de Shaw par Rogers a \u00e9t\u00e9 approuv\u00e9 par la FTC qui n\u2019a pu d\u00e9montrer le monopole d\u00e9coulant de cette acquisition. Les effets de cette annonce se sont tout de suite fait sentir du c\u00f4t\u00e9 de la bourse o\u00f9 l\u2019action de Shaw a pris 9% contre 6% pour Rogers.","robots":{"index":"index","follow":"follow","max-snippet":"max-snippet:-1","max-image-preview":"max-image-preview:large","max-video-preview":"max-video-preview:-1"},"canonical":"https:\/\/www.planhub.ca\/blog\/fr\/rogers-achete-shaw-pour-148-milliards\/","og_locale":"fr_CA","og_type":"article","og_title":"Rogers ach\u00e8te Shaw pour 14,8 milliards | PlanHub.ca","og_description":"C\u2019est officiel, le rachat de Shaw par Rogers a \u00e9t\u00e9 approuv\u00e9 par la FTC qui n\u2019a pu d\u00e9montrer le monopole d\u00e9coulant de cette acquisition. Les effets de cette annonce se sont tout de suite fait sentir du c\u00f4t\u00e9 de la bourse o\u00f9 l\u2019action de Shaw a pris 9% contre 6% pour Rogers.","og_url":"https:\/\/www.planhub.ca\/blog\/fr\/rogers-achete-shaw-pour-148-milliards\/","og_site_name":"Le Blogue - Promotions, Guides, Nouvelles et plus!","article_publisher":"https:\/\/www.facebook.com\/planhub.ca","article_published_time":"2023-01-03T15:55:14+00:00","og_image":[{"width":900,"height":330,"url":"https:\/\/www.planhub.ca\/blog\/wp-content\/uploads\/2019\/06\/rogers-cover.jpg","type":"image\/jpeg"}],"author":"Alexis Le Marec","twitter_card":"summary_large_image","twitter_creator":"@https:\/\/x.com\/AlexisLeMarec","twitter_site":"@PlanHub_ca","twitter_misc":{"\u00c9crit par":"Alexis Le Marec","Estimation du temps de lecture":"1 minute"},"schema":{"@context":"https:\/\/schema.org","@graph":[{"@type":"Article","@id":"https:\/\/www.planhub.ca\/blog\/fr\/rogers-achete-shaw-pour-148-milliards\/#article","isPartOf":{"@id":"https:\/\/www.planhub.ca\/blog\/fr\/rogers-achete-shaw-pour-148-milliards\/"},"author":{"name":"Alexis Le Marec","@id":"https:\/\/www.planhub.ca\/blog\/fr\/#\/schema\/person\/17e57e2222f72d0f916172351a8093e1"},"headline":"Rogers ach\u00e8te Shaw pour 14,8 milliards","datePublished":"2023-01-03T15:55:14+00:00","mainEntityOfPage":{"@id":"https:\/\/www.planhub.ca\/blog\/fr\/rogers-achete-shaw-pour-148-milliards\/"},"wordCount":299,"commentCount":0,"publisher":{"@id":"https:\/\/www.planhub.ca\/blog\/fr\/#organization"},"image":{"@id":"https:\/\/www.planhub.ca\/blog\/fr\/rogers-achete-shaw-pour-148-milliards\/#primaryimage"},"thumbnailUrl":"https:\/\/www.planhub.ca\/blog\/wp-content\/uploads\/2019\/06\/rogers-cover.jpg","articleSection":["Nouvelles","T\u00e9l\u00e9communications"],"inLanguage":"fr-CA","potentialAction":[{"@type":"CommentAction","name":"Comment","target":["https:\/\/www.planhub.ca\/blog\/fr\/rogers-achete-shaw-pour-148-milliards\/#respond"]}]},{"@type":"WebPage","@id":"https:\/\/www.planhub.ca\/blog\/fr\/rogers-achete-shaw-pour-148-milliards\/","url":"https:\/\/www.planhub.ca\/blog\/fr\/rogers-achete-shaw-pour-148-milliards\/","name":"Rogers ach\u00e8te Shaw pour 14,8 milliards | PlanHub.ca","isPartOf":{"@id":"https:\/\/www.planhub.ca\/blog\/fr\/#website"},"primaryImageOfPage":{"@id":"https:\/\/www.planhub.ca\/blog\/fr\/rogers-achete-shaw-pour-148-milliards\/#primaryimage"},"image":{"@id":"https:\/\/www.planhub.ca\/blog\/fr\/rogers-achete-shaw-pour-148-milliards\/#primaryimage"},"thumbnailUrl":"https:\/\/www.planhub.ca\/blog\/wp-content\/uploads\/2019\/06\/rogers-cover.jpg","datePublished":"2023-01-03T15:55:14+00:00","description":"C\u2019est officiel, le rachat de Shaw par Rogers a \u00e9t\u00e9 approuv\u00e9 par la FTC qui n\u2019a pu d\u00e9montrer le monopole d\u00e9coulant de cette acquisition. Les effets de cette annonce se sont tout de suite fait sentir du c\u00f4t\u00e9 de la bourse o\u00f9 l\u2019action de Shaw a pris 9% contre 6% pour Rogers.","breadcrumb":{"@id":"https:\/\/www.planhub.ca\/blog\/fr\/rogers-achete-shaw-pour-148-milliards\/#breadcrumb"},"inLanguage":"fr-CA","potentialAction":[{"@type":"ReadAction","target":["https:\/\/www.planhub.ca\/blog\/fr\/rogers-achete-shaw-pour-148-milliards\/"]}]},{"@type":"ImageObject","inLanguage":"fr-CA","@id":"https:\/\/www.planhub.ca\/blog\/fr\/rogers-achete-shaw-pour-148-milliards\/#primaryimage","url":"https:\/\/www.planhub.ca\/blog\/wp-content\/uploads\/2019\/06\/rogers-cover.jpg","contentUrl":"https:\/\/www.planhub.ca\/blog\/wp-content\/uploads\/2019\/06\/rogers-cover.jpg","width":900,"height":330,"caption":"rogers"},{"@type":"BreadcrumbList","@id":"https:\/\/www.planhub.ca\/blog\/fr\/rogers-achete-shaw-pour-148-milliards\/#breadcrumb","itemListElement":[{"@type":"ListItem","position":1,"name":"Home","item":"https:\/\/www.planhub.ca\/blog\/fr\/"},{"@type":"ListItem","position":2,"name":"T\u00e9l\u00e9communications","item":"https:\/\/www.planhub.ca\/blog\/fr\/category\/telecom-fr\/"},{"@type":"ListItem","position":3,"name":"Rogers ach\u00e8te Shaw pour 14,8 milliards"}]},{"@type":"WebSite","@id":"https:\/\/www.planhub.ca\/blog\/fr\/#website","url":"https:\/\/www.planhub.ca\/blog\/fr\/","name":"PlanHub.ca The Blog - Promotions, Guides, News and more!","description":"PlanHub","publisher":{"@id":"https:\/\/www.planhub.ca\/blog\/fr\/#organization"},"alternateName":"PlanHub.ca The Blog","potentialAction":[{"@type":"SearchAction","target":{"@type":"EntryPoint","urlTemplate":"https:\/\/www.planhub.ca\/blog\/fr\/?s={search_term_string}"},"query-input":{"@type":"PropertyValueSpecification","valueRequired":true,"valueName":"search_term_string"}}],"inLanguage":"fr-CA"},{"@type":"Organization","@id":"https:\/\/www.planhub.ca\/blog\/fr\/#organization","name":"PlanHub.ca","alternateName":"PlanHub.ca","url":"https:\/\/www.planhub.ca\/blog\/fr\/","logo":{"@type":"ImageObject","inLanguage":"fr-CA","@id":"https:\/\/www.planhub.ca\/blog\/fr\/#\/schema\/logo\/image\/","url":"https:\/\/www.planhub.ca\/blog\/wp-content\/uploads\/2024\/04\/logo_planhub_horizontal_vert-2-2.png","contentUrl":"https:\/\/www.planhub.ca\/blog\/wp-content\/uploads\/2024\/04\/logo_planhub_horizontal_vert-2-2.png","width":900,"height":360,"caption":"PlanHub.ca"},"image":{"@id":"https:\/\/www.planhub.ca\/blog\/fr\/#\/schema\/logo\/image\/"},"sameAs":["https:\/\/www.facebook.com\/planhub.ca","https:\/\/x.com\/PlanHub_ca","https:\/\/ca.linkedin.com\/company\/planhub-ca"]},{"@type":"Person","@id":"https:\/\/www.planhub.ca\/blog\/fr\/#\/schema\/person\/17e57e2222f72d0f916172351a8093e1","name":"Alexis Le Marec","image":{"@type":"ImageObject","inLanguage":"fr-CA","@id":"https:\/\/secure.gravatar.com\/avatar\/1c9a710d21feab61eba747243d26a82a0fddf6b0a53fa400eb07c40bb1b60b82?s=96&d=blank&r=g","url":"https:\/\/secure.gravatar.com\/avatar\/1c9a710d21feab61eba747243d26a82a0fddf6b0a53fa400eb07c40bb1b60b82?s=96&d=blank&r=g","contentUrl":"https:\/\/secure.gravatar.com\/avatar\/1c9a710d21feab61eba747243d26a82a0fddf6b0a53fa400eb07c40bb1b60b82?s=96&d=blank&r=g","caption":"Alexis Le Marec"},"description":"As an avid user of social media and online applications, Alexis shares her expertise on how technology influences our social interactions and our daily lives. His practical advice will help you navigate the connected world with ease.","sameAs":["https:\/\/x.com\/AlexisLeMarec","https:\/\/x.com\/https:\/\/x.com\/AlexisLeMarec"],"url":"https:\/\/www.planhub.ca\/blog\/fr\/author\/alexis\/"}]}},"_links":{"self":[{"href":"https:\/\/www.planhub.ca\/blog\/fr\/wp-json\/wp\/v2\/posts\/10421","targetHints":{"allow":["GET"]}}],"collection":[{"href":"https:\/\/www.planhub.ca\/blog\/fr\/wp-json\/wp\/v2\/posts"}],"about":[{"href":"https:\/\/www.planhub.ca\/blog\/fr\/wp-json\/wp\/v2\/types\/post"}],"author":[{"embeddable":true,"href":"https:\/\/www.planhub.ca\/blog\/fr\/wp-json\/wp\/v2\/users\/32"}],"replies":[{"embeddable":true,"href":"https:\/\/www.planhub.ca\/blog\/fr\/wp-json\/wp\/v2\/comments?post=10421"}],"version-history":[{"count":1,"href":"https:\/\/www.planhub.ca\/blog\/fr\/wp-json\/wp\/v2\/posts\/10421\/revisions"}],"predecessor-version":[{"id":10422,"href":"https:\/\/www.planhub.ca\/blog\/fr\/wp-json\/wp\/v2\/posts\/10421\/revisions\/10422"}],"wp:attachment":[{"href":"https:\/\/www.planhub.ca\/blog\/fr\/wp-json\/wp\/v2\/media?parent=10421"}],"wp:term":[{"taxonomy":"category","embeddable":true,"href":"https:\/\/www.planhub.ca\/blog\/fr\/wp-json\/wp\/v2\/categories?post=10421"},{"taxonomy":"post_tag","embeddable":true,"href":"https:\/\/www.planhub.ca\/blog\/fr\/wp-json\/wp\/v2\/tags?post=10421"}],"curies":[{"name":"wp","href":"https:\/\/api.w.org\/{rel}","templated":true}]}}