{"id":10508,"date":"2023-01-10T18:52:34","date_gmt":"2023-01-10T18:52:34","guid":{"rendered":"https:\/\/www.planhub.ca\/blog\/?p=10508"},"modified":"2023-01-10T18:52:34","modified_gmt":"2023-01-10T18:52:34","slug":"iphone-15-pro-augmentation-de-tarif-en-vue","status":"publish","type":"post","link":"https:\/\/www.planhub.ca\/blog\/fr\/iphone-15-pro-augmentation-de-tarif-en-vue\/","title":{"rendered":"iPhone 15 Pro, augmentation de tarif en vue"},"content":{"rendered":"<p><strong>Mauvaise nouvelle, l\u2019iPhone 15 Pro et sa version Max vont co\u00fbter plus cher, un augmentation de tarif qui s\u2019explique par plusieurs facteurs.<\/strong><\/p>\n<p><strong>Cr\u00e9dit image couverture : Apple<\/strong><\/p>\n<p>Si vous attendez l\u2019iPhone 15 Pro, vous allez devoir \u00e9conomiser un peu plus afin de pouvoir vous le payer. Selon HowtoiSolve, le prix de l\u2019iPhone 15 Pro et de l\u2019iPhone 15 Pro Max devraient augmenter par rapport aux iPhone 14 Pro qu\u2019ils devraient remplacer.<\/p>\n<p>Apple a d\u00e9j\u00e0 proc\u00e9d\u00e9 \u00e0 une augmentation des tarifs sur l\u2019iPhone 14 afin de s\u2019ajuster au dollar am\u00e9ricain qui ne cesse de se consolider face aux autres devises, mais l&rsquo;iPhone 15 Pro devrait co\u00fbter plus cher plusieurs facteurs expliquent cette nouvelle hausse.<\/p>\n<p>&nbsp;<\/p>\n<p><strong>L\u2019iPhone 14 Max se vend tr\u00e8s mal<\/strong><\/p>\n<p>Nous l\u2019avions d\u00e9j\u00e0 \u00e9voqu\u00e9, mais l\u2019iPhone 14 Max pr\u00e9sente tr\u00e8s peu d\u2019int\u00e9r\u00eat aux yeux des Apple user. Malgr\u00e9 sa taille, il coute \u00e0 peine 100$ de moins que l\u2019iPhone 14 Pro qui offre de meilleures prestations et une technologie plus avanc\u00e9e. Avec une conception en Titane pour l\u2019iPhone 15 Pro et un processeur grav\u00e9 en 3nm, la diff\u00e9rence sera encore plus marquante, d\u2019o\u00f9 l\u2019int\u00e9r\u00eat d\u2019Apple de s\u00e9parer les deux mod\u00e8les par une barri\u00e8re des prix plus importante.<\/p>\n<p>&nbsp;<\/p>\n<p><strong>Un processeur en 3nm qui coute cher<\/strong><\/p>\n<p>Apple ne va pas seulement profiter du nouveau processus de gravure de TSMC en 3nm, il va \u00e9galement s\u2019en assurer l\u2019exclusivit\u00e9 pour une p\u00e9riode de 6 mois. Apple a donc d\u00fb investir pour r\u00e9server les lignes de production, ce qui reste un surcout et doit donc se rattraper sur le prix des iPhone. Si l&rsquo;on ne connait pas les tarif que paie Apple \u00e0 TSMC, \u00e0 titre de comparaison, il en a co\u00fbt\u00e9 6,9 milliards de dollars \u00e0 Nvidia pour s&rsquo;assurer la production de puces grav\u00e9es en 5nm \u00e0 TSMC, et ce sans se r\u00e9server aucune exclusivit\u00e9 sur la gravure en 5nm.<\/p>\n<p>&nbsp;<\/p>\n<p><strong>Le dollar am\u00e9ricain est trop fort<\/strong><\/p>\n<p>Au-del\u00e0 de la crise ukrainienne se r\u00e9percute en Europe, la politique du \u00ab\u00a0quoi qu\u2019il en coute\u00a0\u00bb lors de la crise de la Covid a pour effet de d\u00e9pr\u00e9cier les diff\u00e9rentes devises qui perdent ainsi de leur valeur face au dollar. D&rsquo;autre part, m\u00eame le co\u00fbt des transports est revenu \u00e0 son niveau d&rsquo;avant Covid, le co\u00fbt des mati\u00e8res premi\u00e8res a augment\u00e9, par exemple le prix de l&rsquo;aluminium a plus que doubl\u00e9 entre 2020 et 2022, passant de 1500$ \u00e0 3500$ la tonne pour retomber actuellement \u00e0 2100$. Les transactions se faisant en dollar am\u00e9ricain, Apple a d\u00e9j\u00e0 d\u00fb revoir ses tarifs \u00e0 la hausse afin de suivre.<\/p>\n<p>&nbsp;<\/p>\n<p><strong>Une conception en titane et une cam\u00e9ra qui valent leur prix<\/strong><\/p>\n<p>Apple ne cesse d\u2019introduire des innovations parfois majeures dans ses t\u00e9l\u00e9phones et l\u2019iPhone 15 Pro ne devrait pas \u00e9chapper \u00e0 la r\u00e8gle avec une conception du ch\u00e2ssis int\u00e9gralement en titane. Si ce m\u00e9tal est encore plus noble et bien plus r\u00e9sistant que l\u2019aluminium, son prix est \u00e9galement dix plus \u00e9lev\u00e9, 20$ le kilo contre 2$ pour l&rsquo;aluminium.<\/p>\n<p>Il en va de m\u00eame pour la cam\u00e9ra qui avec ses sept diff\u00e9rents capteurs fait grimper en fl\u00e8che le tarif de l\u2019iPhone 14 Pro actuel. Si Apple pr\u00e9voit peu de changement pour l\u2019iPhone 15 Pro \u00e0 ce niveau, ses capteurs restent dispendieux \u00e0 fabriquer.<\/p>\n<p>&nbsp;<\/p>\n<p>&nbsp;<\/p>\n","protected":false},"excerpt":{"rendered":"<p>Mauvaise nouvelle, l\u2019iPhone 15 Pro et sa version Max vont co\u00fbter plus cher, un augmentation de tarif qui s\u2019explique par plusieurs facteurs. Cr\u00e9dit image couverture : Apple Si vous attendez l\u2019iPhone 15 Pro, vous allez devoir \u00e9conomiser un peu plus afin de pouvoir vous le payer. Selon HowtoiSolve, le prix de l\u2019iPhone 15 Pro et [&hellip;]<\/p>\n","protected":false},"author":32,"featured_media":10509,"comment_status":"open","ping_status":"closed","sticky":false,"template":"","format":"standard","meta":{"_acf_changed":false,"footnotes":""},"categories":[840,28],"tags":[],"class_list":["post-10508","post","type-post","status-publish","format-standard","has-post-thumbnail","hentry","category-mobile-phone-news-fr","category-mobile-phone-fr"],"acf":[],"yoast_head":"<!-- This site is optimized with the Yoast SEO plugin v28.3 - https:\/\/yoast.com\/product\/yoast-seo-wordpress\/ -->\n<title>iPhone 15 Pro, augmentation de tarif en vue | PlanHub<\/title>\n<meta name=\"description\" content=\"Mauvaise nouvelle, l\u2019iPhone 15 Pro et sa version Max vont co\u00fbter plus cher, un augmentation de tarif qui s\u2019explique par plusieurs facteurs.\" \/>\n<meta name=\"robots\" content=\"index, follow, max-snippet:-1, max-image-preview:large, max-video-preview:-1\" \/>\n<link rel=\"canonical\" href=\"https:\/\/www.planhub.ca\/blog\/fr\/iphone-15-pro-augmentation-de-tarif-en-vue\/\" \/>\n<meta property=\"og:locale\" content=\"fr_CA\" \/>\n<meta property=\"og:type\" content=\"article\" \/>\n<meta property=\"og:title\" content=\"iPhone 15 Pro, augmentation de tarif en vue | PlanHub\" \/>\n<meta property=\"og:description\" content=\"Mauvaise nouvelle, l\u2019iPhone 15 Pro et sa version Max vont co\u00fbter plus cher, un augmentation de tarif qui s\u2019explique par plusieurs facteurs.\" \/>\n<meta property=\"og:url\" content=\"https:\/\/www.planhub.ca\/blog\/fr\/iphone-15-pro-augmentation-de-tarif-en-vue\/\" \/>\n<meta property=\"og:site_name\" content=\"Le Blogue - Promotions, Guides, Nouvelles et plus!\" \/>\n<meta property=\"article:publisher\" content=\"https:\/\/www.facebook.com\/planhub.ca\" \/>\n<meta property=\"article:published_time\" content=\"2023-01-10T18:52:34+00:00\" \/>\n<meta property=\"og:image\" content=\"https:\/\/www.planhub.ca\/blog\/wp-content\/uploads\/2023\/01\/iPhone-14-Pro.jpg\" \/>\n\t<meta property=\"og:image:width\" content=\"1116\" \/>\n\t<meta property=\"og:image:height\" content=\"928\" \/>\n\t<meta property=\"og:image:type\" content=\"image\/jpeg\" \/>\n<meta name=\"author\" content=\"Alexis Le Marec\" \/>\n<meta name=\"twitter:card\" content=\"summary_large_image\" \/>\n<meta name=\"twitter:creator\" content=\"@https:\/\/x.com\/AlexisLeMarec\" \/>\n<meta name=\"twitter:site\" content=\"@PlanHub_ca\" \/>\n<meta name=\"twitter:label1\" content=\"\u00c9crit par\" \/>\n\t<meta name=\"twitter:data1\" content=\"Alexis Le Marec\" \/>\n\t<meta name=\"twitter:label2\" content=\"Estimation du temps de lecture\" \/>\n\t<meta name=\"twitter:data2\" content=\"3 minutes\" \/>\n<script type=\"application\/ld+json\" class=\"yoast-schema-graph\">{\"@context\":\"https:\\\/\\\/schema.org\",\"@graph\":[{\"@type\":\"Article\",\"@id\":\"https:\\\/\\\/www.planhub.ca\\\/blog\\\/fr\\\/iphone-15-pro-augmentation-de-tarif-en-vue\\\/#article\",\"isPartOf\":{\"@id\":\"https:\\\/\\\/www.planhub.ca\\\/blog\\\/fr\\\/iphone-15-pro-augmentation-de-tarif-en-vue\\\/\"},\"author\":{\"name\":\"Alexis Le Marec\",\"@id\":\"https:\\\/\\\/www.planhub.ca\\\/blog\\\/fr\\\/#\\\/schema\\\/person\\\/17e57e2222f72d0f916172351a8093e1\"},\"headline\":\"iPhone 15 Pro, augmentation de tarif en vue\",\"datePublished\":\"2023-01-10T18:52:34+00:00\",\"mainEntityOfPage\":{\"@id\":\"https:\\\/\\\/www.planhub.ca\\\/blog\\\/fr\\\/iphone-15-pro-augmentation-de-tarif-en-vue\\\/\"},\"wordCount\":587,\"commentCount\":0,\"publisher\":{\"@id\":\"https:\\\/\\\/www.planhub.ca\\\/blog\\\/fr\\\/#organization\"},\"image\":{\"@id\":\"https:\\\/\\\/www.planhub.ca\\\/blog\\\/fr\\\/iphone-15-pro-augmentation-de-tarif-en-vue\\\/#primaryimage\"},\"thumbnailUrl\":\"https:\\\/\\\/www.planhub.ca\\\/blog\\\/wp-content\\\/uploads\\\/2023\\\/01\\\/iPhone-14-Pro.jpg\",\"articleSection\":[\"Nouvelles\",\"T\u00e9l\u00e9phone Mobile\"],\"inLanguage\":\"fr-CA\",\"potentialAction\":[{\"@type\":\"CommentAction\",\"name\":\"Comment\",\"target\":[\"https:\\\/\\\/www.planhub.ca\\\/blog\\\/fr\\\/iphone-15-pro-augmentation-de-tarif-en-vue\\\/#respond\"]}]},{\"@type\":\"WebPage\",\"@id\":\"https:\\\/\\\/www.planhub.ca\\\/blog\\\/fr\\\/iphone-15-pro-augmentation-de-tarif-en-vue\\\/\",\"url\":\"https:\\\/\\\/www.planhub.ca\\\/blog\\\/fr\\\/iphone-15-pro-augmentation-de-tarif-en-vue\\\/\",\"name\":\"iPhone 15 Pro, augmentation de tarif en vue | PlanHub\",\"isPartOf\":{\"@id\":\"https:\\\/\\\/www.planhub.ca\\\/blog\\\/fr\\\/#website\"},\"primaryImageOfPage\":{\"@id\":\"https:\\\/\\\/www.planhub.ca\\\/blog\\\/fr\\\/iphone-15-pro-augmentation-de-tarif-en-vue\\\/#primaryimage\"},\"image\":{\"@id\":\"https:\\\/\\\/www.planhub.ca\\\/blog\\\/fr\\\/iphone-15-pro-augmentation-de-tarif-en-vue\\\/#primaryimage\"},\"thumbnailUrl\":\"https:\\\/\\\/www.planhub.ca\\\/blog\\\/wp-content\\\/uploads\\\/2023\\\/01\\\/iPhone-14-Pro.jpg\",\"datePublished\":\"2023-01-10T18:52:34+00:00\",\"description\":\"Mauvaise nouvelle, l\u2019iPhone 15 Pro et sa version Max vont co\u00fbter plus cher, un augmentation de tarif qui s\u2019explique par plusieurs facteurs.\",\"breadcrumb\":{\"@id\":\"https:\\\/\\\/www.planhub.ca\\\/blog\\\/fr\\\/iphone-15-pro-augmentation-de-tarif-en-vue\\\/#breadcrumb\"},\"inLanguage\":\"fr-CA\",\"potentialAction\":[{\"@type\":\"ReadAction\",\"target\":[\"https:\\\/\\\/www.planhub.ca\\\/blog\\\/fr\\\/iphone-15-pro-augmentation-de-tarif-en-vue\\\/\"]}]},{\"@type\":\"ImageObject\",\"inLanguage\":\"fr-CA\",\"@id\":\"https:\\\/\\\/www.planhub.ca\\\/blog\\\/fr\\\/iphone-15-pro-augmentation-de-tarif-en-vue\\\/#primaryimage\",\"url\":\"https:\\\/\\\/www.planhub.ca\\\/blog\\\/wp-content\\\/uploads\\\/2023\\\/01\\\/iPhone-14-Pro.jpg\",\"contentUrl\":\"https:\\\/\\\/www.planhub.ca\\\/blog\\\/wp-content\\\/uploads\\\/2023\\\/01\\\/iPhone-14-Pro.jpg\",\"width\":1116,\"height\":928,\"caption\":\"Iphone\"},{\"@type\":\"BreadcrumbList\",\"@id\":\"https:\\\/\\\/www.planhub.ca\\\/blog\\\/fr\\\/iphone-15-pro-augmentation-de-tarif-en-vue\\\/#breadcrumb\",\"itemListElement\":[{\"@type\":\"ListItem\",\"position\":1,\"name\":\"Home\",\"item\":\"https:\\\/\\\/www.planhub.ca\\\/blog\\\/fr\\\/\"},{\"@type\":\"ListItem\",\"position\":2,\"name\":\"T\u00e9l\u00e9phone Mobile\",\"item\":\"https:\\\/\\\/www.planhub.ca\\\/blog\\\/fr\\\/category\\\/mobile-phone-fr\\\/\"},{\"@type\":\"ListItem\",\"position\":3,\"name\":\"iPhone 15 Pro, augmentation de tarif en vue\"}]},{\"@type\":\"WebSite\",\"@id\":\"https:\\\/\\\/www.planhub.ca\\\/blog\\\/fr\\\/#website\",\"url\":\"https:\\\/\\\/www.planhub.ca\\\/blog\\\/fr\\\/\",\"name\":\"PlanHub.ca The Blog - Promotions, Guides, News and more!\",\"description\":\"PlanHub\",\"publisher\":{\"@id\":\"https:\\\/\\\/www.planhub.ca\\\/blog\\\/fr\\\/#organization\"},\"alternateName\":\"PlanHub.ca The Blog\",\"potentialAction\":[{\"@type\":\"SearchAction\",\"target\":{\"@type\":\"EntryPoint\",\"urlTemplate\":\"https:\\\/\\\/www.planhub.ca\\\/blog\\\/fr\\\/?s={search_term_string}\"},\"query-input\":{\"@type\":\"PropertyValueSpecification\",\"valueRequired\":true,\"valueName\":\"search_term_string\"}}],\"inLanguage\":\"fr-CA\"},{\"@type\":\"Organization\",\"@id\":\"https:\\\/\\\/www.planhub.ca\\\/blog\\\/fr\\\/#organization\",\"name\":\"PlanHub.ca\",\"alternateName\":\"PlanHub.ca\",\"url\":\"https:\\\/\\\/www.planhub.ca\\\/blog\\\/fr\\\/\",\"logo\":{\"@type\":\"ImageObject\",\"inLanguage\":\"fr-CA\",\"@id\":\"https:\\\/\\\/www.planhub.ca\\\/blog\\\/fr\\\/#\\\/schema\\\/logo\\\/image\\\/\",\"url\":\"https:\\\/\\\/www.planhub.ca\\\/blog\\\/wp-content\\\/uploads\\\/2024\\\/04\\\/logo_planhub_horizontal_vert-2-2.png\",\"contentUrl\":\"https:\\\/\\\/www.planhub.ca\\\/blog\\\/wp-content\\\/uploads\\\/2024\\\/04\\\/logo_planhub_horizontal_vert-2-2.png\",\"width\":900,\"height\":360,\"caption\":\"PlanHub.ca\"},\"image\":{\"@id\":\"https:\\\/\\\/www.planhub.ca\\\/blog\\\/fr\\\/#\\\/schema\\\/logo\\\/image\\\/\"},\"sameAs\":[\"https:\\\/\\\/www.facebook.com\\\/planhub.ca\",\"https:\\\/\\\/x.com\\\/PlanHub_ca\",\"https:\\\/\\\/ca.linkedin.com\\\/company\\\/planhub-ca\"]},{\"@type\":\"Person\",\"@id\":\"https:\\\/\\\/www.planhub.ca\\\/blog\\\/fr\\\/#\\\/schema\\\/person\\\/17e57e2222f72d0f916172351a8093e1\",\"name\":\"Alexis Le Marec\",\"image\":{\"@type\":\"ImageObject\",\"inLanguage\":\"fr-CA\",\"@id\":\"https:\\\/\\\/secure.gravatar.com\\\/avatar\\\/1c9a710d21feab61eba747243d26a82a0fddf6b0a53fa400eb07c40bb1b60b82?s=96&d=blank&r=g\",\"url\":\"https:\\\/\\\/secure.gravatar.com\\\/avatar\\\/1c9a710d21feab61eba747243d26a82a0fddf6b0a53fa400eb07c40bb1b60b82?s=96&d=blank&r=g\",\"contentUrl\":\"https:\\\/\\\/secure.gravatar.com\\\/avatar\\\/1c9a710d21feab61eba747243d26a82a0fddf6b0a53fa400eb07c40bb1b60b82?s=96&d=blank&r=g\",\"caption\":\"Alexis Le Marec\"},\"description\":\"As an avid user of social media and online applications, Alexis shares her expertise on how technology influences our social interactions and our daily lives. His practical advice will help you navigate the connected world with ease.\",\"sameAs\":[\"https:\\\/\\\/x.com\\\/AlexisLeMarec\",\"https:\\\/\\\/x.com\\\/https:\\\/\\\/x.com\\\/AlexisLeMarec\"],\"url\":\"https:\\\/\\\/www.planhub.ca\\\/blog\\\/fr\\\/author\\\/alexis\\\/\"}]}<\/script>\n<!-- \/ Yoast SEO plugin. -->","yoast_head_json":{"title":"iPhone 15 Pro, augmentation de tarif en vue | PlanHub","description":"Mauvaise nouvelle, l\u2019iPhone 15 Pro et sa version Max vont co\u00fbter plus cher, un augmentation de tarif qui s\u2019explique par plusieurs facteurs.","robots":{"index":"index","follow":"follow","max-snippet":"max-snippet:-1","max-image-preview":"max-image-preview:large","max-video-preview":"max-video-preview:-1"},"canonical":"https:\/\/www.planhub.ca\/blog\/fr\/iphone-15-pro-augmentation-de-tarif-en-vue\/","og_locale":"fr_CA","og_type":"article","og_title":"iPhone 15 Pro, augmentation de tarif en vue | PlanHub","og_description":"Mauvaise nouvelle, l\u2019iPhone 15 Pro et sa version Max vont co\u00fbter plus cher, un augmentation de tarif qui s\u2019explique par plusieurs facteurs.","og_url":"https:\/\/www.planhub.ca\/blog\/fr\/iphone-15-pro-augmentation-de-tarif-en-vue\/","og_site_name":"Le Blogue - Promotions, Guides, Nouvelles et plus!","article_publisher":"https:\/\/www.facebook.com\/planhub.ca","article_published_time":"2023-01-10T18:52:34+00:00","og_image":[{"width":1116,"height":928,"url":"https:\/\/www.planhub.ca\/blog\/wp-content\/uploads\/2023\/01\/iPhone-14-Pro.jpg","type":"image\/jpeg"}],"author":"Alexis Le Marec","twitter_card":"summary_large_image","twitter_creator":"@https:\/\/x.com\/AlexisLeMarec","twitter_site":"@PlanHub_ca","twitter_misc":{"\u00c9crit par":"Alexis Le Marec","Estimation du temps de lecture":"3 minutes"},"schema":{"@context":"https:\/\/schema.org","@graph":[{"@type":"Article","@id":"https:\/\/www.planhub.ca\/blog\/fr\/iphone-15-pro-augmentation-de-tarif-en-vue\/#article","isPartOf":{"@id":"https:\/\/www.planhub.ca\/blog\/fr\/iphone-15-pro-augmentation-de-tarif-en-vue\/"},"author":{"name":"Alexis Le Marec","@id":"https:\/\/www.planhub.ca\/blog\/fr\/#\/schema\/person\/17e57e2222f72d0f916172351a8093e1"},"headline":"iPhone 15 Pro, augmentation de tarif en vue","datePublished":"2023-01-10T18:52:34+00:00","mainEntityOfPage":{"@id":"https:\/\/www.planhub.ca\/blog\/fr\/iphone-15-pro-augmentation-de-tarif-en-vue\/"},"wordCount":587,"commentCount":0,"publisher":{"@id":"https:\/\/www.planhub.ca\/blog\/fr\/#organization"},"image":{"@id":"https:\/\/www.planhub.ca\/blog\/fr\/iphone-15-pro-augmentation-de-tarif-en-vue\/#primaryimage"},"thumbnailUrl":"https:\/\/www.planhub.ca\/blog\/wp-content\/uploads\/2023\/01\/iPhone-14-Pro.jpg","articleSection":["Nouvelles","T\u00e9l\u00e9phone Mobile"],"inLanguage":"fr-CA","potentialAction":[{"@type":"CommentAction","name":"Comment","target":["https:\/\/www.planhub.ca\/blog\/fr\/iphone-15-pro-augmentation-de-tarif-en-vue\/#respond"]}]},{"@type":"WebPage","@id":"https:\/\/www.planhub.ca\/blog\/fr\/iphone-15-pro-augmentation-de-tarif-en-vue\/","url":"https:\/\/www.planhub.ca\/blog\/fr\/iphone-15-pro-augmentation-de-tarif-en-vue\/","name":"iPhone 15 Pro, augmentation de tarif en vue | PlanHub","isPartOf":{"@id":"https:\/\/www.planhub.ca\/blog\/fr\/#website"},"primaryImageOfPage":{"@id":"https:\/\/www.planhub.ca\/blog\/fr\/iphone-15-pro-augmentation-de-tarif-en-vue\/#primaryimage"},"image":{"@id":"https:\/\/www.planhub.ca\/blog\/fr\/iphone-15-pro-augmentation-de-tarif-en-vue\/#primaryimage"},"thumbnailUrl":"https:\/\/www.planhub.ca\/blog\/wp-content\/uploads\/2023\/01\/iPhone-14-Pro.jpg","datePublished":"2023-01-10T18:52:34+00:00","description":"Mauvaise nouvelle, l\u2019iPhone 15 Pro et sa version Max vont co\u00fbter plus cher, un augmentation de tarif qui s\u2019explique par plusieurs facteurs.","breadcrumb":{"@id":"https:\/\/www.planhub.ca\/blog\/fr\/iphone-15-pro-augmentation-de-tarif-en-vue\/#breadcrumb"},"inLanguage":"fr-CA","potentialAction":[{"@type":"ReadAction","target":["https:\/\/www.planhub.ca\/blog\/fr\/iphone-15-pro-augmentation-de-tarif-en-vue\/"]}]},{"@type":"ImageObject","inLanguage":"fr-CA","@id":"https:\/\/www.planhub.ca\/blog\/fr\/iphone-15-pro-augmentation-de-tarif-en-vue\/#primaryimage","url":"https:\/\/www.planhub.ca\/blog\/wp-content\/uploads\/2023\/01\/iPhone-14-Pro.jpg","contentUrl":"https:\/\/www.planhub.ca\/blog\/wp-content\/uploads\/2023\/01\/iPhone-14-Pro.jpg","width":1116,"height":928,"caption":"Iphone"},{"@type":"BreadcrumbList","@id":"https:\/\/www.planhub.ca\/blog\/fr\/iphone-15-pro-augmentation-de-tarif-en-vue\/#breadcrumb","itemListElement":[{"@type":"ListItem","position":1,"name":"Home","item":"https:\/\/www.planhub.ca\/blog\/fr\/"},{"@type":"ListItem","position":2,"name":"T\u00e9l\u00e9phone Mobile","item":"https:\/\/www.planhub.ca\/blog\/fr\/category\/mobile-phone-fr\/"},{"@type":"ListItem","position":3,"name":"iPhone 15 Pro, augmentation de tarif en vue"}]},{"@type":"WebSite","@id":"https:\/\/www.planhub.ca\/blog\/fr\/#website","url":"https:\/\/www.planhub.ca\/blog\/fr\/","name":"PlanHub.ca The Blog - Promotions, Guides, News and more!","description":"PlanHub","publisher":{"@id":"https:\/\/www.planhub.ca\/blog\/fr\/#organization"},"alternateName":"PlanHub.ca The Blog","potentialAction":[{"@type":"SearchAction","target":{"@type":"EntryPoint","urlTemplate":"https:\/\/www.planhub.ca\/blog\/fr\/?s={search_term_string}"},"query-input":{"@type":"PropertyValueSpecification","valueRequired":true,"valueName":"search_term_string"}}],"inLanguage":"fr-CA"},{"@type":"Organization","@id":"https:\/\/www.planhub.ca\/blog\/fr\/#organization","name":"PlanHub.ca","alternateName":"PlanHub.ca","url":"https:\/\/www.planhub.ca\/blog\/fr\/","logo":{"@type":"ImageObject","inLanguage":"fr-CA","@id":"https:\/\/www.planhub.ca\/blog\/fr\/#\/schema\/logo\/image\/","url":"https:\/\/www.planhub.ca\/blog\/wp-content\/uploads\/2024\/04\/logo_planhub_horizontal_vert-2-2.png","contentUrl":"https:\/\/www.planhub.ca\/blog\/wp-content\/uploads\/2024\/04\/logo_planhub_horizontal_vert-2-2.png","width":900,"height":360,"caption":"PlanHub.ca"},"image":{"@id":"https:\/\/www.planhub.ca\/blog\/fr\/#\/schema\/logo\/image\/"},"sameAs":["https:\/\/www.facebook.com\/planhub.ca","https:\/\/x.com\/PlanHub_ca","https:\/\/ca.linkedin.com\/company\/planhub-ca"]},{"@type":"Person","@id":"https:\/\/www.planhub.ca\/blog\/fr\/#\/schema\/person\/17e57e2222f72d0f916172351a8093e1","name":"Alexis Le Marec","image":{"@type":"ImageObject","inLanguage":"fr-CA","@id":"https:\/\/secure.gravatar.com\/avatar\/1c9a710d21feab61eba747243d26a82a0fddf6b0a53fa400eb07c40bb1b60b82?s=96&d=blank&r=g","url":"https:\/\/secure.gravatar.com\/avatar\/1c9a710d21feab61eba747243d26a82a0fddf6b0a53fa400eb07c40bb1b60b82?s=96&d=blank&r=g","contentUrl":"https:\/\/secure.gravatar.com\/avatar\/1c9a710d21feab61eba747243d26a82a0fddf6b0a53fa400eb07c40bb1b60b82?s=96&d=blank&r=g","caption":"Alexis Le Marec"},"description":"As an avid user of social media and online applications, Alexis shares her expertise on how technology influences our social interactions and our daily lives. His practical advice will help you navigate the connected world with ease.","sameAs":["https:\/\/x.com\/AlexisLeMarec","https:\/\/x.com\/https:\/\/x.com\/AlexisLeMarec"],"url":"https:\/\/www.planhub.ca\/blog\/fr\/author\/alexis\/"}]}},"_links":{"self":[{"href":"https:\/\/www.planhub.ca\/blog\/fr\/wp-json\/wp\/v2\/posts\/10508","targetHints":{"allow":["GET"]}}],"collection":[{"href":"https:\/\/www.planhub.ca\/blog\/fr\/wp-json\/wp\/v2\/posts"}],"about":[{"href":"https:\/\/www.planhub.ca\/blog\/fr\/wp-json\/wp\/v2\/types\/post"}],"author":[{"embeddable":true,"href":"https:\/\/www.planhub.ca\/blog\/fr\/wp-json\/wp\/v2\/users\/32"}],"replies":[{"embeddable":true,"href":"https:\/\/www.planhub.ca\/blog\/fr\/wp-json\/wp\/v2\/comments?post=10508"}],"version-history":[{"count":1,"href":"https:\/\/www.planhub.ca\/blog\/fr\/wp-json\/wp\/v2\/posts\/10508\/revisions"}],"predecessor-version":[{"id":10511,"href":"https:\/\/www.planhub.ca\/blog\/fr\/wp-json\/wp\/v2\/posts\/10508\/revisions\/10511"}],"wp:featuredmedia":[{"embeddable":true,"href":"https:\/\/www.planhub.ca\/blog\/fr\/wp-json\/wp\/v2\/media\/10509"}],"wp:attachment":[{"href":"https:\/\/www.planhub.ca\/blog\/fr\/wp-json\/wp\/v2\/media?parent=10508"}],"wp:term":[{"taxonomy":"category","embeddable":true,"href":"https:\/\/www.planhub.ca\/blog\/fr\/wp-json\/wp\/v2\/categories?post=10508"},{"taxonomy":"post_tag","embeddable":true,"href":"https:\/\/www.planhub.ca\/blog\/fr\/wp-json\/wp\/v2\/tags?post=10508"}],"curies":[{"name":"wp","href":"https:\/\/api.w.org\/{rel}","templated":true}]}}