{"id":10621,"date":"2023-01-23T18:30:29","date_gmt":"2023-01-23T18:30:29","guid":{"rendered":"https:\/\/www.planhub.ca\/blog\/?p=10621"},"modified":"2023-04-14T15:36:40","modified_gmt":"2023-04-14T15:36:40","slug":"globalive-encourage-les-citoyens-canadiens-a-contester-la-fusion-rogers-shaw","status":"publish","type":"post","link":"https:\/\/www.planhub.ca\/blog\/fr\/globalive-encourage-les-citoyens-canadiens-a-contester-la-fusion-rogers-shaw\/","title":{"rendered":"Globalive encourage les citoyens canadiens \u00e0 contester la fusion Rogers-Shaw"},"content":{"rendered":"<p><strong>Apr\u00e8s TekSavvy, au tour de Globalive de contester le rachat de Sahw par Rogers, l\u2019op\u00e9rateur met en ligne un formulaire afin d\u2019avertir les d\u00e9put\u00e9s.<\/strong><\/p>\n<p><strong>Cr\u00e9dit Image : PlanHub<\/strong><\/p>\n<p>Ler rachat de Shaw par Rogers ne semble pas plaire aux op\u00e9rateurs ind\u00e9pendants. Apr\u00e8s TekSavvy qui d\u00e9nonce une concentration qui entrainerait moins de concurrence, Globalive permet aux citoyens de donner \u00e9galement leur avis et d\u2019avertir le parlement gr\u00e2ce \u00e0 leur\u00a0formulaire en ligne.<\/p>\n<p>Cette initiative semble d\u00e9j\u00e0 rencontrer le succ\u00e8s, puisque ce sont d\u00e9j\u00e0 4000 formulaires qui ont \u00e9t\u00e9 remplis et envoy\u00e9s en 24h.<\/p>\n<p>Pour information, Globalive a pr\u00e9c\u00e9demment offert de racheter Freedom Mobile \u00e0 Rogers pour 3.75 milliards, mais Rogers a pr\u00e9f\u00e9r\u00e9 l\u2019offre de reprise de Vid\u00e9otron \u00e0 2.85 milliards.<\/p>\n<p>&nbsp;<\/p>\n<p><strong>Un rachat qui s\u2019\u00e9ternise<\/strong><\/p>\n<p>Si le CRTC a donn\u00e9 un accord de principe en mars 2022 concernant cette fusion, les voix s\u2019\u00e9l\u00e8vent et se font de plus en plus fortes \u00e0 mesure qu\u2019approchent les d\u00e9lib\u00e9rations finales. Le 24 janvier, la cour d\u2019appel f\u00e9d\u00e9ral tiendra une audience suite au rejet du Bureau de la Concurrence de la d\u00e9cision du Tribunal de la concurrence d\u2019autoriser le rachat de Shaw par Rogers pour 26 milliards.<\/p>\n<p>De leur c\u00f4t\u00e9 Rogers et Shaw ont prolong\u00e9 les processus de rachat jusqu\u2019au 31 janvier. Cependant, m\u00eame en cas de victoire le 24 janvier, l\u2019accord devra encore \u00eatre ent\u00e9rin\u00e9 par le gouvernement f\u00e9d\u00e9ral qui aura le dernier mot.<\/p>\n<p>En tout cas, en donnant aux citoyens l\u2019occasion de \u2018s\u2019exprimer sur le sujet et de faire part de leurs craintes, Globalive jette un pav\u00e9 dans la marre. Si le succ\u00e8s est au rendez-vous, cette initiative pourrait \u00e9galement peser dans la balance lors des d\u00e9lib\u00e9rations ou de la d\u00e9cision finale. Vid\u00e9otron serait \u00e9galement impact\u00e9e puisqu\u2019en cas de refus du gouvernement ou de la justice, Freedom Mobile resterait alors la propri\u00e9t\u00e9 de Rogers.<\/p>\n","protected":false},"excerpt":{"rendered":"<p>Apr\u00e8s TekSavvy, au tour de Globalive de contester le rachat de Sahw par Rogers, l\u2019op\u00e9rateur met en ligne un formulaire afin d\u2019avertir les d\u00e9put\u00e9s. Cr\u00e9dit Image : PlanHub Ler rachat de Shaw par Rogers ne semble pas plaire aux op\u00e9rateurs ind\u00e9pendants. Apr\u00e8s TekSavvy qui d\u00e9nonce une concentration qui entrainerait moins de concurrence, Globalive permet aux [&hellip;]<\/p>\n","protected":false},"author":32,"featured_media":2359,"comment_status":"open","ping_status":"closed","sticky":false,"template":"","format":"standard","meta":{"_acf_changed":false,"footnotes":""},"categories":[842,817],"tags":[],"class_list":["post-10621","post","type-post","status-publish","format-standard","has-post-thumbnail","hentry","category-telecom-news-fr","category-telecom-fr"],"acf":[],"yoast_head":"<!-- This site is optimized with the Yoast SEO plugin v28.3 - https:\/\/yoast.com\/product\/yoast-seo-wordpress\/ -->\n<title>Rogers-Shaw Merger: Globalive Invites Canadians to Contest<\/title>\n<meta name=\"description\" content=\"Apr\u00e8s TekSavvy, au tour de Globalive de contester le rachat de Sahw par Rogers, l\u2019op\u00e9rateur met en ligne un formulaire afin d\u2019avertir les d\u00e9put\u00e9s.\" \/>\n<meta name=\"robots\" content=\"index, follow, max-snippet:-1, max-image-preview:large, max-video-preview:-1\" \/>\n<link rel=\"canonical\" href=\"https:\/\/www.planhub.ca\/blog\/fr\/globalive-encourage-les-citoyens-canadiens-a-contester-la-fusion-rogers-shaw\/\" \/>\n<meta property=\"og:locale\" content=\"fr_CA\" \/>\n<meta property=\"og:type\" content=\"article\" \/>\n<meta property=\"og:title\" content=\"Rogers-Shaw Merger: Globalive Invites Canadians to Contest\" \/>\n<meta property=\"og:description\" content=\"Apr\u00e8s TekSavvy, au tour de Globalive de contester le rachat de Sahw par Rogers, l\u2019op\u00e9rateur met en ligne un formulaire afin d\u2019avertir les d\u00e9put\u00e9s.\" \/>\n<meta property=\"og:url\" content=\"https:\/\/www.planhub.ca\/blog\/fr\/globalive-encourage-les-citoyens-canadiens-a-contester-la-fusion-rogers-shaw\/\" \/>\n<meta property=\"og:site_name\" content=\"Le Blogue - Promotions, Guides, Nouvelles et plus!\" \/>\n<meta property=\"article:publisher\" content=\"https:\/\/www.facebook.com\/planhub.ca\" \/>\n<meta property=\"article:published_time\" content=\"2023-01-23T18:30:29+00:00\" \/>\n<meta property=\"article:modified_time\" content=\"2023-04-14T15:36:40+00:00\" \/>\n<meta property=\"og:image\" content=\"https:\/\/www.planhub.ca\/blog\/wp-content\/uploads\/2019\/06\/rogers-cover.jpg\" \/>\n\t<meta property=\"og:image:width\" content=\"900\" \/>\n\t<meta property=\"og:image:height\" content=\"330\" \/>\n\t<meta property=\"og:image:type\" content=\"image\/jpeg\" \/>\n<meta name=\"author\" content=\"Alexis Le Marec\" \/>\n<meta name=\"twitter:card\" content=\"summary_large_image\" \/>\n<meta name=\"twitter:creator\" content=\"@https:\/\/x.com\/AlexisLeMarec\" \/>\n<meta name=\"twitter:site\" content=\"@PlanHub_ca\" \/>\n<meta name=\"twitter:label1\" content=\"\u00c9crit par\" \/>\n\t<meta name=\"twitter:data1\" content=\"Alexis Le Marec\" \/>\n\t<meta name=\"twitter:label2\" content=\"Estimation du temps de lecture\" \/>\n\t<meta name=\"twitter:data2\" content=\"2 minutes\" \/>\n<script type=\"application\/ld+json\" class=\"yoast-schema-graph\">{\"@context\":\"https:\\\/\\\/schema.org\",\"@graph\":[{\"@type\":\"Article\",\"@id\":\"https:\\\/\\\/www.planhub.ca\\\/blog\\\/fr\\\/globalive-encourage-les-citoyens-canadiens-a-contester-la-fusion-rogers-shaw\\\/#article\",\"isPartOf\":{\"@id\":\"https:\\\/\\\/www.planhub.ca\\\/blog\\\/fr\\\/globalive-encourage-les-citoyens-canadiens-a-contester-la-fusion-rogers-shaw\\\/\"},\"author\":{\"name\":\"Alexis Le Marec\",\"@id\":\"https:\\\/\\\/www.planhub.ca\\\/blog\\\/fr\\\/#\\\/schema\\\/person\\\/17e57e2222f72d0f916172351a8093e1\"},\"headline\":\"Globalive encourage les citoyens canadiens \u00e0 contester la fusion Rogers-Shaw\",\"datePublished\":\"2023-01-23T18:30:29+00:00\",\"dateModified\":\"2023-04-14T15:36:40+00:00\",\"mainEntityOfPage\":{\"@id\":\"https:\\\/\\\/www.planhub.ca\\\/blog\\\/fr\\\/globalive-encourage-les-citoyens-canadiens-a-contester-la-fusion-rogers-shaw\\\/\"},\"wordCount\":348,\"commentCount\":0,\"publisher\":{\"@id\":\"https:\\\/\\\/www.planhub.ca\\\/blog\\\/fr\\\/#organization\"},\"image\":{\"@id\":\"https:\\\/\\\/www.planhub.ca\\\/blog\\\/fr\\\/globalive-encourage-les-citoyens-canadiens-a-contester-la-fusion-rogers-shaw\\\/#primaryimage\"},\"thumbnailUrl\":\"https:\\\/\\\/www.planhub.ca\\\/blog\\\/wp-content\\\/uploads\\\/2019\\\/06\\\/rogers-cover.jpg\",\"articleSection\":[\"Nouvelles\",\"T\u00e9l\u00e9communications\"],\"inLanguage\":\"fr-CA\",\"potentialAction\":[{\"@type\":\"CommentAction\",\"name\":\"Comment\",\"target\":[\"https:\\\/\\\/www.planhub.ca\\\/blog\\\/fr\\\/globalive-encourage-les-citoyens-canadiens-a-contester-la-fusion-rogers-shaw\\\/#respond\"]}]},{\"@type\":\"WebPage\",\"@id\":\"https:\\\/\\\/www.planhub.ca\\\/blog\\\/fr\\\/globalive-encourage-les-citoyens-canadiens-a-contester-la-fusion-rogers-shaw\\\/\",\"url\":\"https:\\\/\\\/www.planhub.ca\\\/blog\\\/fr\\\/globalive-encourage-les-citoyens-canadiens-a-contester-la-fusion-rogers-shaw\\\/\",\"name\":\"Rogers-Shaw Merger: Globalive Invites Canadians to Contest\",\"isPartOf\":{\"@id\":\"https:\\\/\\\/www.planhub.ca\\\/blog\\\/fr\\\/#website\"},\"primaryImageOfPage\":{\"@id\":\"https:\\\/\\\/www.planhub.ca\\\/blog\\\/fr\\\/globalive-encourage-les-citoyens-canadiens-a-contester-la-fusion-rogers-shaw\\\/#primaryimage\"},\"image\":{\"@id\":\"https:\\\/\\\/www.planhub.ca\\\/blog\\\/fr\\\/globalive-encourage-les-citoyens-canadiens-a-contester-la-fusion-rogers-shaw\\\/#primaryimage\"},\"thumbnailUrl\":\"https:\\\/\\\/www.planhub.ca\\\/blog\\\/wp-content\\\/uploads\\\/2019\\\/06\\\/rogers-cover.jpg\",\"datePublished\":\"2023-01-23T18:30:29+00:00\",\"dateModified\":\"2023-04-14T15:36:40+00:00\",\"description\":\"Apr\u00e8s TekSavvy, au tour de Globalive de contester le rachat de Sahw par Rogers, l\u2019op\u00e9rateur met en ligne un formulaire afin d\u2019avertir les d\u00e9put\u00e9s.\",\"breadcrumb\":{\"@id\":\"https:\\\/\\\/www.planhub.ca\\\/blog\\\/fr\\\/globalive-encourage-les-citoyens-canadiens-a-contester-la-fusion-rogers-shaw\\\/#breadcrumb\"},\"inLanguage\":\"fr-CA\",\"potentialAction\":[{\"@type\":\"ReadAction\",\"target\":[\"https:\\\/\\\/www.planhub.ca\\\/blog\\\/fr\\\/globalive-encourage-les-citoyens-canadiens-a-contester-la-fusion-rogers-shaw\\\/\"]}]},{\"@type\":\"ImageObject\",\"inLanguage\":\"fr-CA\",\"@id\":\"https:\\\/\\\/www.planhub.ca\\\/blog\\\/fr\\\/globalive-encourage-les-citoyens-canadiens-a-contester-la-fusion-rogers-shaw\\\/#primaryimage\",\"url\":\"https:\\\/\\\/www.planhub.ca\\\/blog\\\/wp-content\\\/uploads\\\/2019\\\/06\\\/rogers-cover.jpg\",\"contentUrl\":\"https:\\\/\\\/www.planhub.ca\\\/blog\\\/wp-content\\\/uploads\\\/2019\\\/06\\\/rogers-cover.jpg\",\"width\":900,\"height\":330,\"caption\":\"rogers\"},{\"@type\":\"BreadcrumbList\",\"@id\":\"https:\\\/\\\/www.planhub.ca\\\/blog\\\/fr\\\/globalive-encourage-les-citoyens-canadiens-a-contester-la-fusion-rogers-shaw\\\/#breadcrumb\",\"itemListElement\":[{\"@type\":\"ListItem\",\"position\":1,\"name\":\"Home\",\"item\":\"https:\\\/\\\/www.planhub.ca\\\/blog\\\/fr\\\/\"},{\"@type\":\"ListItem\",\"position\":2,\"name\":\"T\u00e9l\u00e9communications\",\"item\":\"https:\\\/\\\/www.planhub.ca\\\/blog\\\/fr\\\/category\\\/telecom-fr\\\/\"},{\"@type\":\"ListItem\",\"position\":3,\"name\":\"Globalive encourage les citoyens canadiens \u00e0 contester la fusion Rogers-Shaw\"}]},{\"@type\":\"WebSite\",\"@id\":\"https:\\\/\\\/www.planhub.ca\\\/blog\\\/fr\\\/#website\",\"url\":\"https:\\\/\\\/www.planhub.ca\\\/blog\\\/fr\\\/\",\"name\":\"PlanHub.ca The Blog - Promotions, Guides, News and more!\",\"description\":\"PlanHub\",\"publisher\":{\"@id\":\"https:\\\/\\\/www.planhub.ca\\\/blog\\\/fr\\\/#organization\"},\"alternateName\":\"PlanHub.ca The Blog\",\"potentialAction\":[{\"@type\":\"SearchAction\",\"target\":{\"@type\":\"EntryPoint\",\"urlTemplate\":\"https:\\\/\\\/www.planhub.ca\\\/blog\\\/fr\\\/?s={search_term_string}\"},\"query-input\":{\"@type\":\"PropertyValueSpecification\",\"valueRequired\":true,\"valueName\":\"search_term_string\"}}],\"inLanguage\":\"fr-CA\"},{\"@type\":\"Organization\",\"@id\":\"https:\\\/\\\/www.planhub.ca\\\/blog\\\/fr\\\/#organization\",\"name\":\"PlanHub.ca\",\"alternateName\":\"PlanHub.ca\",\"url\":\"https:\\\/\\\/www.planhub.ca\\\/blog\\\/fr\\\/\",\"logo\":{\"@type\":\"ImageObject\",\"inLanguage\":\"fr-CA\",\"@id\":\"https:\\\/\\\/www.planhub.ca\\\/blog\\\/fr\\\/#\\\/schema\\\/logo\\\/image\\\/\",\"url\":\"https:\\\/\\\/www.planhub.ca\\\/blog\\\/wp-content\\\/uploads\\\/2024\\\/04\\\/logo_planhub_horizontal_vert-2-2.png\",\"contentUrl\":\"https:\\\/\\\/www.planhub.ca\\\/blog\\\/wp-content\\\/uploads\\\/2024\\\/04\\\/logo_planhub_horizontal_vert-2-2.png\",\"width\":900,\"height\":360,\"caption\":\"PlanHub.ca\"},\"image\":{\"@id\":\"https:\\\/\\\/www.planhub.ca\\\/blog\\\/fr\\\/#\\\/schema\\\/logo\\\/image\\\/\"},\"sameAs\":[\"https:\\\/\\\/www.facebook.com\\\/planhub.ca\",\"https:\\\/\\\/x.com\\\/PlanHub_ca\",\"https:\\\/\\\/ca.linkedin.com\\\/company\\\/planhub-ca\"]},{\"@type\":\"Person\",\"@id\":\"https:\\\/\\\/www.planhub.ca\\\/blog\\\/fr\\\/#\\\/schema\\\/person\\\/17e57e2222f72d0f916172351a8093e1\",\"name\":\"Alexis Le Marec\",\"image\":{\"@type\":\"ImageObject\",\"inLanguage\":\"fr-CA\",\"@id\":\"https:\\\/\\\/secure.gravatar.com\\\/avatar\\\/1c9a710d21feab61eba747243d26a82a0fddf6b0a53fa400eb07c40bb1b60b82?s=96&d=blank&r=g\",\"url\":\"https:\\\/\\\/secure.gravatar.com\\\/avatar\\\/1c9a710d21feab61eba747243d26a82a0fddf6b0a53fa400eb07c40bb1b60b82?s=96&d=blank&r=g\",\"contentUrl\":\"https:\\\/\\\/secure.gravatar.com\\\/avatar\\\/1c9a710d21feab61eba747243d26a82a0fddf6b0a53fa400eb07c40bb1b60b82?s=96&d=blank&r=g\",\"caption\":\"Alexis Le Marec\"},\"description\":\"As an avid user of social media and online applications, Alexis shares her expertise on how technology influences our social interactions and our daily lives. His practical advice will help you navigate the connected world with ease.\",\"sameAs\":[\"https:\\\/\\\/x.com\\\/AlexisLeMarec\",\"https:\\\/\\\/x.com\\\/https:\\\/\\\/x.com\\\/AlexisLeMarec\"],\"url\":\"https:\\\/\\\/www.planhub.ca\\\/blog\\\/fr\\\/author\\\/alexis\\\/\"}]}<\/script>\n<!-- \/ Yoast SEO plugin. -->","yoast_head_json":{"title":"Rogers-Shaw Merger: Globalive Invites Canadians to Contest","description":"Apr\u00e8s TekSavvy, au tour de Globalive de contester le rachat de Sahw par Rogers, l\u2019op\u00e9rateur met en ligne un formulaire afin d\u2019avertir les d\u00e9put\u00e9s.","robots":{"index":"index","follow":"follow","max-snippet":"max-snippet:-1","max-image-preview":"max-image-preview:large","max-video-preview":"max-video-preview:-1"},"canonical":"https:\/\/www.planhub.ca\/blog\/fr\/globalive-encourage-les-citoyens-canadiens-a-contester-la-fusion-rogers-shaw\/","og_locale":"fr_CA","og_type":"article","og_title":"Rogers-Shaw Merger: Globalive Invites Canadians to Contest","og_description":"Apr\u00e8s TekSavvy, au tour de Globalive de contester le rachat de Sahw par Rogers, l\u2019op\u00e9rateur met en ligne un formulaire afin d\u2019avertir les d\u00e9put\u00e9s.","og_url":"https:\/\/www.planhub.ca\/blog\/fr\/globalive-encourage-les-citoyens-canadiens-a-contester-la-fusion-rogers-shaw\/","og_site_name":"Le Blogue - Promotions, Guides, Nouvelles et plus!","article_publisher":"https:\/\/www.facebook.com\/planhub.ca","article_published_time":"2023-01-23T18:30:29+00:00","article_modified_time":"2023-04-14T15:36:40+00:00","og_image":[{"width":900,"height":330,"url":"https:\/\/www.planhub.ca\/blog\/wp-content\/uploads\/2019\/06\/rogers-cover.jpg","type":"image\/jpeg"}],"author":"Alexis Le Marec","twitter_card":"summary_large_image","twitter_creator":"@https:\/\/x.com\/AlexisLeMarec","twitter_site":"@PlanHub_ca","twitter_misc":{"\u00c9crit par":"Alexis Le Marec","Estimation du temps de lecture":"2 minutes"},"schema":{"@context":"https:\/\/schema.org","@graph":[{"@type":"Article","@id":"https:\/\/www.planhub.ca\/blog\/fr\/globalive-encourage-les-citoyens-canadiens-a-contester-la-fusion-rogers-shaw\/#article","isPartOf":{"@id":"https:\/\/www.planhub.ca\/blog\/fr\/globalive-encourage-les-citoyens-canadiens-a-contester-la-fusion-rogers-shaw\/"},"author":{"name":"Alexis Le Marec","@id":"https:\/\/www.planhub.ca\/blog\/fr\/#\/schema\/person\/17e57e2222f72d0f916172351a8093e1"},"headline":"Globalive encourage les citoyens canadiens \u00e0 contester la fusion Rogers-Shaw","datePublished":"2023-01-23T18:30:29+00:00","dateModified":"2023-04-14T15:36:40+00:00","mainEntityOfPage":{"@id":"https:\/\/www.planhub.ca\/blog\/fr\/globalive-encourage-les-citoyens-canadiens-a-contester-la-fusion-rogers-shaw\/"},"wordCount":348,"commentCount":0,"publisher":{"@id":"https:\/\/www.planhub.ca\/blog\/fr\/#organization"},"image":{"@id":"https:\/\/www.planhub.ca\/blog\/fr\/globalive-encourage-les-citoyens-canadiens-a-contester-la-fusion-rogers-shaw\/#primaryimage"},"thumbnailUrl":"https:\/\/www.planhub.ca\/blog\/wp-content\/uploads\/2019\/06\/rogers-cover.jpg","articleSection":["Nouvelles","T\u00e9l\u00e9communications"],"inLanguage":"fr-CA","potentialAction":[{"@type":"CommentAction","name":"Comment","target":["https:\/\/www.planhub.ca\/blog\/fr\/globalive-encourage-les-citoyens-canadiens-a-contester-la-fusion-rogers-shaw\/#respond"]}]},{"@type":"WebPage","@id":"https:\/\/www.planhub.ca\/blog\/fr\/globalive-encourage-les-citoyens-canadiens-a-contester-la-fusion-rogers-shaw\/","url":"https:\/\/www.planhub.ca\/blog\/fr\/globalive-encourage-les-citoyens-canadiens-a-contester-la-fusion-rogers-shaw\/","name":"Rogers-Shaw Merger: Globalive Invites Canadians to Contest","isPartOf":{"@id":"https:\/\/www.planhub.ca\/blog\/fr\/#website"},"primaryImageOfPage":{"@id":"https:\/\/www.planhub.ca\/blog\/fr\/globalive-encourage-les-citoyens-canadiens-a-contester-la-fusion-rogers-shaw\/#primaryimage"},"image":{"@id":"https:\/\/www.planhub.ca\/blog\/fr\/globalive-encourage-les-citoyens-canadiens-a-contester-la-fusion-rogers-shaw\/#primaryimage"},"thumbnailUrl":"https:\/\/www.planhub.ca\/blog\/wp-content\/uploads\/2019\/06\/rogers-cover.jpg","datePublished":"2023-01-23T18:30:29+00:00","dateModified":"2023-04-14T15:36:40+00:00","description":"Apr\u00e8s TekSavvy, au tour de Globalive de contester le rachat de Sahw par Rogers, l\u2019op\u00e9rateur met en ligne un formulaire afin d\u2019avertir les d\u00e9put\u00e9s.","breadcrumb":{"@id":"https:\/\/www.planhub.ca\/blog\/fr\/globalive-encourage-les-citoyens-canadiens-a-contester-la-fusion-rogers-shaw\/#breadcrumb"},"inLanguage":"fr-CA","potentialAction":[{"@type":"ReadAction","target":["https:\/\/www.planhub.ca\/blog\/fr\/globalive-encourage-les-citoyens-canadiens-a-contester-la-fusion-rogers-shaw\/"]}]},{"@type":"ImageObject","inLanguage":"fr-CA","@id":"https:\/\/www.planhub.ca\/blog\/fr\/globalive-encourage-les-citoyens-canadiens-a-contester-la-fusion-rogers-shaw\/#primaryimage","url":"https:\/\/www.planhub.ca\/blog\/wp-content\/uploads\/2019\/06\/rogers-cover.jpg","contentUrl":"https:\/\/www.planhub.ca\/blog\/wp-content\/uploads\/2019\/06\/rogers-cover.jpg","width":900,"height":330,"caption":"rogers"},{"@type":"BreadcrumbList","@id":"https:\/\/www.planhub.ca\/blog\/fr\/globalive-encourage-les-citoyens-canadiens-a-contester-la-fusion-rogers-shaw\/#breadcrumb","itemListElement":[{"@type":"ListItem","position":1,"name":"Home","item":"https:\/\/www.planhub.ca\/blog\/fr\/"},{"@type":"ListItem","position":2,"name":"T\u00e9l\u00e9communications","item":"https:\/\/www.planhub.ca\/blog\/fr\/category\/telecom-fr\/"},{"@type":"ListItem","position":3,"name":"Globalive encourage les citoyens canadiens \u00e0 contester la fusion Rogers-Shaw"}]},{"@type":"WebSite","@id":"https:\/\/www.planhub.ca\/blog\/fr\/#website","url":"https:\/\/www.planhub.ca\/blog\/fr\/","name":"PlanHub.ca The Blog - Promotions, Guides, News and more!","description":"PlanHub","publisher":{"@id":"https:\/\/www.planhub.ca\/blog\/fr\/#organization"},"alternateName":"PlanHub.ca The Blog","potentialAction":[{"@type":"SearchAction","target":{"@type":"EntryPoint","urlTemplate":"https:\/\/www.planhub.ca\/blog\/fr\/?s={search_term_string}"},"query-input":{"@type":"PropertyValueSpecification","valueRequired":true,"valueName":"search_term_string"}}],"inLanguage":"fr-CA"},{"@type":"Organization","@id":"https:\/\/www.planhub.ca\/blog\/fr\/#organization","name":"PlanHub.ca","alternateName":"PlanHub.ca","url":"https:\/\/www.planhub.ca\/blog\/fr\/","logo":{"@type":"ImageObject","inLanguage":"fr-CA","@id":"https:\/\/www.planhub.ca\/blog\/fr\/#\/schema\/logo\/image\/","url":"https:\/\/www.planhub.ca\/blog\/wp-content\/uploads\/2024\/04\/logo_planhub_horizontal_vert-2-2.png","contentUrl":"https:\/\/www.planhub.ca\/blog\/wp-content\/uploads\/2024\/04\/logo_planhub_horizontal_vert-2-2.png","width":900,"height":360,"caption":"PlanHub.ca"},"image":{"@id":"https:\/\/www.planhub.ca\/blog\/fr\/#\/schema\/logo\/image\/"},"sameAs":["https:\/\/www.facebook.com\/planhub.ca","https:\/\/x.com\/PlanHub_ca","https:\/\/ca.linkedin.com\/company\/planhub-ca"]},{"@type":"Person","@id":"https:\/\/www.planhub.ca\/blog\/fr\/#\/schema\/person\/17e57e2222f72d0f916172351a8093e1","name":"Alexis Le Marec","image":{"@type":"ImageObject","inLanguage":"fr-CA","@id":"https:\/\/secure.gravatar.com\/avatar\/1c9a710d21feab61eba747243d26a82a0fddf6b0a53fa400eb07c40bb1b60b82?s=96&d=blank&r=g","url":"https:\/\/secure.gravatar.com\/avatar\/1c9a710d21feab61eba747243d26a82a0fddf6b0a53fa400eb07c40bb1b60b82?s=96&d=blank&r=g","contentUrl":"https:\/\/secure.gravatar.com\/avatar\/1c9a710d21feab61eba747243d26a82a0fddf6b0a53fa400eb07c40bb1b60b82?s=96&d=blank&r=g","caption":"Alexis Le Marec"},"description":"As an avid user of social media and online applications, Alexis shares her expertise on how technology influences our social interactions and our daily lives. His practical advice will help you navigate the connected world with ease.","sameAs":["https:\/\/x.com\/AlexisLeMarec","https:\/\/x.com\/https:\/\/x.com\/AlexisLeMarec"],"url":"https:\/\/www.planhub.ca\/blog\/fr\/author\/alexis\/"}]}},"_links":{"self":[{"href":"https:\/\/www.planhub.ca\/blog\/fr\/wp-json\/wp\/v2\/posts\/10621","targetHints":{"allow":["GET"]}}],"collection":[{"href":"https:\/\/www.planhub.ca\/blog\/fr\/wp-json\/wp\/v2\/posts"}],"about":[{"href":"https:\/\/www.planhub.ca\/blog\/fr\/wp-json\/wp\/v2\/types\/post"}],"author":[{"embeddable":true,"href":"https:\/\/www.planhub.ca\/blog\/fr\/wp-json\/wp\/v2\/users\/32"}],"replies":[{"embeddable":true,"href":"https:\/\/www.planhub.ca\/blog\/fr\/wp-json\/wp\/v2\/comments?post=10621"}],"version-history":[{"count":3,"href":"https:\/\/www.planhub.ca\/blog\/fr\/wp-json\/wp\/v2\/posts\/10621\/revisions"}],"predecessor-version":[{"id":11999,"href":"https:\/\/www.planhub.ca\/blog\/fr\/wp-json\/wp\/v2\/posts\/10621\/revisions\/11999"}],"wp:attachment":[{"href":"https:\/\/www.planhub.ca\/blog\/fr\/wp-json\/wp\/v2\/media?parent=10621"}],"wp:term":[{"taxonomy":"category","embeddable":true,"href":"https:\/\/www.planhub.ca\/blog\/fr\/wp-json\/wp\/v2\/categories?post=10621"},{"taxonomy":"post_tag","embeddable":true,"href":"https:\/\/www.planhub.ca\/blog\/fr\/wp-json\/wp\/v2\/tags?post=10621"}],"curies":[{"name":"wp","href":"https:\/\/api.w.org\/{rel}","templated":true}]}}