{"id":11384,"date":"2023-03-14T17:26:49","date_gmt":"2023-03-14T17:26:49","guid":{"rendered":"https:\/\/www.planhub.ca\/blog\/?p=11384"},"modified":"2023-03-14T17:27:05","modified_gmt":"2023-03-14T17:27:05","slug":"la-camera-du-galaxy-s23-victime-dun-defaut-qui-gache-les-photos","status":"publish","type":"post","link":"https:\/\/www.planhub.ca\/blog\/fr\/la-camera-du-galaxy-s23-victime-dun-defaut-qui-gache-les-photos\/","title":{"rendered":"La cam\u00e9ra du Galaxy S23 victime d&rsquo;un d\u00e9faut qui g\u00e2che les photos"},"content":{"rendered":"<p><strong>Une zone de flou en forme de banane qui alt\u00e8re les photos, c&rsquo;est le probl\u00e8me qui touche certains Galaxy S23 et S23+.<\/strong><\/p>\n<p><strong>Cr\u00e9dit Image : Samsung<\/strong><\/p>\n<p>Le Galaxy S23 a beau r\u00e9colter les \u00e9loges, un vilain trouble vient g\u00e2cher les photos. Plusieurs propri\u00e9taires se plaignent sur <a href=\"https:\/\/www.reddit.com\/r\/GalaxyS23\/comments\/11mmait\/s23_and_s23_camera_users_complaining_about\/\">Reddit<\/a>, photos \u00e0 l&rsquo;appui, que la cam\u00e9ra du dernier t\u00e9l\u00e9phone de Samsung serait affubl\u00e9e d&rsquo;un d\u00e9faut physique.\u00a0 Concr\u00e8tement, les utilisateurs se sont rendu compte que lorsqu&rsquo;ils capturent une zone pr\u00e9sentant beaucoup de d\u00e9tails comme de l&rsquo;herbe ou une image comportant beaucoup de texte, une zone de flou apparait sur les captures. La particularit\u00e9 de ce probl\u00e8me vient \u00e9galement du fait que la zone de flou semble \u00eatre la m\u00eame d&rsquo;un appareil \u00e0 l&rsquo;autre, tandis que sa forme fait penser \u00e0 une banane. Il semblerait donc que ce probl\u00e8me soit physique et provienne d&rsquo;un d\u00e9faut de la lentille.<\/p>\n<p><a href=\"https:\/\/blog-shared-space.nyc3.digitaloceanspaces.com\/2023\/03\/HcPOMcB.jpg\"><img fetchpriority=\"high\" decoding=\"async\" class=\"aligncenter wp-image-11398 size-large\" src=\"https:\/\/blog-shared-space.nyc3.digitaloceanspaces.com\/2023\/03\/HcPOMcB-576x1024.jpg\" alt=\"\" width=\"576\" height=\"1024\" srcset=\"https:\/\/www.planhub.ca\/blog\/wp-content\/uploads\/2023\/03\/HcPOMcB-576x1024.jpg 576w, https:\/\/www.planhub.ca\/blog\/wp-content\/uploads\/2023\/03\/HcPOMcB-169x300.jpg 169w, https:\/\/www.planhub.ca\/blog\/wp-content\/uploads\/2023\/03\/HcPOMcB-768x1365.jpg 768w, https:\/\/www.planhub.ca\/blog\/wp-content\/uploads\/2023\/03\/HcPOMcB.jpg 844w\" sizes=\"(max-width: 576px) 100vw, 576px\" \/><\/a><\/p>\n<p><strong>Un probl\u00e8me qui touche une partie des t\u00e9l\u00e9phones ?<\/strong><\/p>\n<p>Alors que les photos pointant le probl\u00e8me affluent sur Reddit, d&rsquo;autres propri\u00e9taires, images \u00e0 l&rsquo;appui, affirment ne pas \u00eatre touch\u00e9s par ce d\u00e9faut. Celui-ci peut donc \u00eatre d\u00fb \u00e0 plusieurs facteurs. Il est possible qu&rsquo;un lot de cam\u00e9ras d\u00e9fectueuses ait \u00e9t\u00e9 livr\u00e9 \u00e0 Samsung, et comme l&rsquo;on parle d&rsquo;un t\u00e9l\u00e9phone phare produit \u00e0 plusieurs centaines de milliers d&rsquo;exemplaires, un lot d\u00e9fectueux peut concerner plusieurs milliers de cam\u00e9ras. Le d\u00e9faut pourrait \u00e9galement se produire durant l&rsquo;assemblage en usine, mais cela semble moins probable.<\/p>\n\n<p>&nbsp;<\/p>\n<p><strong>Quelle solution ?<\/strong><\/p>\n<p>Samsung n&rsquo;a pas encore communiqu\u00e9 sur ce probl\u00e8me, mais la soci\u00e9t\u00e9 ne va pas avoir d&rsquo;autre choix que de passer \u00e0 l&rsquo;action. La premi\u00e8re option serait que Samsung remplace les t\u00e9l\u00e9phones dont la cam\u00e9ra est d\u00e9fectueuse, c&rsquo;est la m\u00e9thode entrainant le moins de nuisance pour les utilisateurs. L&rsquo;autre solution serait que Samsung remplace les cam\u00e9ras, mais cette op\u00e9ration demanderait \u00e0 amener les t\u00e9l\u00e9phones en magasins, tandis que m\u00eame si les objectifs ne demandent que quelques minutes pour \u00eatre remplac\u00e9s, cela pourrait entrainer une immobilisation du t\u00e9l\u00e9phone. Enfin, Samsung pourrait tenter de corriger ce probl\u00e8me de mani\u00e8re logicielle en traitant la zone incrimin\u00e9e. Cependant, difficile d&rsquo;imaginer que cela pourrait \u00eatre r\u00e9solu de cette mani\u00e8re, au mieux le vilain effet serait att\u00e9nu\u00e9.\u00a0Il est s\u00fbr que ce probl\u00e8me va \u00eatre corrig\u00e9 par Samsung qui ne peut pas laisser son porte-\u00e9tendard dans cette situation. Reste \u00e0 savoir comment va r\u00e9agir la soci\u00e9t\u00e9 et comment les utilisateurs victimes de ce d\u00e9faut vont \u00eatre pris en charge.<\/p>\n<p>Vous pouvez bien s\u00fbr magasiner un Galaxy S23, mais vous pouvez toujours vous tourner vers le <a href=\"https:\/\/www.planhub.ca\/fr\/cellulaire\/galaxy-s22\">Galaxy S22<\/a> qui reste un excellent t\u00e9l\u00e9phone et n&rsquo;est pas affubl\u00e9 par ce d\u00e9faut, ou vers le <a href=\"https:\/\/www.planhub.ca\/fr\/cellulaire\/galaxy-s23-ultra\">Galaxy S23 Ultra<\/a> qui poss\u00e8de un capteur diff\u00e9rent de 200 Mpix.<\/p>\n<p>&nbsp;<\/p>\n\n<p>&nbsp;<\/p>\n","protected":false},"excerpt":{"rendered":"<p>Une zone de flou en forme de banane qui alt\u00e8re les photos, c&rsquo;est le probl\u00e8me qui touche certains Galaxy S23 et S23+. Cr\u00e9dit Image : Samsung Le Galaxy S23 a beau r\u00e9colter les \u00e9loges, un vilain trouble vient g\u00e2cher les photos. Plusieurs propri\u00e9taires se plaignent sur Reddit, photos \u00e0 l&rsquo;appui, que la cam\u00e9ra du dernier [&hellip;]<\/p>\n","protected":false},"author":32,"featured_media":11394,"comment_status":"open","ping_status":"closed","sticky":false,"template":"","format":"standard","meta":{"_acf_changed":false,"footnotes":""},"categories":[834,489,835],"tags":[],"class_list":["post-11384","post","type-post","status-publish","format-standard","has-post-thumbnail","hentry","category-mobile-articles-fr","category-mobile-fr","category-mobile-news-fr"],"acf":[],"yoast_head":"<!-- This site is optimized with the Yoast SEO plugin v28.3 - https:\/\/yoast.com\/product\/yoast-seo-wordpress\/ -->\n<title>D\u00e9faut de cam\u00e9ra Galaxy S23 nuit aux photos | PlanHub<\/title>\n<meta name=\"description\" content=\"Le Galaxy S23 a beau r\u00e9colter les \u00e9loges, un vilain trouble vient g\u00e2cher les photos. Plusieurs propri\u00e9taires se plaignent sur Reddit, photos \u00e0 l&#039;appui, que la cam\u00e9ra du dernier t\u00e9l\u00e9phone de Samsung serait affubl\u00e9e d&#039;un d\u00e9faut physique\" \/>\n<meta name=\"robots\" content=\"index, follow, max-snippet:-1, max-image-preview:large, max-video-preview:-1\" \/>\n<link rel=\"canonical\" href=\"https:\/\/www.planhub.ca\/blog\/fr\/la-camera-du-galaxy-s23-victime-dun-defaut-qui-gache-les-photos\/\" \/>\n<meta property=\"og:locale\" content=\"fr_CA\" \/>\n<meta property=\"og:type\" content=\"article\" \/>\n<meta property=\"og:title\" content=\"D\u00e9faut de cam\u00e9ra Galaxy S23 nuit aux photos | PlanHub\" \/>\n<meta property=\"og:description\" content=\"Le Galaxy S23 a beau r\u00e9colter les \u00e9loges, un vilain trouble vient g\u00e2cher les photos. Plusieurs propri\u00e9taires se plaignent sur Reddit, photos \u00e0 l&#039;appui, que la cam\u00e9ra du dernier t\u00e9l\u00e9phone de Samsung serait affubl\u00e9e d&#039;un d\u00e9faut physique\" \/>\n<meta property=\"og:url\" content=\"https:\/\/www.planhub.ca\/blog\/fr\/la-camera-du-galaxy-s23-victime-dun-defaut-qui-gache-les-photos\/\" \/>\n<meta property=\"og:site_name\" content=\"Le Blogue - Promotions, Guides, Nouvelles et plus!\" \/>\n<meta property=\"article:publisher\" content=\"https:\/\/www.facebook.com\/planhub.ca\" \/>\n<meta property=\"article:published_time\" content=\"2023-03-14T17:26:49+00:00\" \/>\n<meta property=\"article:modified_time\" content=\"2023-03-14T17:27:05+00:00\" \/>\n<meta property=\"og:image\" content=\"https:\/\/www.planhub.ca\/blog\/wp-content\/uploads\/2023\/03\/s23xx.jpg\" \/>\n\t<meta property=\"og:image:width\" content=\"860\" \/>\n\t<meta property=\"og:image:height\" content=\"330\" \/>\n\t<meta property=\"og:image:type\" content=\"image\/jpeg\" \/>\n<meta name=\"author\" content=\"Alexis Le Marec\" \/>\n<meta name=\"twitter:card\" content=\"summary_large_image\" \/>\n<meta name=\"twitter:creator\" content=\"@https:\/\/x.com\/AlexisLeMarec\" \/>\n<meta name=\"twitter:site\" content=\"@PlanHub_ca\" \/>\n<meta name=\"twitter:label1\" content=\"\u00c9crit par\" \/>\n\t<meta name=\"twitter:data1\" content=\"Alexis Le Marec\" \/>\n\t<meta name=\"twitter:label2\" content=\"Estimation du temps de lecture\" \/>\n\t<meta name=\"twitter:data2\" content=\"3 minutes\" \/>\n<script type=\"application\/ld+json\" class=\"yoast-schema-graph\">{\"@context\":\"https:\\\/\\\/schema.org\",\"@graph\":[{\"@type\":\"Article\",\"@id\":\"https:\\\/\\\/www.planhub.ca\\\/blog\\\/fr\\\/la-camera-du-galaxy-s23-victime-dun-defaut-qui-gache-les-photos\\\/#article\",\"isPartOf\":{\"@id\":\"https:\\\/\\\/www.planhub.ca\\\/blog\\\/fr\\\/la-camera-du-galaxy-s23-victime-dun-defaut-qui-gache-les-photos\\\/\"},\"author\":{\"name\":\"Alexis Le Marec\",\"@id\":\"https:\\\/\\\/www.planhub.ca\\\/blog\\\/fr\\\/#\\\/schema\\\/person\\\/17e57e2222f72d0f916172351a8093e1\"},\"headline\":\"La cam\u00e9ra du Galaxy S23 victime d&rsquo;un d\u00e9faut qui g\u00e2che les photos\",\"datePublished\":\"2023-03-14T17:26:49+00:00\",\"dateModified\":\"2023-03-14T17:27:05+00:00\",\"mainEntityOfPage\":{\"@id\":\"https:\\\/\\\/www.planhub.ca\\\/blog\\\/fr\\\/la-camera-du-galaxy-s23-victime-dun-defaut-qui-gache-les-photos\\\/\"},\"wordCount\":542,\"commentCount\":0,\"publisher\":{\"@id\":\"https:\\\/\\\/www.planhub.ca\\\/blog\\\/fr\\\/#organization\"},\"image\":{\"@id\":\"https:\\\/\\\/www.planhub.ca\\\/blog\\\/fr\\\/la-camera-du-galaxy-s23-victime-dun-defaut-qui-gache-les-photos\\\/#primaryimage\"},\"thumbnailUrl\":\"https:\\\/\\\/www.planhub.ca\\\/blog\\\/wp-content\\\/uploads\\\/2023\\\/03\\\/s23xx.jpg\",\"articleSection\":[\"Articles\",\"Mobile\",\"Nouvelles\"],\"inLanguage\":\"fr-CA\",\"potentialAction\":[{\"@type\":\"CommentAction\",\"name\":\"Comment\",\"target\":[\"https:\\\/\\\/www.planhub.ca\\\/blog\\\/fr\\\/la-camera-du-galaxy-s23-victime-dun-defaut-qui-gache-les-photos\\\/#respond\"]}]},{\"@type\":\"WebPage\",\"@id\":\"https:\\\/\\\/www.planhub.ca\\\/blog\\\/fr\\\/la-camera-du-galaxy-s23-victime-dun-defaut-qui-gache-les-photos\\\/\",\"url\":\"https:\\\/\\\/www.planhub.ca\\\/blog\\\/fr\\\/la-camera-du-galaxy-s23-victime-dun-defaut-qui-gache-les-photos\\\/\",\"name\":\"D\u00e9faut de cam\u00e9ra Galaxy S23 nuit aux photos | PlanHub\",\"isPartOf\":{\"@id\":\"https:\\\/\\\/www.planhub.ca\\\/blog\\\/fr\\\/#website\"},\"primaryImageOfPage\":{\"@id\":\"https:\\\/\\\/www.planhub.ca\\\/blog\\\/fr\\\/la-camera-du-galaxy-s23-victime-dun-defaut-qui-gache-les-photos\\\/#primaryimage\"},\"image\":{\"@id\":\"https:\\\/\\\/www.planhub.ca\\\/blog\\\/fr\\\/la-camera-du-galaxy-s23-victime-dun-defaut-qui-gache-les-photos\\\/#primaryimage\"},\"thumbnailUrl\":\"https:\\\/\\\/www.planhub.ca\\\/blog\\\/wp-content\\\/uploads\\\/2023\\\/03\\\/s23xx.jpg\",\"datePublished\":\"2023-03-14T17:26:49+00:00\",\"dateModified\":\"2023-03-14T17:27:05+00:00\",\"description\":\"Le Galaxy S23 a beau r\u00e9colter les \u00e9loges, un vilain trouble vient g\u00e2cher les photos. Plusieurs propri\u00e9taires se plaignent sur Reddit, photos \u00e0 l'appui, que la cam\u00e9ra du dernier t\u00e9l\u00e9phone de Samsung serait affubl\u00e9e d'un d\u00e9faut physique\",\"breadcrumb\":{\"@id\":\"https:\\\/\\\/www.planhub.ca\\\/blog\\\/fr\\\/la-camera-du-galaxy-s23-victime-dun-defaut-qui-gache-les-photos\\\/#breadcrumb\"},\"inLanguage\":\"fr-CA\",\"potentialAction\":[{\"@type\":\"ReadAction\",\"target\":[\"https:\\\/\\\/www.planhub.ca\\\/blog\\\/fr\\\/la-camera-du-galaxy-s23-victime-dun-defaut-qui-gache-les-photos\\\/\"]}]},{\"@type\":\"ImageObject\",\"inLanguage\":\"fr-CA\",\"@id\":\"https:\\\/\\\/www.planhub.ca\\\/blog\\\/fr\\\/la-camera-du-galaxy-s23-victime-dun-defaut-qui-gache-les-photos\\\/#primaryimage\",\"url\":\"https:\\\/\\\/www.planhub.ca\\\/blog\\\/wp-content\\\/uploads\\\/2023\\\/03\\\/s23xx.jpg\",\"contentUrl\":\"https:\\\/\\\/www.planhub.ca\\\/blog\\\/wp-content\\\/uploads\\\/2023\\\/03\\\/s23xx.jpg\",\"width\":860,\"height\":330},{\"@type\":\"BreadcrumbList\",\"@id\":\"https:\\\/\\\/www.planhub.ca\\\/blog\\\/fr\\\/la-camera-du-galaxy-s23-victime-dun-defaut-qui-gache-les-photos\\\/#breadcrumb\",\"itemListElement\":[{\"@type\":\"ListItem\",\"position\":1,\"name\":\"Home\",\"item\":\"https:\\\/\\\/www.planhub.ca\\\/blog\\\/fr\\\/\"},{\"@type\":\"ListItem\",\"position\":2,\"name\":\"Mobile\",\"item\":\"https:\\\/\\\/www.planhub.ca\\\/blog\\\/fr\\\/category\\\/mobile-fr\\\/\"},{\"@type\":\"ListItem\",\"position\":3,\"name\":\"Nouvelles\",\"item\":\"https:\\\/\\\/www.planhub.ca\\\/blog\\\/fr\\\/category\\\/mobile-fr\\\/mobile-news-fr\\\/\"},{\"@type\":\"ListItem\",\"position\":4,\"name\":\"La cam\u00e9ra du Galaxy S23 victime d&#8217;un d\u00e9faut qui g\u00e2che les photos\"}]},{\"@type\":\"WebSite\",\"@id\":\"https:\\\/\\\/www.planhub.ca\\\/blog\\\/fr\\\/#website\",\"url\":\"https:\\\/\\\/www.planhub.ca\\\/blog\\\/fr\\\/\",\"name\":\"PlanHub.ca The Blog - Promotions, Guides, News and more!\",\"description\":\"PlanHub\",\"publisher\":{\"@id\":\"https:\\\/\\\/www.planhub.ca\\\/blog\\\/fr\\\/#organization\"},\"alternateName\":\"PlanHub.ca The Blog\",\"potentialAction\":[{\"@type\":\"SearchAction\",\"target\":{\"@type\":\"EntryPoint\",\"urlTemplate\":\"https:\\\/\\\/www.planhub.ca\\\/blog\\\/fr\\\/?s={search_term_string}\"},\"query-input\":{\"@type\":\"PropertyValueSpecification\",\"valueRequired\":true,\"valueName\":\"search_term_string\"}}],\"inLanguage\":\"fr-CA\"},{\"@type\":\"Organization\",\"@id\":\"https:\\\/\\\/www.planhub.ca\\\/blog\\\/fr\\\/#organization\",\"name\":\"PlanHub.ca\",\"alternateName\":\"PlanHub.ca\",\"url\":\"https:\\\/\\\/www.planhub.ca\\\/blog\\\/fr\\\/\",\"logo\":{\"@type\":\"ImageObject\",\"inLanguage\":\"fr-CA\",\"@id\":\"https:\\\/\\\/www.planhub.ca\\\/blog\\\/fr\\\/#\\\/schema\\\/logo\\\/image\\\/\",\"url\":\"https:\\\/\\\/www.planhub.ca\\\/blog\\\/wp-content\\\/uploads\\\/2024\\\/04\\\/logo_planhub_horizontal_vert-2-2.png\",\"contentUrl\":\"https:\\\/\\\/www.planhub.ca\\\/blog\\\/wp-content\\\/uploads\\\/2024\\\/04\\\/logo_planhub_horizontal_vert-2-2.png\",\"width\":900,\"height\":360,\"caption\":\"PlanHub.ca\"},\"image\":{\"@id\":\"https:\\\/\\\/www.planhub.ca\\\/blog\\\/fr\\\/#\\\/schema\\\/logo\\\/image\\\/\"},\"sameAs\":[\"https:\\\/\\\/www.facebook.com\\\/planhub.ca\",\"https:\\\/\\\/x.com\\\/PlanHub_ca\",\"https:\\\/\\\/ca.linkedin.com\\\/company\\\/planhub-ca\"]},{\"@type\":\"Person\",\"@id\":\"https:\\\/\\\/www.planhub.ca\\\/blog\\\/fr\\\/#\\\/schema\\\/person\\\/17e57e2222f72d0f916172351a8093e1\",\"name\":\"Alexis Le Marec\",\"image\":{\"@type\":\"ImageObject\",\"inLanguage\":\"fr-CA\",\"@id\":\"https:\\\/\\\/secure.gravatar.com\\\/avatar\\\/1c9a710d21feab61eba747243d26a82a0fddf6b0a53fa400eb07c40bb1b60b82?s=96&d=blank&r=g\",\"url\":\"https:\\\/\\\/secure.gravatar.com\\\/avatar\\\/1c9a710d21feab61eba747243d26a82a0fddf6b0a53fa400eb07c40bb1b60b82?s=96&d=blank&r=g\",\"contentUrl\":\"https:\\\/\\\/secure.gravatar.com\\\/avatar\\\/1c9a710d21feab61eba747243d26a82a0fddf6b0a53fa400eb07c40bb1b60b82?s=96&d=blank&r=g\",\"caption\":\"Alexis Le Marec\"},\"description\":\"As an avid user of social media and online applications, Alexis shares her expertise on how technology influences our social interactions and our daily lives. His practical advice will help you navigate the connected world with ease.\",\"sameAs\":[\"https:\\\/\\\/x.com\\\/AlexisLeMarec\",\"https:\\\/\\\/x.com\\\/https:\\\/\\\/x.com\\\/AlexisLeMarec\"],\"url\":\"https:\\\/\\\/www.planhub.ca\\\/blog\\\/fr\\\/author\\\/alexis\\\/\"}]}<\/script>\n<!-- \/ Yoast SEO plugin. -->","yoast_head_json":{"title":"D\u00e9faut de cam\u00e9ra Galaxy S23 nuit aux photos | PlanHub","description":"Le Galaxy S23 a beau r\u00e9colter les \u00e9loges, un vilain trouble vient g\u00e2cher les photos. Plusieurs propri\u00e9taires se plaignent sur Reddit, photos \u00e0 l'appui, que la cam\u00e9ra du dernier t\u00e9l\u00e9phone de Samsung serait affubl\u00e9e d'un d\u00e9faut physique","robots":{"index":"index","follow":"follow","max-snippet":"max-snippet:-1","max-image-preview":"max-image-preview:large","max-video-preview":"max-video-preview:-1"},"canonical":"https:\/\/www.planhub.ca\/blog\/fr\/la-camera-du-galaxy-s23-victime-dun-defaut-qui-gache-les-photos\/","og_locale":"fr_CA","og_type":"article","og_title":"D\u00e9faut de cam\u00e9ra Galaxy S23 nuit aux photos | PlanHub","og_description":"Le Galaxy S23 a beau r\u00e9colter les \u00e9loges, un vilain trouble vient g\u00e2cher les photos. Plusieurs propri\u00e9taires se plaignent sur Reddit, photos \u00e0 l'appui, que la cam\u00e9ra du dernier t\u00e9l\u00e9phone de Samsung serait affubl\u00e9e d'un d\u00e9faut physique","og_url":"https:\/\/www.planhub.ca\/blog\/fr\/la-camera-du-galaxy-s23-victime-dun-defaut-qui-gache-les-photos\/","og_site_name":"Le Blogue - Promotions, Guides, Nouvelles et plus!","article_publisher":"https:\/\/www.facebook.com\/planhub.ca","article_published_time":"2023-03-14T17:26:49+00:00","article_modified_time":"2023-03-14T17:27:05+00:00","og_image":[{"width":860,"height":330,"url":"https:\/\/www.planhub.ca\/blog\/wp-content\/uploads\/2023\/03\/s23xx.jpg","type":"image\/jpeg"}],"author":"Alexis Le Marec","twitter_card":"summary_large_image","twitter_creator":"@https:\/\/x.com\/AlexisLeMarec","twitter_site":"@PlanHub_ca","twitter_misc":{"\u00c9crit par":"Alexis Le Marec","Estimation du temps de lecture":"3 minutes"},"schema":{"@context":"https:\/\/schema.org","@graph":[{"@type":"Article","@id":"https:\/\/www.planhub.ca\/blog\/fr\/la-camera-du-galaxy-s23-victime-dun-defaut-qui-gache-les-photos\/#article","isPartOf":{"@id":"https:\/\/www.planhub.ca\/blog\/fr\/la-camera-du-galaxy-s23-victime-dun-defaut-qui-gache-les-photos\/"},"author":{"name":"Alexis Le Marec","@id":"https:\/\/www.planhub.ca\/blog\/fr\/#\/schema\/person\/17e57e2222f72d0f916172351a8093e1"},"headline":"La cam\u00e9ra du Galaxy S23 victime d&rsquo;un d\u00e9faut qui g\u00e2che les photos","datePublished":"2023-03-14T17:26:49+00:00","dateModified":"2023-03-14T17:27:05+00:00","mainEntityOfPage":{"@id":"https:\/\/www.planhub.ca\/blog\/fr\/la-camera-du-galaxy-s23-victime-dun-defaut-qui-gache-les-photos\/"},"wordCount":542,"commentCount":0,"publisher":{"@id":"https:\/\/www.planhub.ca\/blog\/fr\/#organization"},"image":{"@id":"https:\/\/www.planhub.ca\/blog\/fr\/la-camera-du-galaxy-s23-victime-dun-defaut-qui-gache-les-photos\/#primaryimage"},"thumbnailUrl":"https:\/\/www.planhub.ca\/blog\/wp-content\/uploads\/2023\/03\/s23xx.jpg","articleSection":["Articles","Mobile","Nouvelles"],"inLanguage":"fr-CA","potentialAction":[{"@type":"CommentAction","name":"Comment","target":["https:\/\/www.planhub.ca\/blog\/fr\/la-camera-du-galaxy-s23-victime-dun-defaut-qui-gache-les-photos\/#respond"]}]},{"@type":"WebPage","@id":"https:\/\/www.planhub.ca\/blog\/fr\/la-camera-du-galaxy-s23-victime-dun-defaut-qui-gache-les-photos\/","url":"https:\/\/www.planhub.ca\/blog\/fr\/la-camera-du-galaxy-s23-victime-dun-defaut-qui-gache-les-photos\/","name":"D\u00e9faut de cam\u00e9ra Galaxy S23 nuit aux photos | PlanHub","isPartOf":{"@id":"https:\/\/www.planhub.ca\/blog\/fr\/#website"},"primaryImageOfPage":{"@id":"https:\/\/www.planhub.ca\/blog\/fr\/la-camera-du-galaxy-s23-victime-dun-defaut-qui-gache-les-photos\/#primaryimage"},"image":{"@id":"https:\/\/www.planhub.ca\/blog\/fr\/la-camera-du-galaxy-s23-victime-dun-defaut-qui-gache-les-photos\/#primaryimage"},"thumbnailUrl":"https:\/\/www.planhub.ca\/blog\/wp-content\/uploads\/2023\/03\/s23xx.jpg","datePublished":"2023-03-14T17:26:49+00:00","dateModified":"2023-03-14T17:27:05+00:00","description":"Le Galaxy S23 a beau r\u00e9colter les \u00e9loges, un vilain trouble vient g\u00e2cher les photos. Plusieurs propri\u00e9taires se plaignent sur Reddit, photos \u00e0 l'appui, que la cam\u00e9ra du dernier t\u00e9l\u00e9phone de Samsung serait affubl\u00e9e d'un d\u00e9faut physique","breadcrumb":{"@id":"https:\/\/www.planhub.ca\/blog\/fr\/la-camera-du-galaxy-s23-victime-dun-defaut-qui-gache-les-photos\/#breadcrumb"},"inLanguage":"fr-CA","potentialAction":[{"@type":"ReadAction","target":["https:\/\/www.planhub.ca\/blog\/fr\/la-camera-du-galaxy-s23-victime-dun-defaut-qui-gache-les-photos\/"]}]},{"@type":"ImageObject","inLanguage":"fr-CA","@id":"https:\/\/www.planhub.ca\/blog\/fr\/la-camera-du-galaxy-s23-victime-dun-defaut-qui-gache-les-photos\/#primaryimage","url":"https:\/\/www.planhub.ca\/blog\/wp-content\/uploads\/2023\/03\/s23xx.jpg","contentUrl":"https:\/\/www.planhub.ca\/blog\/wp-content\/uploads\/2023\/03\/s23xx.jpg","width":860,"height":330},{"@type":"BreadcrumbList","@id":"https:\/\/www.planhub.ca\/blog\/fr\/la-camera-du-galaxy-s23-victime-dun-defaut-qui-gache-les-photos\/#breadcrumb","itemListElement":[{"@type":"ListItem","position":1,"name":"Home","item":"https:\/\/www.planhub.ca\/blog\/fr\/"},{"@type":"ListItem","position":2,"name":"Mobile","item":"https:\/\/www.planhub.ca\/blog\/fr\/category\/mobile-fr\/"},{"@type":"ListItem","position":3,"name":"Nouvelles","item":"https:\/\/www.planhub.ca\/blog\/fr\/category\/mobile-fr\/mobile-news-fr\/"},{"@type":"ListItem","position":4,"name":"La cam\u00e9ra du Galaxy S23 victime d&#8217;un d\u00e9faut qui g\u00e2che les photos"}]},{"@type":"WebSite","@id":"https:\/\/www.planhub.ca\/blog\/fr\/#website","url":"https:\/\/www.planhub.ca\/blog\/fr\/","name":"PlanHub.ca The Blog - Promotions, Guides, News and more!","description":"PlanHub","publisher":{"@id":"https:\/\/www.planhub.ca\/blog\/fr\/#organization"},"alternateName":"PlanHub.ca The Blog","potentialAction":[{"@type":"SearchAction","target":{"@type":"EntryPoint","urlTemplate":"https:\/\/www.planhub.ca\/blog\/fr\/?s={search_term_string}"},"query-input":{"@type":"PropertyValueSpecification","valueRequired":true,"valueName":"search_term_string"}}],"inLanguage":"fr-CA"},{"@type":"Organization","@id":"https:\/\/www.planhub.ca\/blog\/fr\/#organization","name":"PlanHub.ca","alternateName":"PlanHub.ca","url":"https:\/\/www.planhub.ca\/blog\/fr\/","logo":{"@type":"ImageObject","inLanguage":"fr-CA","@id":"https:\/\/www.planhub.ca\/blog\/fr\/#\/schema\/logo\/image\/","url":"https:\/\/www.planhub.ca\/blog\/wp-content\/uploads\/2024\/04\/logo_planhub_horizontal_vert-2-2.png","contentUrl":"https:\/\/www.planhub.ca\/blog\/wp-content\/uploads\/2024\/04\/logo_planhub_horizontal_vert-2-2.png","width":900,"height":360,"caption":"PlanHub.ca"},"image":{"@id":"https:\/\/www.planhub.ca\/blog\/fr\/#\/schema\/logo\/image\/"},"sameAs":["https:\/\/www.facebook.com\/planhub.ca","https:\/\/x.com\/PlanHub_ca","https:\/\/ca.linkedin.com\/company\/planhub-ca"]},{"@type":"Person","@id":"https:\/\/www.planhub.ca\/blog\/fr\/#\/schema\/person\/17e57e2222f72d0f916172351a8093e1","name":"Alexis Le Marec","image":{"@type":"ImageObject","inLanguage":"fr-CA","@id":"https:\/\/secure.gravatar.com\/avatar\/1c9a710d21feab61eba747243d26a82a0fddf6b0a53fa400eb07c40bb1b60b82?s=96&d=blank&r=g","url":"https:\/\/secure.gravatar.com\/avatar\/1c9a710d21feab61eba747243d26a82a0fddf6b0a53fa400eb07c40bb1b60b82?s=96&d=blank&r=g","contentUrl":"https:\/\/secure.gravatar.com\/avatar\/1c9a710d21feab61eba747243d26a82a0fddf6b0a53fa400eb07c40bb1b60b82?s=96&d=blank&r=g","caption":"Alexis Le Marec"},"description":"As an avid user of social media and online applications, Alexis shares her expertise on how technology influences our social interactions and our daily lives. His practical advice will help you navigate the connected world with ease.","sameAs":["https:\/\/x.com\/AlexisLeMarec","https:\/\/x.com\/https:\/\/x.com\/AlexisLeMarec"],"url":"https:\/\/www.planhub.ca\/blog\/fr\/author\/alexis\/"}]}},"_links":{"self":[{"href":"https:\/\/www.planhub.ca\/blog\/fr\/wp-json\/wp\/v2\/posts\/11384","targetHints":{"allow":["GET"]}}],"collection":[{"href":"https:\/\/www.planhub.ca\/blog\/fr\/wp-json\/wp\/v2\/posts"}],"about":[{"href":"https:\/\/www.planhub.ca\/blog\/fr\/wp-json\/wp\/v2\/types\/post"}],"author":[{"embeddable":true,"href":"https:\/\/www.planhub.ca\/blog\/fr\/wp-json\/wp\/v2\/users\/32"}],"replies":[{"embeddable":true,"href":"https:\/\/www.planhub.ca\/blog\/fr\/wp-json\/wp\/v2\/comments?post=11384"}],"version-history":[{"count":2,"href":"https:\/\/www.planhub.ca\/blog\/fr\/wp-json\/wp\/v2\/posts\/11384\/revisions"}],"predecessor-version":[{"id":11400,"href":"https:\/\/www.planhub.ca\/blog\/fr\/wp-json\/wp\/v2\/posts\/11384\/revisions\/11400"}],"wp:featuredmedia":[{"embeddable":true,"href":"https:\/\/www.planhub.ca\/blog\/fr\/wp-json\/wp\/v2\/media\/11394"}],"wp:attachment":[{"href":"https:\/\/www.planhub.ca\/blog\/fr\/wp-json\/wp\/v2\/media?parent=11384"}],"wp:term":[{"taxonomy":"category","embeddable":true,"href":"https:\/\/www.planhub.ca\/blog\/fr\/wp-json\/wp\/v2\/categories?post=11384"},{"taxonomy":"post_tag","embeddable":true,"href":"https:\/\/www.planhub.ca\/blog\/fr\/wp-json\/wp\/v2\/tags?post=11384"}],"curies":[{"name":"wp","href":"https:\/\/api.w.org\/{rel}","templated":true}]}}