{"id":11715,"date":"2023-03-27T16:27:34","date_gmt":"2023-03-27T16:27:34","guid":{"rendered":"https:\/\/www.planhub.ca\/blog\/?p=11715"},"modified":"2023-03-27T16:27:35","modified_gmt":"2023-03-27T16:27:35","slug":"rumeurs-oppo-et-one-plus-pourraient-quitter-leurope-one-plus-dement","status":"publish","type":"post","link":"https:\/\/www.planhub.ca\/blog\/fr\/rumeurs-oppo-et-one-plus-pourraient-quitter-leurope-one-plus-dement\/","title":{"rendered":"Rumeurs, Oppo et One Plus pourraient quitter l\u2019Europe, One Plus d\u00e9ment"},"content":{"rendered":"<p><strong>Partiront, partiront pas ? C\u2019est la question que se posent d\u00e9sormais les utilisateurs suite aux affirmations de plusieurs m\u00e9dias europ\u00e9ens et asiatiques.<\/strong><\/p>\n<p><strong>Cr\u00e9dit Image : Capture Oppo par Planhub<\/strong><\/p>\n<p>La nouvelle a de quoi \u00e9tonner, \u00e0 moiti\u00e9 certes, mais elle provoque assez de remous pour que One Plus monte au cr\u00e9neau et d\u00e9mente. Tout est parti de plusieurs m\u00e9dias tels le journaliste Max Jambor en Allemagne, 36k en Cor\u00e9e, ou encore Snoopy tech qui s\u2019appuie sur les publications de 36k, tous affirmant que One Plus et Oppo s\u2019appr\u00eateraient \u00e0 quitter le march\u00e9 europ\u00e9en.<\/p>\n\n<p>Suite \u00e0 ces affirmations qui ont rapidement \u00e9t\u00e9 reprises par la presse sp\u00e9cialis\u00e9e, One Plus vient de <a href=\"https:\/\/www.theverge.com\/2023\/3\/27\/23657989\/oneplus-denies-report-that-its-exiting-europe\">d\u00e9mentir<\/a> la rumeur par la personne de James Paterson, responsable des relations publiques monde chez One Plus : <em>\u00a0\u00ab\u00a0<\/em><em>OnePlus will not exit from Europe and the UK and maintains stable operations in local markets<\/em>\u00a0\u00bb ce qui donne en fran\u00e7ais : \u00ab\u00a0<em>One Plus ne partira pas d\u2019Europe et d\u2019Angleterre et maintiendra ses op\u00e9rations stable sur les march\u00e9s locaux\u00a0\u00bb.<\/em><\/p>\n<p><a href=\"https:\/\/blog-shared-space.nyc3.digitaloceanspaces.com\/2023\/03\/MAx-Jambor-One-plus-europe.jpg\"><img fetchpriority=\"high\" decoding=\"async\" class=\"aligncenter wp-image-11716 size-full\" src=\"https:\/\/blog-shared-space.nyc3.digitaloceanspaces.com\/2023\/03\/MAx-Jambor-One-plus-europe.jpg\" alt=\"\" width=\"595\" height=\"586\" srcset=\"https:\/\/www.planhub.ca\/blog\/wp-content\/uploads\/2023\/03\/MAx-Jambor-One-plus-europe.jpg 595w, https:\/\/www.planhub.ca\/blog\/wp-content\/uploads\/2023\/03\/MAx-Jambor-One-plus-europe-300x295.jpg 300w\" sizes=\"(max-width: 595px) 100vw, 595px\" \/><\/a><\/p>\n<p><strong>Des signes inqui\u00e9tants chez Oppo<\/strong><\/p>\n<p>&nbsp;<\/p>\n<p>Contraiment \u00e0 One Plus, Oppo n\u2019a pas encore r\u00e9agi \u00e0 cette rumeur. Cependant, il est possible que la situation du constructeur soit inconfortable. Le 9 mars, nous apprenions via le site fran\u00e7ais <a href=\"https:\/\/www.frandroid.com\/marques\/realme\/1630049_mais-ou-est-passe-realme-en-france\">Frandroid<\/a> que la maison m\u00e8re d\u2019Oppo, Realme, avait ferm\u00e9 ses bureaux en France, tandis que le nouveau cabinet de relations publiques qui s\u2019occupe d\u2019Oppo ne donne plus signe de vie. Une personne bas\u00e9e en Pologne s\u2019occupe d\u00e9sormais de la communication d\u2019Oppo pour l\u2019Europe, ce qui est particuli\u00e8rement inqui\u00e9tant. En Europe, l\u2019Allemagne, la France, et l\u2019Angleterre sont consid\u00e9r\u00e9s comme \u00e9tant les march\u00e9s les plus importants et b\u00e9n\u00e9ficient toujours d\u2019une grande pr\u00e9sence des marques avec des antennes nationales. Fermer ses bureaux sur des march\u00e9s aussi cruciaux est donc de tr\u00e8s mauvais augure.<\/p>\n\n<p>&nbsp;<\/p>\n","protected":false},"excerpt":{"rendered":"<p>Partiront, partiront pas ? C\u2019est la question que se posent d\u00e9sormais les utilisateurs suite aux affirmations de plusieurs m\u00e9dias europ\u00e9ens et asiatiques. Cr\u00e9dit Image : Capture Oppo par Planhub La nouvelle a de quoi \u00e9tonner, \u00e0 moiti\u00e9 certes, mais elle provoque assez de remous pour que One Plus monte au cr\u00e9neau et d\u00e9mente. Tout est [&hellip;]<\/p>\n","protected":false},"author":32,"featured_media":11718,"comment_status":"open","ping_status":"closed","sticky":false,"template":"","format":"standard","meta":{"_acf_changed":false,"footnotes":""},"categories":[489,835],"tags":[],"class_list":["post-11715","post","type-post","status-publish","format-standard","has-post-thumbnail","hentry","category-mobile-fr","category-mobile-news-fr"],"acf":[],"yoast_head":"<!-- This site is optimized with the Yoast SEO plugin v28.3 - https:\/\/yoast.com\/product\/yoast-seo-wordpress\/ -->\n<title>Rumeurs, Oppo et One Plus pourraient quitter l\u2019Europe, One Plus d\u00e9ment | PlanHub.ca<\/title>\n<meta name=\"description\" content=\"Partiront, partiront pas ? C\u2019est la question que se posent d\u00e9sormais les utilisateurs suite aux affirmations de plusieurs m\u00e9dias europ\u00e9ens et asiatiques.\" \/>\n<meta name=\"robots\" content=\"index, follow, max-snippet:-1, max-image-preview:large, max-video-preview:-1\" \/>\n<link rel=\"canonical\" href=\"https:\/\/www.planhub.ca\/blog\/fr\/rumeurs-oppo-et-one-plus-pourraient-quitter-leurope-one-plus-dement\/\" \/>\n<meta property=\"og:locale\" content=\"fr_CA\" \/>\n<meta property=\"og:type\" content=\"article\" \/>\n<meta property=\"og:title\" content=\"Rumeurs, Oppo et One Plus pourraient quitter l\u2019Europe, One Plus d\u00e9ment | PlanHub.ca\" \/>\n<meta property=\"og:description\" content=\"Partiront, partiront pas ? C\u2019est la question que se posent d\u00e9sormais les utilisateurs suite aux affirmations de plusieurs m\u00e9dias europ\u00e9ens et asiatiques.\" \/>\n<meta property=\"og:url\" content=\"https:\/\/www.planhub.ca\/blog\/fr\/rumeurs-oppo-et-one-plus-pourraient-quitter-leurope-one-plus-dement\/\" \/>\n<meta property=\"og:site_name\" content=\"Le Blogue - Promotions, Guides, Nouvelles et plus!\" \/>\n<meta property=\"article:publisher\" content=\"https:\/\/www.facebook.com\/planhub.ca\" \/>\n<meta property=\"article:published_time\" content=\"2023-03-27T16:27:34+00:00\" \/>\n<meta property=\"article:modified_time\" content=\"2023-03-27T16:27:35+00:00\" \/>\n<meta property=\"og:image\" content=\"https:\/\/www.planhub.ca\/blog\/wp-content\/uploads\/2023\/03\/Oppo.jpg\" \/>\n\t<meta property=\"og:image:width\" content=\"860\" \/>\n\t<meta property=\"og:image:height\" content=\"297\" \/>\n\t<meta property=\"og:image:type\" content=\"image\/jpeg\" \/>\n<meta name=\"author\" content=\"Alexis Le Marec\" \/>\n<meta name=\"twitter:card\" content=\"summary_large_image\" \/>\n<meta name=\"twitter:creator\" content=\"@https:\/\/x.com\/AlexisLeMarec\" \/>\n<meta name=\"twitter:site\" content=\"@PlanHub_ca\" \/>\n<meta name=\"twitter:label1\" content=\"\u00c9crit par\" \/>\n\t<meta name=\"twitter:data1\" content=\"Alexis Le Marec\" \/>\n\t<meta name=\"twitter:label2\" content=\"Estimation du temps de lecture\" \/>\n\t<meta name=\"twitter:data2\" content=\"2 minutes\" \/>\n<script type=\"application\/ld+json\" class=\"yoast-schema-graph\">{\"@context\":\"https:\\\/\\\/schema.org\",\"@graph\":[{\"@type\":\"Article\",\"@id\":\"https:\\\/\\\/www.planhub.ca\\\/blog\\\/fr\\\/rumeurs-oppo-et-one-plus-pourraient-quitter-leurope-one-plus-dement\\\/#article\",\"isPartOf\":{\"@id\":\"https:\\\/\\\/www.planhub.ca\\\/blog\\\/fr\\\/rumeurs-oppo-et-one-plus-pourraient-quitter-leurope-one-plus-dement\\\/\"},\"author\":{\"name\":\"Alexis Le Marec\",\"@id\":\"https:\\\/\\\/www.planhub.ca\\\/blog\\\/fr\\\/#\\\/schema\\\/person\\\/17e57e2222f72d0f916172351a8093e1\"},\"headline\":\"Rumeurs, Oppo et One Plus pourraient quitter l\u2019Europe, One Plus d\u00e9ment\",\"datePublished\":\"2023-03-27T16:27:34+00:00\",\"dateModified\":\"2023-03-27T16:27:35+00:00\",\"mainEntityOfPage\":{\"@id\":\"https:\\\/\\\/www.planhub.ca\\\/blog\\\/fr\\\/rumeurs-oppo-et-one-plus-pourraient-quitter-leurope-one-plus-dement\\\/\"},\"wordCount\":352,\"commentCount\":0,\"publisher\":{\"@id\":\"https:\\\/\\\/www.planhub.ca\\\/blog\\\/fr\\\/#organization\"},\"image\":{\"@id\":\"https:\\\/\\\/www.planhub.ca\\\/blog\\\/fr\\\/rumeurs-oppo-et-one-plus-pourraient-quitter-leurope-one-plus-dement\\\/#primaryimage\"},\"thumbnailUrl\":\"https:\\\/\\\/www.planhub.ca\\\/blog\\\/wp-content\\\/uploads\\\/2023\\\/03\\\/Oppo.jpg\",\"articleSection\":[\"Mobile\",\"Nouvelles\"],\"inLanguage\":\"fr-CA\",\"potentialAction\":[{\"@type\":\"CommentAction\",\"name\":\"Comment\",\"target\":[\"https:\\\/\\\/www.planhub.ca\\\/blog\\\/fr\\\/rumeurs-oppo-et-one-plus-pourraient-quitter-leurope-one-plus-dement\\\/#respond\"]}]},{\"@type\":\"WebPage\",\"@id\":\"https:\\\/\\\/www.planhub.ca\\\/blog\\\/fr\\\/rumeurs-oppo-et-one-plus-pourraient-quitter-leurope-one-plus-dement\\\/\",\"url\":\"https:\\\/\\\/www.planhub.ca\\\/blog\\\/fr\\\/rumeurs-oppo-et-one-plus-pourraient-quitter-leurope-one-plus-dement\\\/\",\"name\":\"Rumeurs, Oppo et One Plus pourraient quitter l\u2019Europe, One Plus d\u00e9ment | PlanHub.ca\",\"isPartOf\":{\"@id\":\"https:\\\/\\\/www.planhub.ca\\\/blog\\\/fr\\\/#website\"},\"primaryImageOfPage\":{\"@id\":\"https:\\\/\\\/www.planhub.ca\\\/blog\\\/fr\\\/rumeurs-oppo-et-one-plus-pourraient-quitter-leurope-one-plus-dement\\\/#primaryimage\"},\"image\":{\"@id\":\"https:\\\/\\\/www.planhub.ca\\\/blog\\\/fr\\\/rumeurs-oppo-et-one-plus-pourraient-quitter-leurope-one-plus-dement\\\/#primaryimage\"},\"thumbnailUrl\":\"https:\\\/\\\/www.planhub.ca\\\/blog\\\/wp-content\\\/uploads\\\/2023\\\/03\\\/Oppo.jpg\",\"datePublished\":\"2023-03-27T16:27:34+00:00\",\"dateModified\":\"2023-03-27T16:27:35+00:00\",\"description\":\"Partiront, partiront pas ? C\u2019est la question que se posent d\u00e9sormais les utilisateurs suite aux affirmations de plusieurs m\u00e9dias europ\u00e9ens et asiatiques.\",\"breadcrumb\":{\"@id\":\"https:\\\/\\\/www.planhub.ca\\\/blog\\\/fr\\\/rumeurs-oppo-et-one-plus-pourraient-quitter-leurope-one-plus-dement\\\/#breadcrumb\"},\"inLanguage\":\"fr-CA\",\"potentialAction\":[{\"@type\":\"ReadAction\",\"target\":[\"https:\\\/\\\/www.planhub.ca\\\/blog\\\/fr\\\/rumeurs-oppo-et-one-plus-pourraient-quitter-leurope-one-plus-dement\\\/\"]}]},{\"@type\":\"ImageObject\",\"inLanguage\":\"fr-CA\",\"@id\":\"https:\\\/\\\/www.planhub.ca\\\/blog\\\/fr\\\/rumeurs-oppo-et-one-plus-pourraient-quitter-leurope-one-plus-dement\\\/#primaryimage\",\"url\":\"https:\\\/\\\/www.planhub.ca\\\/blog\\\/wp-content\\\/uploads\\\/2023\\\/03\\\/Oppo.jpg\",\"contentUrl\":\"https:\\\/\\\/www.planhub.ca\\\/blog\\\/wp-content\\\/uploads\\\/2023\\\/03\\\/Oppo.jpg\",\"width\":860,\"height\":297},{\"@type\":\"BreadcrumbList\",\"@id\":\"https:\\\/\\\/www.planhub.ca\\\/blog\\\/fr\\\/rumeurs-oppo-et-one-plus-pourraient-quitter-leurope-one-plus-dement\\\/#breadcrumb\",\"itemListElement\":[{\"@type\":\"ListItem\",\"position\":1,\"name\":\"Home\",\"item\":\"https:\\\/\\\/www.planhub.ca\\\/blog\\\/fr\\\/\"},{\"@type\":\"ListItem\",\"position\":2,\"name\":\"Mobile\",\"item\":\"https:\\\/\\\/www.planhub.ca\\\/blog\\\/fr\\\/category\\\/mobile-fr\\\/\"},{\"@type\":\"ListItem\",\"position\":3,\"name\":\"Rumeurs, Oppo et One Plus pourraient quitter l\u2019Europe, One Plus d\u00e9ment\"}]},{\"@type\":\"WebSite\",\"@id\":\"https:\\\/\\\/www.planhub.ca\\\/blog\\\/fr\\\/#website\",\"url\":\"https:\\\/\\\/www.planhub.ca\\\/blog\\\/fr\\\/\",\"name\":\"PlanHub.ca The Blog - Promotions, Guides, News and more!\",\"description\":\"PlanHub\",\"publisher\":{\"@id\":\"https:\\\/\\\/www.planhub.ca\\\/blog\\\/fr\\\/#organization\"},\"alternateName\":\"PlanHub.ca The Blog\",\"potentialAction\":[{\"@type\":\"SearchAction\",\"target\":{\"@type\":\"EntryPoint\",\"urlTemplate\":\"https:\\\/\\\/www.planhub.ca\\\/blog\\\/fr\\\/?s={search_term_string}\"},\"query-input\":{\"@type\":\"PropertyValueSpecification\",\"valueRequired\":true,\"valueName\":\"search_term_string\"}}],\"inLanguage\":\"fr-CA\"},{\"@type\":\"Organization\",\"@id\":\"https:\\\/\\\/www.planhub.ca\\\/blog\\\/fr\\\/#organization\",\"name\":\"PlanHub.ca\",\"alternateName\":\"PlanHub.ca\",\"url\":\"https:\\\/\\\/www.planhub.ca\\\/blog\\\/fr\\\/\",\"logo\":{\"@type\":\"ImageObject\",\"inLanguage\":\"fr-CA\",\"@id\":\"https:\\\/\\\/www.planhub.ca\\\/blog\\\/fr\\\/#\\\/schema\\\/logo\\\/image\\\/\",\"url\":\"https:\\\/\\\/www.planhub.ca\\\/blog\\\/wp-content\\\/uploads\\\/2024\\\/04\\\/logo_planhub_horizontal_vert-2-2.png\",\"contentUrl\":\"https:\\\/\\\/www.planhub.ca\\\/blog\\\/wp-content\\\/uploads\\\/2024\\\/04\\\/logo_planhub_horizontal_vert-2-2.png\",\"width\":900,\"height\":360,\"caption\":\"PlanHub.ca\"},\"image\":{\"@id\":\"https:\\\/\\\/www.planhub.ca\\\/blog\\\/fr\\\/#\\\/schema\\\/logo\\\/image\\\/\"},\"sameAs\":[\"https:\\\/\\\/www.facebook.com\\\/planhub.ca\",\"https:\\\/\\\/x.com\\\/PlanHub_ca\",\"https:\\\/\\\/ca.linkedin.com\\\/company\\\/planhub-ca\"]},{\"@type\":\"Person\",\"@id\":\"https:\\\/\\\/www.planhub.ca\\\/blog\\\/fr\\\/#\\\/schema\\\/person\\\/17e57e2222f72d0f916172351a8093e1\",\"name\":\"Alexis Le Marec\",\"image\":{\"@type\":\"ImageObject\",\"inLanguage\":\"fr-CA\",\"@id\":\"https:\\\/\\\/secure.gravatar.com\\\/avatar\\\/1c9a710d21feab61eba747243d26a82a0fddf6b0a53fa400eb07c40bb1b60b82?s=96&d=blank&r=g\",\"url\":\"https:\\\/\\\/secure.gravatar.com\\\/avatar\\\/1c9a710d21feab61eba747243d26a82a0fddf6b0a53fa400eb07c40bb1b60b82?s=96&d=blank&r=g\",\"contentUrl\":\"https:\\\/\\\/secure.gravatar.com\\\/avatar\\\/1c9a710d21feab61eba747243d26a82a0fddf6b0a53fa400eb07c40bb1b60b82?s=96&d=blank&r=g\",\"caption\":\"Alexis Le Marec\"},\"description\":\"As an avid user of social media and online applications, Alexis shares her expertise on how technology influences our social interactions and our daily lives. His practical advice will help you navigate the connected world with ease.\",\"sameAs\":[\"https:\\\/\\\/x.com\\\/AlexisLeMarec\",\"https:\\\/\\\/x.com\\\/https:\\\/\\\/x.com\\\/AlexisLeMarec\"],\"url\":\"https:\\\/\\\/www.planhub.ca\\\/blog\\\/fr\\\/author\\\/alexis\\\/\"}]}<\/script>\n<!-- \/ Yoast SEO plugin. -->","yoast_head_json":{"title":"Rumeurs, Oppo et One Plus pourraient quitter l\u2019Europe, One Plus d\u00e9ment | PlanHub.ca","description":"Partiront, partiront pas ? C\u2019est la question que se posent d\u00e9sormais les utilisateurs suite aux affirmations de plusieurs m\u00e9dias europ\u00e9ens et asiatiques.","robots":{"index":"index","follow":"follow","max-snippet":"max-snippet:-1","max-image-preview":"max-image-preview:large","max-video-preview":"max-video-preview:-1"},"canonical":"https:\/\/www.planhub.ca\/blog\/fr\/rumeurs-oppo-et-one-plus-pourraient-quitter-leurope-one-plus-dement\/","og_locale":"fr_CA","og_type":"article","og_title":"Rumeurs, Oppo et One Plus pourraient quitter l\u2019Europe, One Plus d\u00e9ment | PlanHub.ca","og_description":"Partiront, partiront pas ? C\u2019est la question que se posent d\u00e9sormais les utilisateurs suite aux affirmations de plusieurs m\u00e9dias europ\u00e9ens et asiatiques.","og_url":"https:\/\/www.planhub.ca\/blog\/fr\/rumeurs-oppo-et-one-plus-pourraient-quitter-leurope-one-plus-dement\/","og_site_name":"Le Blogue - Promotions, Guides, Nouvelles et plus!","article_publisher":"https:\/\/www.facebook.com\/planhub.ca","article_published_time":"2023-03-27T16:27:34+00:00","article_modified_time":"2023-03-27T16:27:35+00:00","og_image":[{"width":860,"height":297,"url":"https:\/\/www.planhub.ca\/blog\/wp-content\/uploads\/2023\/03\/Oppo.jpg","type":"image\/jpeg"}],"author":"Alexis Le Marec","twitter_card":"summary_large_image","twitter_creator":"@https:\/\/x.com\/AlexisLeMarec","twitter_site":"@PlanHub_ca","twitter_misc":{"\u00c9crit par":"Alexis Le Marec","Estimation du temps de lecture":"2 minutes"},"schema":{"@context":"https:\/\/schema.org","@graph":[{"@type":"Article","@id":"https:\/\/www.planhub.ca\/blog\/fr\/rumeurs-oppo-et-one-plus-pourraient-quitter-leurope-one-plus-dement\/#article","isPartOf":{"@id":"https:\/\/www.planhub.ca\/blog\/fr\/rumeurs-oppo-et-one-plus-pourraient-quitter-leurope-one-plus-dement\/"},"author":{"name":"Alexis Le Marec","@id":"https:\/\/www.planhub.ca\/blog\/fr\/#\/schema\/person\/17e57e2222f72d0f916172351a8093e1"},"headline":"Rumeurs, Oppo et One Plus pourraient quitter l\u2019Europe, One Plus d\u00e9ment","datePublished":"2023-03-27T16:27:34+00:00","dateModified":"2023-03-27T16:27:35+00:00","mainEntityOfPage":{"@id":"https:\/\/www.planhub.ca\/blog\/fr\/rumeurs-oppo-et-one-plus-pourraient-quitter-leurope-one-plus-dement\/"},"wordCount":352,"commentCount":0,"publisher":{"@id":"https:\/\/www.planhub.ca\/blog\/fr\/#organization"},"image":{"@id":"https:\/\/www.planhub.ca\/blog\/fr\/rumeurs-oppo-et-one-plus-pourraient-quitter-leurope-one-plus-dement\/#primaryimage"},"thumbnailUrl":"https:\/\/www.planhub.ca\/blog\/wp-content\/uploads\/2023\/03\/Oppo.jpg","articleSection":["Mobile","Nouvelles"],"inLanguage":"fr-CA","potentialAction":[{"@type":"CommentAction","name":"Comment","target":["https:\/\/www.planhub.ca\/blog\/fr\/rumeurs-oppo-et-one-plus-pourraient-quitter-leurope-one-plus-dement\/#respond"]}]},{"@type":"WebPage","@id":"https:\/\/www.planhub.ca\/blog\/fr\/rumeurs-oppo-et-one-plus-pourraient-quitter-leurope-one-plus-dement\/","url":"https:\/\/www.planhub.ca\/blog\/fr\/rumeurs-oppo-et-one-plus-pourraient-quitter-leurope-one-plus-dement\/","name":"Rumeurs, Oppo et One Plus pourraient quitter l\u2019Europe, One Plus d\u00e9ment | PlanHub.ca","isPartOf":{"@id":"https:\/\/www.planhub.ca\/blog\/fr\/#website"},"primaryImageOfPage":{"@id":"https:\/\/www.planhub.ca\/blog\/fr\/rumeurs-oppo-et-one-plus-pourraient-quitter-leurope-one-plus-dement\/#primaryimage"},"image":{"@id":"https:\/\/www.planhub.ca\/blog\/fr\/rumeurs-oppo-et-one-plus-pourraient-quitter-leurope-one-plus-dement\/#primaryimage"},"thumbnailUrl":"https:\/\/www.planhub.ca\/blog\/wp-content\/uploads\/2023\/03\/Oppo.jpg","datePublished":"2023-03-27T16:27:34+00:00","dateModified":"2023-03-27T16:27:35+00:00","description":"Partiront, partiront pas ? C\u2019est la question que se posent d\u00e9sormais les utilisateurs suite aux affirmations de plusieurs m\u00e9dias europ\u00e9ens et asiatiques.","breadcrumb":{"@id":"https:\/\/www.planhub.ca\/blog\/fr\/rumeurs-oppo-et-one-plus-pourraient-quitter-leurope-one-plus-dement\/#breadcrumb"},"inLanguage":"fr-CA","potentialAction":[{"@type":"ReadAction","target":["https:\/\/www.planhub.ca\/blog\/fr\/rumeurs-oppo-et-one-plus-pourraient-quitter-leurope-one-plus-dement\/"]}]},{"@type":"ImageObject","inLanguage":"fr-CA","@id":"https:\/\/www.planhub.ca\/blog\/fr\/rumeurs-oppo-et-one-plus-pourraient-quitter-leurope-one-plus-dement\/#primaryimage","url":"https:\/\/www.planhub.ca\/blog\/wp-content\/uploads\/2023\/03\/Oppo.jpg","contentUrl":"https:\/\/www.planhub.ca\/blog\/wp-content\/uploads\/2023\/03\/Oppo.jpg","width":860,"height":297},{"@type":"BreadcrumbList","@id":"https:\/\/www.planhub.ca\/blog\/fr\/rumeurs-oppo-et-one-plus-pourraient-quitter-leurope-one-plus-dement\/#breadcrumb","itemListElement":[{"@type":"ListItem","position":1,"name":"Home","item":"https:\/\/www.planhub.ca\/blog\/fr\/"},{"@type":"ListItem","position":2,"name":"Mobile","item":"https:\/\/www.planhub.ca\/blog\/fr\/category\/mobile-fr\/"},{"@type":"ListItem","position":3,"name":"Rumeurs, Oppo et One Plus pourraient quitter l\u2019Europe, One Plus d\u00e9ment"}]},{"@type":"WebSite","@id":"https:\/\/www.planhub.ca\/blog\/fr\/#website","url":"https:\/\/www.planhub.ca\/blog\/fr\/","name":"PlanHub.ca The Blog - Promotions, Guides, News and more!","description":"PlanHub","publisher":{"@id":"https:\/\/www.planhub.ca\/blog\/fr\/#organization"},"alternateName":"PlanHub.ca The Blog","potentialAction":[{"@type":"SearchAction","target":{"@type":"EntryPoint","urlTemplate":"https:\/\/www.planhub.ca\/blog\/fr\/?s={search_term_string}"},"query-input":{"@type":"PropertyValueSpecification","valueRequired":true,"valueName":"search_term_string"}}],"inLanguage":"fr-CA"},{"@type":"Organization","@id":"https:\/\/www.planhub.ca\/blog\/fr\/#organization","name":"PlanHub.ca","alternateName":"PlanHub.ca","url":"https:\/\/www.planhub.ca\/blog\/fr\/","logo":{"@type":"ImageObject","inLanguage":"fr-CA","@id":"https:\/\/www.planhub.ca\/blog\/fr\/#\/schema\/logo\/image\/","url":"https:\/\/www.planhub.ca\/blog\/wp-content\/uploads\/2024\/04\/logo_planhub_horizontal_vert-2-2.png","contentUrl":"https:\/\/www.planhub.ca\/blog\/wp-content\/uploads\/2024\/04\/logo_planhub_horizontal_vert-2-2.png","width":900,"height":360,"caption":"PlanHub.ca"},"image":{"@id":"https:\/\/www.planhub.ca\/blog\/fr\/#\/schema\/logo\/image\/"},"sameAs":["https:\/\/www.facebook.com\/planhub.ca","https:\/\/x.com\/PlanHub_ca","https:\/\/ca.linkedin.com\/company\/planhub-ca"]},{"@type":"Person","@id":"https:\/\/www.planhub.ca\/blog\/fr\/#\/schema\/person\/17e57e2222f72d0f916172351a8093e1","name":"Alexis Le Marec","image":{"@type":"ImageObject","inLanguage":"fr-CA","@id":"https:\/\/secure.gravatar.com\/avatar\/1c9a710d21feab61eba747243d26a82a0fddf6b0a53fa400eb07c40bb1b60b82?s=96&d=blank&r=g","url":"https:\/\/secure.gravatar.com\/avatar\/1c9a710d21feab61eba747243d26a82a0fddf6b0a53fa400eb07c40bb1b60b82?s=96&d=blank&r=g","contentUrl":"https:\/\/secure.gravatar.com\/avatar\/1c9a710d21feab61eba747243d26a82a0fddf6b0a53fa400eb07c40bb1b60b82?s=96&d=blank&r=g","caption":"Alexis Le Marec"},"description":"As an avid user of social media and online applications, Alexis shares her expertise on how technology influences our social interactions and our daily lives. His practical advice will help you navigate the connected world with ease.","sameAs":["https:\/\/x.com\/AlexisLeMarec","https:\/\/x.com\/https:\/\/x.com\/AlexisLeMarec"],"url":"https:\/\/www.planhub.ca\/blog\/fr\/author\/alexis\/"}]}},"_links":{"self":[{"href":"https:\/\/www.planhub.ca\/blog\/fr\/wp-json\/wp\/v2\/posts\/11715","targetHints":{"allow":["GET"]}}],"collection":[{"href":"https:\/\/www.planhub.ca\/blog\/fr\/wp-json\/wp\/v2\/posts"}],"about":[{"href":"https:\/\/www.planhub.ca\/blog\/fr\/wp-json\/wp\/v2\/types\/post"}],"author":[{"embeddable":true,"href":"https:\/\/www.planhub.ca\/blog\/fr\/wp-json\/wp\/v2\/users\/32"}],"replies":[{"embeddable":true,"href":"https:\/\/www.planhub.ca\/blog\/fr\/wp-json\/wp\/v2\/comments?post=11715"}],"version-history":[{"count":1,"href":"https:\/\/www.planhub.ca\/blog\/fr\/wp-json\/wp\/v2\/posts\/11715\/revisions"}],"predecessor-version":[{"id":11720,"href":"https:\/\/www.planhub.ca\/blog\/fr\/wp-json\/wp\/v2\/posts\/11715\/revisions\/11720"}],"wp:featuredmedia":[{"embeddable":true,"href":"https:\/\/www.planhub.ca\/blog\/fr\/wp-json\/wp\/v2\/media\/11718"}],"wp:attachment":[{"href":"https:\/\/www.planhub.ca\/blog\/fr\/wp-json\/wp\/v2\/media?parent=11715"}],"wp:term":[{"taxonomy":"category","embeddable":true,"href":"https:\/\/www.planhub.ca\/blog\/fr\/wp-json\/wp\/v2\/categories?post=11715"},{"taxonomy":"post_tag","embeddable":true,"href":"https:\/\/www.planhub.ca\/blog\/fr\/wp-json\/wp\/v2\/tags?post=11715"}],"curies":[{"name":"wp","href":"https:\/\/api.w.org\/{rel}","templated":true}]}}