{"id":11861,"date":"2023-03-31T16:34:46","date_gmt":"2023-03-31T16:34:46","guid":{"rendered":"https:\/\/www.planhub.ca\/blog\/?p=11861"},"modified":"2023-03-31T16:34:46","modified_gmt":"2023-03-31T16:34:46","slug":"le-gouvernement-federal-veut-imposer-des-chargeurs-standards","status":"publish","type":"post","link":"https:\/\/www.planhub.ca\/blog\/fr\/le-gouvernement-federal-veut-imposer-des-chargeurs-standards\/","title":{"rendered":"Le gouvernement f\u00e9d\u00e9ral veut imposer des chargeurs standards"},"content":{"rendered":"<p><strong>Apr\u00e8s l\u2019Europe, le Canada va exiger \u00e0 son tour des chargeurs standardis\u00e9s, et veut lui aussi imposer un droit \u00e0 la r\u00e9paration.<\/strong><\/p>\n<p><strong>Cr\u00e9dit Image : PlanHub<\/strong><\/p>\n<p>C\u2019est dans le budget 2023 que <a href=\"https:\/\/ottawa.ctvnews.ca\/mobile\/could-canada-soon-standardize-usb-chargers-feds-looking-into-it-budget-says-1.6332692\">CTV<\/a> a rep\u00e9r\u00e9 un plan afin de mettre en place une norme de chargeurs standardis\u00e9s, tandis qu\u2019un droit \u00e0 la r\u00e9paration serait introduit dans la loi visant les produits \u00e9lectroniques et les \u00e9lectrom\u00e9nagers.<\/p>\n<p>En parall\u00e8le, une consultation sera lanc\u00e9e cet \u00e9t\u00e9 sur la r\u00e9paration, y compris sur la r\u00e9parabilit\u00e9 du mat\u00e9riel agricole, tandis que le gouvernement veut travailler avec les provinces et territoires afin de la mettre en \u0153uvre.<\/p>\n\n<p><strong>Pourquoi cette d\u00e9cision tardive ?<\/strong><\/p>\n<p>On parle depuis des ann\u00e9es d\u2019un droit \u00e0 la r\u00e9parabilit\u00e9 mais le gouvernement canadien n\u2019a jamais pu le mettre en place du fait du poids du Canada dans l\u2019\u00e9conomie. La consommation au Canada n&rsquo;est tout simplement pas assez \u00e9lev\u00e9e pour influencer des soci\u00e9t\u00e9s habitu\u00e9es \u00e0 standardiser leur production pour une distribution mondiale. Heureusement, le poids du march\u00e9 europ\u00e9en a permis d\u2019introduire en 2019 une loi sur la r\u00e9parabilit\u00e9, tandis que les chargeurs y ont \u00e9galement \u00e9t\u00e9 standardis\u00e9s.<\/p>\n<p>Le Canada a d\u00fb attendre qu\u2019une r\u00e9gion \u00e9conomique plus importante comme l\u2019Union europ\u00e9enne ou les \u00c9tats-Unis fasse le premier pas. Maintenant que c\u2019est fait, le Canada peut d\u00e9velopper les standards de r\u00e9parabilit\u00e9 au niveau local.<\/p>\n\n","protected":false},"excerpt":{"rendered":"<p>Apr\u00e8s l\u2019Europe, le Canada va exiger \u00e0 son tour des chargeurs standardis\u00e9s, et veut lui aussi imposer un droit \u00e0 la r\u00e9paration. Cr\u00e9dit Image : PlanHub C\u2019est dans le budget 2023 que CTV a rep\u00e9r\u00e9 un plan afin de mettre en place une norme de chargeurs standardis\u00e9s, tandis qu\u2019un droit \u00e0 la r\u00e9paration serait introduit [&hellip;]<\/p>\n","protected":false},"author":32,"featured_media":11875,"comment_status":"open","ping_status":"closed","sticky":false,"template":"","format":"standard","meta":{"_acf_changed":false,"footnotes":""},"categories":[841,835,817],"tags":[],"class_list":["post-11861","post","type-post","status-publish","format-standard","has-post-thumbnail","hentry","category-telecom-articles-fr","category-mobile-news-fr","category-telecom-fr"],"acf":[],"yoast_head":"<!-- This site is optimized with the Yoast SEO plugin v28.3 - https:\/\/yoast.com\/product\/yoast-seo-wordpress\/ -->\n<title>Gouvernement f\u00e9d\u00e9ral impose chargeurs standards | PlanHub<\/title>\n<meta name=\"description\" content=\"Apr\u00e8s l\u2019Europe, le Canada va exiger \u00e0 son tour des chargeurs standardis\u00e9s, et veut imposer un droit \u00e0 la r\u00e9paration. Pourquoi une d\u00e9cision si tardive ?\" \/>\n<meta name=\"robots\" content=\"index, follow, max-snippet:-1, max-image-preview:large, max-video-preview:-1\" \/>\n<link rel=\"canonical\" href=\"https:\/\/www.planhub.ca\/blog\/fr\/le-gouvernement-federal-veut-imposer-des-chargeurs-standards\/\" \/>\n<meta property=\"og:locale\" content=\"fr_CA\" \/>\n<meta property=\"og:type\" content=\"article\" \/>\n<meta property=\"og:title\" content=\"Gouvernement f\u00e9d\u00e9ral impose chargeurs standards | PlanHub\" \/>\n<meta property=\"og:description\" content=\"Apr\u00e8s l\u2019Europe, le Canada va exiger \u00e0 son tour des chargeurs standardis\u00e9s, et veut imposer un droit \u00e0 la r\u00e9paration. Pourquoi une d\u00e9cision si tardive ?\" \/>\n<meta property=\"og:url\" content=\"https:\/\/www.planhub.ca\/blog\/fr\/le-gouvernement-federal-veut-imposer-des-chargeurs-standards\/\" \/>\n<meta property=\"og:site_name\" content=\"Le Blogue - Promotions, Guides, Nouvelles et plus!\" \/>\n<meta property=\"article:publisher\" content=\"https:\/\/www.facebook.com\/planhub.ca\" \/>\n<meta property=\"article:published_time\" content=\"2023-03-31T16:34:46+00:00\" \/>\n<meta property=\"og:image\" content=\"https:\/\/www.planhub.ca\/blog\/wp-content\/uploads\/2023\/03\/Canada-Phone-Charger.jpg\" \/>\n\t<meta property=\"og:image:width\" content=\"860\" \/>\n\t<meta property=\"og:image:height\" content=\"330\" \/>\n\t<meta property=\"og:image:type\" content=\"image\/jpeg\" \/>\n<meta name=\"author\" content=\"Alexis Le Marec\" \/>\n<meta name=\"twitter:card\" content=\"summary_large_image\" \/>\n<meta name=\"twitter:creator\" content=\"@https:\/\/x.com\/AlexisLeMarec\" \/>\n<meta name=\"twitter:site\" content=\"@PlanHub_ca\" \/>\n<meta name=\"twitter:label1\" content=\"\u00c9crit par\" \/>\n\t<meta name=\"twitter:data1\" content=\"Alexis Le Marec\" \/>\n\t<meta name=\"twitter:label2\" content=\"Estimation du temps de lecture\" \/>\n\t<meta name=\"twitter:data2\" content=\"1 minute\" \/>\n<script type=\"application\/ld+json\" class=\"yoast-schema-graph\">{\"@context\":\"https:\\\/\\\/schema.org\",\"@graph\":[{\"@type\":\"Article\",\"@id\":\"https:\\\/\\\/www.planhub.ca\\\/blog\\\/fr\\\/le-gouvernement-federal-veut-imposer-des-chargeurs-standards\\\/#article\",\"isPartOf\":{\"@id\":\"https:\\\/\\\/www.planhub.ca\\\/blog\\\/fr\\\/le-gouvernement-federal-veut-imposer-des-chargeurs-standards\\\/\"},\"author\":{\"name\":\"Alexis Le Marec\",\"@id\":\"https:\\\/\\\/www.planhub.ca\\\/blog\\\/fr\\\/#\\\/schema\\\/person\\\/17e57e2222f72d0f916172351a8093e1\"},\"headline\":\"Le gouvernement f\u00e9d\u00e9ral veut imposer des chargeurs standards\",\"datePublished\":\"2023-03-31T16:34:46+00:00\",\"mainEntityOfPage\":{\"@id\":\"https:\\\/\\\/www.planhub.ca\\\/blog\\\/fr\\\/le-gouvernement-federal-veut-imposer-des-chargeurs-standards\\\/\"},\"wordCount\":263,\"commentCount\":0,\"publisher\":{\"@id\":\"https:\\\/\\\/www.planhub.ca\\\/blog\\\/fr\\\/#organization\"},\"image\":{\"@id\":\"https:\\\/\\\/www.planhub.ca\\\/blog\\\/fr\\\/le-gouvernement-federal-veut-imposer-des-chargeurs-standards\\\/#primaryimage\"},\"thumbnailUrl\":\"https:\\\/\\\/www.planhub.ca\\\/blog\\\/wp-content\\\/uploads\\\/2023\\\/03\\\/Canada-Phone-Charger.jpg\",\"articleSection\":[\"Articles\",\"Nouvelles\",\"T\u00e9l\u00e9communications\"],\"inLanguage\":\"fr-CA\",\"potentialAction\":[{\"@type\":\"CommentAction\",\"name\":\"Comment\",\"target\":[\"https:\\\/\\\/www.planhub.ca\\\/blog\\\/fr\\\/le-gouvernement-federal-veut-imposer-des-chargeurs-standards\\\/#respond\"]}]},{\"@type\":\"WebPage\",\"@id\":\"https:\\\/\\\/www.planhub.ca\\\/blog\\\/fr\\\/le-gouvernement-federal-veut-imposer-des-chargeurs-standards\\\/\",\"url\":\"https:\\\/\\\/www.planhub.ca\\\/blog\\\/fr\\\/le-gouvernement-federal-veut-imposer-des-chargeurs-standards\\\/\",\"name\":\"Gouvernement f\u00e9d\u00e9ral impose chargeurs standards | PlanHub\",\"isPartOf\":{\"@id\":\"https:\\\/\\\/www.planhub.ca\\\/blog\\\/fr\\\/#website\"},\"primaryImageOfPage\":{\"@id\":\"https:\\\/\\\/www.planhub.ca\\\/blog\\\/fr\\\/le-gouvernement-federal-veut-imposer-des-chargeurs-standards\\\/#primaryimage\"},\"image\":{\"@id\":\"https:\\\/\\\/www.planhub.ca\\\/blog\\\/fr\\\/le-gouvernement-federal-veut-imposer-des-chargeurs-standards\\\/#primaryimage\"},\"thumbnailUrl\":\"https:\\\/\\\/www.planhub.ca\\\/blog\\\/wp-content\\\/uploads\\\/2023\\\/03\\\/Canada-Phone-Charger.jpg\",\"datePublished\":\"2023-03-31T16:34:46+00:00\",\"description\":\"Apr\u00e8s l\u2019Europe, le Canada va exiger \u00e0 son tour des chargeurs standardis\u00e9s, et veut imposer un droit \u00e0 la r\u00e9paration. Pourquoi une d\u00e9cision si tardive ?\",\"breadcrumb\":{\"@id\":\"https:\\\/\\\/www.planhub.ca\\\/blog\\\/fr\\\/le-gouvernement-federal-veut-imposer-des-chargeurs-standards\\\/#breadcrumb\"},\"inLanguage\":\"fr-CA\",\"potentialAction\":[{\"@type\":\"ReadAction\",\"target\":[\"https:\\\/\\\/www.planhub.ca\\\/blog\\\/fr\\\/le-gouvernement-federal-veut-imposer-des-chargeurs-standards\\\/\"]}]},{\"@type\":\"ImageObject\",\"inLanguage\":\"fr-CA\",\"@id\":\"https:\\\/\\\/www.planhub.ca\\\/blog\\\/fr\\\/le-gouvernement-federal-veut-imposer-des-chargeurs-standards\\\/#primaryimage\",\"url\":\"https:\\\/\\\/www.planhub.ca\\\/blog\\\/wp-content\\\/uploads\\\/2023\\\/03\\\/Canada-Phone-Charger.jpg\",\"contentUrl\":\"https:\\\/\\\/www.planhub.ca\\\/blog\\\/wp-content\\\/uploads\\\/2023\\\/03\\\/Canada-Phone-Charger.jpg\",\"width\":860,\"height\":330},{\"@type\":\"BreadcrumbList\",\"@id\":\"https:\\\/\\\/www.planhub.ca\\\/blog\\\/fr\\\/le-gouvernement-federal-veut-imposer-des-chargeurs-standards\\\/#breadcrumb\",\"itemListElement\":[{\"@type\":\"ListItem\",\"position\":1,\"name\":\"Home\",\"item\":\"https:\\\/\\\/www.planhub.ca\\\/blog\\\/fr\\\/\"},{\"@type\":\"ListItem\",\"position\":2,\"name\":\"Mobile\",\"item\":\"https:\\\/\\\/www.planhub.ca\\\/blog\\\/fr\\\/category\\\/mobile-fr\\\/\"},{\"@type\":\"ListItem\",\"position\":3,\"name\":\"Nouvelles\",\"item\":\"https:\\\/\\\/www.planhub.ca\\\/blog\\\/fr\\\/category\\\/mobile-fr\\\/mobile-news-fr\\\/\"},{\"@type\":\"ListItem\",\"position\":4,\"name\":\"Le gouvernement f\u00e9d\u00e9ral veut imposer des chargeurs standards\"}]},{\"@type\":\"WebSite\",\"@id\":\"https:\\\/\\\/www.planhub.ca\\\/blog\\\/fr\\\/#website\",\"url\":\"https:\\\/\\\/www.planhub.ca\\\/blog\\\/fr\\\/\",\"name\":\"PlanHub.ca The Blog - Promotions, Guides, News and more!\",\"description\":\"PlanHub\",\"publisher\":{\"@id\":\"https:\\\/\\\/www.planhub.ca\\\/blog\\\/fr\\\/#organization\"},\"alternateName\":\"PlanHub.ca The Blog\",\"potentialAction\":[{\"@type\":\"SearchAction\",\"target\":{\"@type\":\"EntryPoint\",\"urlTemplate\":\"https:\\\/\\\/www.planhub.ca\\\/blog\\\/fr\\\/?s={search_term_string}\"},\"query-input\":{\"@type\":\"PropertyValueSpecification\",\"valueRequired\":true,\"valueName\":\"search_term_string\"}}],\"inLanguage\":\"fr-CA\"},{\"@type\":\"Organization\",\"@id\":\"https:\\\/\\\/www.planhub.ca\\\/blog\\\/fr\\\/#organization\",\"name\":\"PlanHub.ca\",\"alternateName\":\"PlanHub.ca\",\"url\":\"https:\\\/\\\/www.planhub.ca\\\/blog\\\/fr\\\/\",\"logo\":{\"@type\":\"ImageObject\",\"inLanguage\":\"fr-CA\",\"@id\":\"https:\\\/\\\/www.planhub.ca\\\/blog\\\/fr\\\/#\\\/schema\\\/logo\\\/image\\\/\",\"url\":\"https:\\\/\\\/www.planhub.ca\\\/blog\\\/wp-content\\\/uploads\\\/2024\\\/04\\\/logo_planhub_horizontal_vert-2-2.png\",\"contentUrl\":\"https:\\\/\\\/www.planhub.ca\\\/blog\\\/wp-content\\\/uploads\\\/2024\\\/04\\\/logo_planhub_horizontal_vert-2-2.png\",\"width\":900,\"height\":360,\"caption\":\"PlanHub.ca\"},\"image\":{\"@id\":\"https:\\\/\\\/www.planhub.ca\\\/blog\\\/fr\\\/#\\\/schema\\\/logo\\\/image\\\/\"},\"sameAs\":[\"https:\\\/\\\/www.facebook.com\\\/planhub.ca\",\"https:\\\/\\\/x.com\\\/PlanHub_ca\",\"https:\\\/\\\/ca.linkedin.com\\\/company\\\/planhub-ca\"]},{\"@type\":\"Person\",\"@id\":\"https:\\\/\\\/www.planhub.ca\\\/blog\\\/fr\\\/#\\\/schema\\\/person\\\/17e57e2222f72d0f916172351a8093e1\",\"name\":\"Alexis Le Marec\",\"image\":{\"@type\":\"ImageObject\",\"inLanguage\":\"fr-CA\",\"@id\":\"https:\\\/\\\/secure.gravatar.com\\\/avatar\\\/1c9a710d21feab61eba747243d26a82a0fddf6b0a53fa400eb07c40bb1b60b82?s=96&d=blank&r=g\",\"url\":\"https:\\\/\\\/secure.gravatar.com\\\/avatar\\\/1c9a710d21feab61eba747243d26a82a0fddf6b0a53fa400eb07c40bb1b60b82?s=96&d=blank&r=g\",\"contentUrl\":\"https:\\\/\\\/secure.gravatar.com\\\/avatar\\\/1c9a710d21feab61eba747243d26a82a0fddf6b0a53fa400eb07c40bb1b60b82?s=96&d=blank&r=g\",\"caption\":\"Alexis Le Marec\"},\"description\":\"As an avid user of social media and online applications, Alexis shares her expertise on how technology influences our social interactions and our daily lives. His practical advice will help you navigate the connected world with ease.\",\"sameAs\":[\"https:\\\/\\\/x.com\\\/AlexisLeMarec\",\"https:\\\/\\\/x.com\\\/https:\\\/\\\/x.com\\\/AlexisLeMarec\"],\"url\":\"https:\\\/\\\/www.planhub.ca\\\/blog\\\/fr\\\/author\\\/alexis\\\/\"}]}<\/script>\n<!-- \/ Yoast SEO plugin. -->","yoast_head_json":{"title":"Gouvernement f\u00e9d\u00e9ral impose chargeurs standards | PlanHub","description":"Apr\u00e8s l\u2019Europe, le Canada va exiger \u00e0 son tour des chargeurs standardis\u00e9s, et veut imposer un droit \u00e0 la r\u00e9paration. Pourquoi une d\u00e9cision si tardive ?","robots":{"index":"index","follow":"follow","max-snippet":"max-snippet:-1","max-image-preview":"max-image-preview:large","max-video-preview":"max-video-preview:-1"},"canonical":"https:\/\/www.planhub.ca\/blog\/fr\/le-gouvernement-federal-veut-imposer-des-chargeurs-standards\/","og_locale":"fr_CA","og_type":"article","og_title":"Gouvernement f\u00e9d\u00e9ral impose chargeurs standards | PlanHub","og_description":"Apr\u00e8s l\u2019Europe, le Canada va exiger \u00e0 son tour des chargeurs standardis\u00e9s, et veut imposer un droit \u00e0 la r\u00e9paration. Pourquoi une d\u00e9cision si tardive ?","og_url":"https:\/\/www.planhub.ca\/blog\/fr\/le-gouvernement-federal-veut-imposer-des-chargeurs-standards\/","og_site_name":"Le Blogue - Promotions, Guides, Nouvelles et plus!","article_publisher":"https:\/\/www.facebook.com\/planhub.ca","article_published_time":"2023-03-31T16:34:46+00:00","og_image":[{"width":860,"height":330,"url":"https:\/\/www.planhub.ca\/blog\/wp-content\/uploads\/2023\/03\/Canada-Phone-Charger.jpg","type":"image\/jpeg"}],"author":"Alexis Le Marec","twitter_card":"summary_large_image","twitter_creator":"@https:\/\/x.com\/AlexisLeMarec","twitter_site":"@PlanHub_ca","twitter_misc":{"\u00c9crit par":"Alexis Le Marec","Estimation du temps de lecture":"1 minute"},"schema":{"@context":"https:\/\/schema.org","@graph":[{"@type":"Article","@id":"https:\/\/www.planhub.ca\/blog\/fr\/le-gouvernement-federal-veut-imposer-des-chargeurs-standards\/#article","isPartOf":{"@id":"https:\/\/www.planhub.ca\/blog\/fr\/le-gouvernement-federal-veut-imposer-des-chargeurs-standards\/"},"author":{"name":"Alexis Le Marec","@id":"https:\/\/www.planhub.ca\/blog\/fr\/#\/schema\/person\/17e57e2222f72d0f916172351a8093e1"},"headline":"Le gouvernement f\u00e9d\u00e9ral veut imposer des chargeurs standards","datePublished":"2023-03-31T16:34:46+00:00","mainEntityOfPage":{"@id":"https:\/\/www.planhub.ca\/blog\/fr\/le-gouvernement-federal-veut-imposer-des-chargeurs-standards\/"},"wordCount":263,"commentCount":0,"publisher":{"@id":"https:\/\/www.planhub.ca\/blog\/fr\/#organization"},"image":{"@id":"https:\/\/www.planhub.ca\/blog\/fr\/le-gouvernement-federal-veut-imposer-des-chargeurs-standards\/#primaryimage"},"thumbnailUrl":"https:\/\/www.planhub.ca\/blog\/wp-content\/uploads\/2023\/03\/Canada-Phone-Charger.jpg","articleSection":["Articles","Nouvelles","T\u00e9l\u00e9communications"],"inLanguage":"fr-CA","potentialAction":[{"@type":"CommentAction","name":"Comment","target":["https:\/\/www.planhub.ca\/blog\/fr\/le-gouvernement-federal-veut-imposer-des-chargeurs-standards\/#respond"]}]},{"@type":"WebPage","@id":"https:\/\/www.planhub.ca\/blog\/fr\/le-gouvernement-federal-veut-imposer-des-chargeurs-standards\/","url":"https:\/\/www.planhub.ca\/blog\/fr\/le-gouvernement-federal-veut-imposer-des-chargeurs-standards\/","name":"Gouvernement f\u00e9d\u00e9ral impose chargeurs standards | PlanHub","isPartOf":{"@id":"https:\/\/www.planhub.ca\/blog\/fr\/#website"},"primaryImageOfPage":{"@id":"https:\/\/www.planhub.ca\/blog\/fr\/le-gouvernement-federal-veut-imposer-des-chargeurs-standards\/#primaryimage"},"image":{"@id":"https:\/\/www.planhub.ca\/blog\/fr\/le-gouvernement-federal-veut-imposer-des-chargeurs-standards\/#primaryimage"},"thumbnailUrl":"https:\/\/www.planhub.ca\/blog\/wp-content\/uploads\/2023\/03\/Canada-Phone-Charger.jpg","datePublished":"2023-03-31T16:34:46+00:00","description":"Apr\u00e8s l\u2019Europe, le Canada va exiger \u00e0 son tour des chargeurs standardis\u00e9s, et veut imposer un droit \u00e0 la r\u00e9paration. Pourquoi une d\u00e9cision si tardive ?","breadcrumb":{"@id":"https:\/\/www.planhub.ca\/blog\/fr\/le-gouvernement-federal-veut-imposer-des-chargeurs-standards\/#breadcrumb"},"inLanguage":"fr-CA","potentialAction":[{"@type":"ReadAction","target":["https:\/\/www.planhub.ca\/blog\/fr\/le-gouvernement-federal-veut-imposer-des-chargeurs-standards\/"]}]},{"@type":"ImageObject","inLanguage":"fr-CA","@id":"https:\/\/www.planhub.ca\/blog\/fr\/le-gouvernement-federal-veut-imposer-des-chargeurs-standards\/#primaryimage","url":"https:\/\/www.planhub.ca\/blog\/wp-content\/uploads\/2023\/03\/Canada-Phone-Charger.jpg","contentUrl":"https:\/\/www.planhub.ca\/blog\/wp-content\/uploads\/2023\/03\/Canada-Phone-Charger.jpg","width":860,"height":330},{"@type":"BreadcrumbList","@id":"https:\/\/www.planhub.ca\/blog\/fr\/le-gouvernement-federal-veut-imposer-des-chargeurs-standards\/#breadcrumb","itemListElement":[{"@type":"ListItem","position":1,"name":"Home","item":"https:\/\/www.planhub.ca\/blog\/fr\/"},{"@type":"ListItem","position":2,"name":"Mobile","item":"https:\/\/www.planhub.ca\/blog\/fr\/category\/mobile-fr\/"},{"@type":"ListItem","position":3,"name":"Nouvelles","item":"https:\/\/www.planhub.ca\/blog\/fr\/category\/mobile-fr\/mobile-news-fr\/"},{"@type":"ListItem","position":4,"name":"Le gouvernement f\u00e9d\u00e9ral veut imposer des chargeurs standards"}]},{"@type":"WebSite","@id":"https:\/\/www.planhub.ca\/blog\/fr\/#website","url":"https:\/\/www.planhub.ca\/blog\/fr\/","name":"PlanHub.ca The Blog - Promotions, Guides, News and more!","description":"PlanHub","publisher":{"@id":"https:\/\/www.planhub.ca\/blog\/fr\/#organization"},"alternateName":"PlanHub.ca The Blog","potentialAction":[{"@type":"SearchAction","target":{"@type":"EntryPoint","urlTemplate":"https:\/\/www.planhub.ca\/blog\/fr\/?s={search_term_string}"},"query-input":{"@type":"PropertyValueSpecification","valueRequired":true,"valueName":"search_term_string"}}],"inLanguage":"fr-CA"},{"@type":"Organization","@id":"https:\/\/www.planhub.ca\/blog\/fr\/#organization","name":"PlanHub.ca","alternateName":"PlanHub.ca","url":"https:\/\/www.planhub.ca\/blog\/fr\/","logo":{"@type":"ImageObject","inLanguage":"fr-CA","@id":"https:\/\/www.planhub.ca\/blog\/fr\/#\/schema\/logo\/image\/","url":"https:\/\/www.planhub.ca\/blog\/wp-content\/uploads\/2024\/04\/logo_planhub_horizontal_vert-2-2.png","contentUrl":"https:\/\/www.planhub.ca\/blog\/wp-content\/uploads\/2024\/04\/logo_planhub_horizontal_vert-2-2.png","width":900,"height":360,"caption":"PlanHub.ca"},"image":{"@id":"https:\/\/www.planhub.ca\/blog\/fr\/#\/schema\/logo\/image\/"},"sameAs":["https:\/\/www.facebook.com\/planhub.ca","https:\/\/x.com\/PlanHub_ca","https:\/\/ca.linkedin.com\/company\/planhub-ca"]},{"@type":"Person","@id":"https:\/\/www.planhub.ca\/blog\/fr\/#\/schema\/person\/17e57e2222f72d0f916172351a8093e1","name":"Alexis Le Marec","image":{"@type":"ImageObject","inLanguage":"fr-CA","@id":"https:\/\/secure.gravatar.com\/avatar\/1c9a710d21feab61eba747243d26a82a0fddf6b0a53fa400eb07c40bb1b60b82?s=96&d=blank&r=g","url":"https:\/\/secure.gravatar.com\/avatar\/1c9a710d21feab61eba747243d26a82a0fddf6b0a53fa400eb07c40bb1b60b82?s=96&d=blank&r=g","contentUrl":"https:\/\/secure.gravatar.com\/avatar\/1c9a710d21feab61eba747243d26a82a0fddf6b0a53fa400eb07c40bb1b60b82?s=96&d=blank&r=g","caption":"Alexis Le Marec"},"description":"As an avid user of social media and online applications, Alexis shares her expertise on how technology influences our social interactions and our daily lives. His practical advice will help you navigate the connected world with ease.","sameAs":["https:\/\/x.com\/AlexisLeMarec","https:\/\/x.com\/https:\/\/x.com\/AlexisLeMarec"],"url":"https:\/\/www.planhub.ca\/blog\/fr\/author\/alexis\/"}]}},"_links":{"self":[{"href":"https:\/\/www.planhub.ca\/blog\/fr\/wp-json\/wp\/v2\/posts\/11861","targetHints":{"allow":["GET"]}}],"collection":[{"href":"https:\/\/www.planhub.ca\/blog\/fr\/wp-json\/wp\/v2\/posts"}],"about":[{"href":"https:\/\/www.planhub.ca\/blog\/fr\/wp-json\/wp\/v2\/types\/post"}],"author":[{"embeddable":true,"href":"https:\/\/www.planhub.ca\/blog\/fr\/wp-json\/wp\/v2\/users\/32"}],"replies":[{"embeddable":true,"href":"https:\/\/www.planhub.ca\/blog\/fr\/wp-json\/wp\/v2\/comments?post=11861"}],"version-history":[{"count":3,"href":"https:\/\/www.planhub.ca\/blog\/fr\/wp-json\/wp\/v2\/posts\/11861\/revisions"}],"predecessor-version":[{"id":11877,"href":"https:\/\/www.planhub.ca\/blog\/fr\/wp-json\/wp\/v2\/posts\/11861\/revisions\/11877"}],"wp:featuredmedia":[{"embeddable":true,"href":"https:\/\/www.planhub.ca\/blog\/fr\/wp-json\/wp\/v2\/media\/11875"}],"wp:attachment":[{"href":"https:\/\/www.planhub.ca\/blog\/fr\/wp-json\/wp\/v2\/media?parent=11861"}],"wp:term":[{"taxonomy":"category","embeddable":true,"href":"https:\/\/www.planhub.ca\/blog\/fr\/wp-json\/wp\/v2\/categories?post=11861"},{"taxonomy":"post_tag","embeddable":true,"href":"https:\/\/www.planhub.ca\/blog\/fr\/wp-json\/wp\/v2\/tags?post=11861"}],"curies":[{"name":"wp","href":"https:\/\/api.w.org\/{rel}","templated":true}]}}