{"id":12468,"date":"2023-05-15T15:21:34","date_gmt":"2023-05-15T15:21:34","guid":{"rendered":"https:\/\/www.planhub.ca\/blog\/?p=12468"},"modified":"2023-05-15T15:21:34","modified_gmt":"2023-05-15T15:21:34","slug":"apple-des-ecrans-autoreparant-pour-son-iphone-pliable","status":"publish","type":"post","link":"https:\/\/www.planhub.ca\/blog\/fr\/apple-des-ecrans-autoreparant-pour-son-iphone-pliable\/","title":{"rendered":"Apple, des \u00e9crans autor\u00e9parant pour son iPhone pliable"},"content":{"rendered":"<p><strong>Apple planche depuis des mois sur une technologie permettant d\u2019\u00e9liminer la vilaine trace visible sur les \u00e9crans pliables.<\/strong><\/p>\n<p>Apple est le dernier fabricant \u00e0 ne toujours pas proposer de mod\u00e8le pliable pour ses iPhones. Il faut dire que tous les mod\u00e8les lanc\u00e9s jusqu\u2019\u00e0 pr\u00e9sent comportent un d\u00e9faut commun, quelle que soit la qualit\u00e9 du t\u00e9l\u00e9phone, la pr\u00e9sence d\u2019une vilaine pliure sur l\u2019\u00e9cran. Celle-ci a toujours \u00e9t\u00e9 r\u00e9dhibitoire pour Apple qui cherche \u00e0 proposer des produits sans d\u00e9faut ou probl\u00e8me apparents. \u00a0De plus, la pr\u00e9sence d\u2019une telle pliure va \u00e0 l\u2019encontre de l\u2019esth\u00e9tique voulue par Apple pour ses produits.<\/p>\n\n<p>Cette p\u00e9riode semble cependant r\u00e9volue puisque le site <a href=\"https:\/\/www.gizchina.com\/2023\/05\/14\/apples-new-patent-shows-a-self-healing-folding-screen-crease\/\">Giz China<\/a> vient de rep\u00e9rer un brevet d\u00e9pos\u00e9 par Apple au sujet d\u2019\u00e9crans pliables autor\u00e9parants. Cette technologie permettrait ainsi de faire disparaitre cette pliure d\u00e9finitivement et d\u2019offrir des \u00e9crans aussi lisses que les iPhones actuels.<\/p>\n<p><a href=\"https:\/\/blog-shared-space.nyc3.digitaloceanspaces.com\/2023\/05\/Apple-patent-a.jpg\"><img fetchpriority=\"high\" decoding=\"async\" class=\"alignnone wp-image-12471 size-full\" src=\"https:\/\/blog-shared-space.nyc3.digitaloceanspaces.com\/2023\/05\/Apple-patent-a.jpg\" alt=\"\" width=\"700\" height=\"1084\" srcset=\"https:\/\/www.planhub.ca\/blog\/wp-content\/uploads\/2023\/05\/Apple-patent-a.jpg 700w, https:\/\/www.planhub.ca\/blog\/wp-content\/uploads\/2023\/05\/Apple-patent-a-194x300.jpg 194w, https:\/\/www.planhub.ca\/blog\/wp-content\/uploads\/2023\/05\/Apple-patent-a-661x1024.jpg 661w\" sizes=\"(max-width: 700px) 100vw, 700px\" \/><\/a><\/p>\n<p>Cr\u00e9dit Image : Giz China<\/p>\n<p><strong>D\u00e8s \u00e9crans qui se r\u00e9parent tout seuls<\/strong><\/p>\n<p>La partie de l\u2019\u00e9cran plac\u00e9 sur la charni\u00e8re devrait \u00eatre recouverte d\u2019un mat\u00e9riau autor\u00e9g\u00e9n\u00e9rant capable de r\u00e9parer imm\u00e9diatement les pliures visibles normalement \u00e0 l\u2019\u00e9cran. Sous l\u2019effet d\u2019impulsion \u00e9lectrique, ce mat\u00e9riau utilise la chaleur combin\u00e9e \u00e0 la lumi\u00e8re pour remettre \u00e0 neuf la zone abim\u00e9e par la pliure.<\/p>\n\n<p>Difficile de dire pour l\u2019instant si cette technologie sera disponible cette ann\u00e9e ou l\u2019an prochain. En tout cas, les rumeurs courent depuis des mois sur un iPhone pliable \u00e0 la mani\u00e8re d\u2019un Galaxy Z Flip, mais dot\u00e9 d\u2019un \u00e9cran plus grand. Apple va-t-il nous \u00e9tonner en lan\u00e7ant un design original et jamais vu ?<\/p>\n<p><strong>Cr\u00e9dit Image couverture : Capture <a href=\"https:\/\/www.gizchina.com\/2023\/05\/14\/apples-new-patent-shows-a-self-healing-folding-screen-crease\/\">4RMD<\/a> via PlanHub<\/strong><\/p>\n<p>&nbsp;<\/p>\n","protected":false},"excerpt":{"rendered":"<p>Apple planche depuis des mois sur une technologie permettant d\u2019\u00e9liminer la vilaine trace visible sur les \u00e9crans pliables. Apple est le dernier fabricant \u00e0 ne toujours pas proposer de mod\u00e8le pliable pour ses iPhones. Il faut dire que tous les mod\u00e8les lanc\u00e9s jusqu\u2019\u00e0 pr\u00e9sent comportent un d\u00e9faut commun, quelle que soit la qualit\u00e9 du t\u00e9l\u00e9phone, [&hellip;]<\/p>\n","protected":false},"author":32,"featured_media":12469,"comment_status":"open","ping_status":"closed","sticky":false,"template":"","format":"standard","meta":{"_acf_changed":false,"footnotes":""},"categories":[840,28],"tags":[],"class_list":["post-12468","post","type-post","status-publish","format-standard","has-post-thumbnail","hentry","category-mobile-phone-news-fr","category-mobile-phone-fr"],"acf":[],"yoast_head":"<!-- This site is optimized with the Yoast SEO plugin v28.3 - https:\/\/yoast.com\/product\/yoast-seo-wordpress\/ -->\n<title>Apple, des \u00e9crans autor\u00e9parant pour son iPhone pliable | PlanHub<\/title>\n<meta name=\"description\" content=\"Apple planche depuis des mois sur une technologie permettant d\u2019\u00e9liminer la vilaine trace visible sur les \u00e9crans pliables.\" \/>\n<meta name=\"robots\" content=\"index, follow, max-snippet:-1, max-image-preview:large, max-video-preview:-1\" \/>\n<link rel=\"canonical\" href=\"https:\/\/www.planhub.ca\/blog\/fr\/apple-des-ecrans-autoreparant-pour-son-iphone-pliable\/\" \/>\n<meta property=\"og:locale\" content=\"fr_CA\" \/>\n<meta property=\"og:type\" content=\"article\" \/>\n<meta property=\"og:title\" content=\"Apple, des \u00e9crans autor\u00e9parant pour son iPhone pliable | PlanHub\" \/>\n<meta property=\"og:description\" content=\"Apple planche depuis des mois sur une technologie permettant d\u2019\u00e9liminer la vilaine trace visible sur les \u00e9crans pliables.\" \/>\n<meta property=\"og:url\" content=\"https:\/\/www.planhub.ca\/blog\/fr\/apple-des-ecrans-autoreparant-pour-son-iphone-pliable\/\" \/>\n<meta property=\"og:site_name\" content=\"Le Blogue - Promotions, Guides, Nouvelles et plus!\" \/>\n<meta property=\"article:publisher\" content=\"https:\/\/www.facebook.com\/planhub.ca\" \/>\n<meta property=\"article:published_time\" content=\"2023-05-15T15:21:34+00:00\" \/>\n<meta property=\"og:image\" content=\"https:\/\/www.planhub.ca\/blog\/wp-content\/uploads\/2023\/05\/iPhone-flip-concept-4RMD.jpg\" \/>\n\t<meta property=\"og:image:width\" content=\"860\" \/>\n\t<meta property=\"og:image:height\" content=\"441\" \/>\n\t<meta property=\"og:image:type\" content=\"image\/jpeg\" \/>\n<meta name=\"author\" content=\"Alexis Le Marec\" \/>\n<meta name=\"twitter:card\" content=\"summary_large_image\" \/>\n<meta name=\"twitter:creator\" content=\"@https:\/\/x.com\/AlexisLeMarec\" \/>\n<meta name=\"twitter:site\" content=\"@PlanHub_ca\" \/>\n<meta name=\"twitter:label1\" content=\"\u00c9crit par\" \/>\n\t<meta name=\"twitter:data1\" content=\"Alexis Le Marec\" \/>\n\t<meta name=\"twitter:label2\" content=\"Estimation du temps de lecture\" \/>\n\t<meta name=\"twitter:data2\" content=\"2 minutes\" \/>\n<script type=\"application\/ld+json\" class=\"yoast-schema-graph\">{\"@context\":\"https:\\\/\\\/schema.org\",\"@graph\":[{\"@type\":\"Article\",\"@id\":\"https:\\\/\\\/www.planhub.ca\\\/blog\\\/fr\\\/apple-des-ecrans-autoreparant-pour-son-iphone-pliable\\\/#article\",\"isPartOf\":{\"@id\":\"https:\\\/\\\/www.planhub.ca\\\/blog\\\/fr\\\/apple-des-ecrans-autoreparant-pour-son-iphone-pliable\\\/\"},\"author\":{\"name\":\"Alexis Le Marec\",\"@id\":\"https:\\\/\\\/www.planhub.ca\\\/blog\\\/fr\\\/#\\\/schema\\\/person\\\/17e57e2222f72d0f916172351a8093e1\"},\"headline\":\"Apple, des \u00e9crans autor\u00e9parant pour son iPhone pliable\",\"datePublished\":\"2023-05-15T15:21:34+00:00\",\"mainEntityOfPage\":{\"@id\":\"https:\\\/\\\/www.planhub.ca\\\/blog\\\/fr\\\/apple-des-ecrans-autoreparant-pour-son-iphone-pliable\\\/\"},\"wordCount\":322,\"commentCount\":0,\"publisher\":{\"@id\":\"https:\\\/\\\/www.planhub.ca\\\/blog\\\/fr\\\/#organization\"},\"image\":{\"@id\":\"https:\\\/\\\/www.planhub.ca\\\/blog\\\/fr\\\/apple-des-ecrans-autoreparant-pour-son-iphone-pliable\\\/#primaryimage\"},\"thumbnailUrl\":\"https:\\\/\\\/www.planhub.ca\\\/blog\\\/wp-content\\\/uploads\\\/2023\\\/05\\\/iPhone-flip-concept-4RMD.jpg\",\"articleSection\":[\"Nouvelles\",\"T\u00e9l\u00e9phone Mobile\"],\"inLanguage\":\"fr-CA\",\"potentialAction\":[{\"@type\":\"CommentAction\",\"name\":\"Comment\",\"target\":[\"https:\\\/\\\/www.planhub.ca\\\/blog\\\/fr\\\/apple-des-ecrans-autoreparant-pour-son-iphone-pliable\\\/#respond\"]}]},{\"@type\":\"WebPage\",\"@id\":\"https:\\\/\\\/www.planhub.ca\\\/blog\\\/fr\\\/apple-des-ecrans-autoreparant-pour-son-iphone-pliable\\\/\",\"url\":\"https:\\\/\\\/www.planhub.ca\\\/blog\\\/fr\\\/apple-des-ecrans-autoreparant-pour-son-iphone-pliable\\\/\",\"name\":\"Apple, des \u00e9crans autor\u00e9parant pour son iPhone pliable | PlanHub\",\"isPartOf\":{\"@id\":\"https:\\\/\\\/www.planhub.ca\\\/blog\\\/fr\\\/#website\"},\"primaryImageOfPage\":{\"@id\":\"https:\\\/\\\/www.planhub.ca\\\/blog\\\/fr\\\/apple-des-ecrans-autoreparant-pour-son-iphone-pliable\\\/#primaryimage\"},\"image\":{\"@id\":\"https:\\\/\\\/www.planhub.ca\\\/blog\\\/fr\\\/apple-des-ecrans-autoreparant-pour-son-iphone-pliable\\\/#primaryimage\"},\"thumbnailUrl\":\"https:\\\/\\\/www.planhub.ca\\\/blog\\\/wp-content\\\/uploads\\\/2023\\\/05\\\/iPhone-flip-concept-4RMD.jpg\",\"datePublished\":\"2023-05-15T15:21:34+00:00\",\"description\":\"Apple planche depuis des mois sur une technologie permettant d\u2019\u00e9liminer la vilaine trace visible sur les \u00e9crans pliables.\",\"breadcrumb\":{\"@id\":\"https:\\\/\\\/www.planhub.ca\\\/blog\\\/fr\\\/apple-des-ecrans-autoreparant-pour-son-iphone-pliable\\\/#breadcrumb\"},\"inLanguage\":\"fr-CA\",\"potentialAction\":[{\"@type\":\"ReadAction\",\"target\":[\"https:\\\/\\\/www.planhub.ca\\\/blog\\\/fr\\\/apple-des-ecrans-autoreparant-pour-son-iphone-pliable\\\/\"]}]},{\"@type\":\"ImageObject\",\"inLanguage\":\"fr-CA\",\"@id\":\"https:\\\/\\\/www.planhub.ca\\\/blog\\\/fr\\\/apple-des-ecrans-autoreparant-pour-son-iphone-pliable\\\/#primaryimage\",\"url\":\"https:\\\/\\\/www.planhub.ca\\\/blog\\\/wp-content\\\/uploads\\\/2023\\\/05\\\/iPhone-flip-concept-4RMD.jpg\",\"contentUrl\":\"https:\\\/\\\/www.planhub.ca\\\/blog\\\/wp-content\\\/uploads\\\/2023\\\/05\\\/iPhone-flip-concept-4RMD.jpg\",\"width\":860,\"height\":441},{\"@type\":\"BreadcrumbList\",\"@id\":\"https:\\\/\\\/www.planhub.ca\\\/blog\\\/fr\\\/apple-des-ecrans-autoreparant-pour-son-iphone-pliable\\\/#breadcrumb\",\"itemListElement\":[{\"@type\":\"ListItem\",\"position\":1,\"name\":\"Home\",\"item\":\"https:\\\/\\\/www.planhub.ca\\\/blog\\\/fr\\\/\"},{\"@type\":\"ListItem\",\"position\":2,\"name\":\"T\u00e9l\u00e9phone Mobile\",\"item\":\"https:\\\/\\\/www.planhub.ca\\\/blog\\\/fr\\\/category\\\/mobile-phone-fr\\\/\"},{\"@type\":\"ListItem\",\"position\":3,\"name\":\"Apple, des \u00e9crans autor\u00e9parant pour son iPhone pliable\"}]},{\"@type\":\"WebSite\",\"@id\":\"https:\\\/\\\/www.planhub.ca\\\/blog\\\/fr\\\/#website\",\"url\":\"https:\\\/\\\/www.planhub.ca\\\/blog\\\/fr\\\/\",\"name\":\"PlanHub.ca The Blog - Promotions, Guides, News and more!\",\"description\":\"PlanHub\",\"publisher\":{\"@id\":\"https:\\\/\\\/www.planhub.ca\\\/blog\\\/fr\\\/#organization\"},\"alternateName\":\"PlanHub.ca The Blog\",\"potentialAction\":[{\"@type\":\"SearchAction\",\"target\":{\"@type\":\"EntryPoint\",\"urlTemplate\":\"https:\\\/\\\/www.planhub.ca\\\/blog\\\/fr\\\/?s={search_term_string}\"},\"query-input\":{\"@type\":\"PropertyValueSpecification\",\"valueRequired\":true,\"valueName\":\"search_term_string\"}}],\"inLanguage\":\"fr-CA\"},{\"@type\":\"Organization\",\"@id\":\"https:\\\/\\\/www.planhub.ca\\\/blog\\\/fr\\\/#organization\",\"name\":\"PlanHub.ca\",\"alternateName\":\"PlanHub.ca\",\"url\":\"https:\\\/\\\/www.planhub.ca\\\/blog\\\/fr\\\/\",\"logo\":{\"@type\":\"ImageObject\",\"inLanguage\":\"fr-CA\",\"@id\":\"https:\\\/\\\/www.planhub.ca\\\/blog\\\/fr\\\/#\\\/schema\\\/logo\\\/image\\\/\",\"url\":\"https:\\\/\\\/www.planhub.ca\\\/blog\\\/wp-content\\\/uploads\\\/2024\\\/04\\\/logo_planhub_horizontal_vert-2-2.png\",\"contentUrl\":\"https:\\\/\\\/www.planhub.ca\\\/blog\\\/wp-content\\\/uploads\\\/2024\\\/04\\\/logo_planhub_horizontal_vert-2-2.png\",\"width\":900,\"height\":360,\"caption\":\"PlanHub.ca\"},\"image\":{\"@id\":\"https:\\\/\\\/www.planhub.ca\\\/blog\\\/fr\\\/#\\\/schema\\\/logo\\\/image\\\/\"},\"sameAs\":[\"https:\\\/\\\/www.facebook.com\\\/planhub.ca\",\"https:\\\/\\\/x.com\\\/PlanHub_ca\",\"https:\\\/\\\/ca.linkedin.com\\\/company\\\/planhub-ca\"]},{\"@type\":\"Person\",\"@id\":\"https:\\\/\\\/www.planhub.ca\\\/blog\\\/fr\\\/#\\\/schema\\\/person\\\/17e57e2222f72d0f916172351a8093e1\",\"name\":\"Alexis Le Marec\",\"image\":{\"@type\":\"ImageObject\",\"inLanguage\":\"fr-CA\",\"@id\":\"https:\\\/\\\/secure.gravatar.com\\\/avatar\\\/1c9a710d21feab61eba747243d26a82a0fddf6b0a53fa400eb07c40bb1b60b82?s=96&d=blank&r=g\",\"url\":\"https:\\\/\\\/secure.gravatar.com\\\/avatar\\\/1c9a710d21feab61eba747243d26a82a0fddf6b0a53fa400eb07c40bb1b60b82?s=96&d=blank&r=g\",\"contentUrl\":\"https:\\\/\\\/secure.gravatar.com\\\/avatar\\\/1c9a710d21feab61eba747243d26a82a0fddf6b0a53fa400eb07c40bb1b60b82?s=96&d=blank&r=g\",\"caption\":\"Alexis Le Marec\"},\"description\":\"As an avid user of social media and online applications, Alexis shares her expertise on how technology influences our social interactions and our daily lives. His practical advice will help you navigate the connected world with ease.\",\"sameAs\":[\"https:\\\/\\\/x.com\\\/AlexisLeMarec\",\"https:\\\/\\\/x.com\\\/https:\\\/\\\/x.com\\\/AlexisLeMarec\"],\"url\":\"https:\\\/\\\/www.planhub.ca\\\/blog\\\/fr\\\/author\\\/alexis\\\/\"}]}<\/script>\n<!-- \/ Yoast SEO plugin. -->","yoast_head_json":{"title":"Apple, des \u00e9crans autor\u00e9parant pour son iPhone pliable | PlanHub","description":"Apple planche depuis des mois sur une technologie permettant d\u2019\u00e9liminer la vilaine trace visible sur les \u00e9crans pliables.","robots":{"index":"index","follow":"follow","max-snippet":"max-snippet:-1","max-image-preview":"max-image-preview:large","max-video-preview":"max-video-preview:-1"},"canonical":"https:\/\/www.planhub.ca\/blog\/fr\/apple-des-ecrans-autoreparant-pour-son-iphone-pliable\/","og_locale":"fr_CA","og_type":"article","og_title":"Apple, des \u00e9crans autor\u00e9parant pour son iPhone pliable | PlanHub","og_description":"Apple planche depuis des mois sur une technologie permettant d\u2019\u00e9liminer la vilaine trace visible sur les \u00e9crans pliables.","og_url":"https:\/\/www.planhub.ca\/blog\/fr\/apple-des-ecrans-autoreparant-pour-son-iphone-pliable\/","og_site_name":"Le Blogue - Promotions, Guides, Nouvelles et plus!","article_publisher":"https:\/\/www.facebook.com\/planhub.ca","article_published_time":"2023-05-15T15:21:34+00:00","og_image":[{"width":860,"height":441,"url":"https:\/\/www.planhub.ca\/blog\/wp-content\/uploads\/2023\/05\/iPhone-flip-concept-4RMD.jpg","type":"image\/jpeg"}],"author":"Alexis Le Marec","twitter_card":"summary_large_image","twitter_creator":"@https:\/\/x.com\/AlexisLeMarec","twitter_site":"@PlanHub_ca","twitter_misc":{"\u00c9crit par":"Alexis Le Marec","Estimation du temps de lecture":"2 minutes"},"schema":{"@context":"https:\/\/schema.org","@graph":[{"@type":"Article","@id":"https:\/\/www.planhub.ca\/blog\/fr\/apple-des-ecrans-autoreparant-pour-son-iphone-pliable\/#article","isPartOf":{"@id":"https:\/\/www.planhub.ca\/blog\/fr\/apple-des-ecrans-autoreparant-pour-son-iphone-pliable\/"},"author":{"name":"Alexis Le Marec","@id":"https:\/\/www.planhub.ca\/blog\/fr\/#\/schema\/person\/17e57e2222f72d0f916172351a8093e1"},"headline":"Apple, des \u00e9crans autor\u00e9parant pour son iPhone pliable","datePublished":"2023-05-15T15:21:34+00:00","mainEntityOfPage":{"@id":"https:\/\/www.planhub.ca\/blog\/fr\/apple-des-ecrans-autoreparant-pour-son-iphone-pliable\/"},"wordCount":322,"commentCount":0,"publisher":{"@id":"https:\/\/www.planhub.ca\/blog\/fr\/#organization"},"image":{"@id":"https:\/\/www.planhub.ca\/blog\/fr\/apple-des-ecrans-autoreparant-pour-son-iphone-pliable\/#primaryimage"},"thumbnailUrl":"https:\/\/www.planhub.ca\/blog\/wp-content\/uploads\/2023\/05\/iPhone-flip-concept-4RMD.jpg","articleSection":["Nouvelles","T\u00e9l\u00e9phone Mobile"],"inLanguage":"fr-CA","potentialAction":[{"@type":"CommentAction","name":"Comment","target":["https:\/\/www.planhub.ca\/blog\/fr\/apple-des-ecrans-autoreparant-pour-son-iphone-pliable\/#respond"]}]},{"@type":"WebPage","@id":"https:\/\/www.planhub.ca\/blog\/fr\/apple-des-ecrans-autoreparant-pour-son-iphone-pliable\/","url":"https:\/\/www.planhub.ca\/blog\/fr\/apple-des-ecrans-autoreparant-pour-son-iphone-pliable\/","name":"Apple, des \u00e9crans autor\u00e9parant pour son iPhone pliable | PlanHub","isPartOf":{"@id":"https:\/\/www.planhub.ca\/blog\/fr\/#website"},"primaryImageOfPage":{"@id":"https:\/\/www.planhub.ca\/blog\/fr\/apple-des-ecrans-autoreparant-pour-son-iphone-pliable\/#primaryimage"},"image":{"@id":"https:\/\/www.planhub.ca\/blog\/fr\/apple-des-ecrans-autoreparant-pour-son-iphone-pliable\/#primaryimage"},"thumbnailUrl":"https:\/\/www.planhub.ca\/blog\/wp-content\/uploads\/2023\/05\/iPhone-flip-concept-4RMD.jpg","datePublished":"2023-05-15T15:21:34+00:00","description":"Apple planche depuis des mois sur une technologie permettant d\u2019\u00e9liminer la vilaine trace visible sur les \u00e9crans pliables.","breadcrumb":{"@id":"https:\/\/www.planhub.ca\/blog\/fr\/apple-des-ecrans-autoreparant-pour-son-iphone-pliable\/#breadcrumb"},"inLanguage":"fr-CA","potentialAction":[{"@type":"ReadAction","target":["https:\/\/www.planhub.ca\/blog\/fr\/apple-des-ecrans-autoreparant-pour-son-iphone-pliable\/"]}]},{"@type":"ImageObject","inLanguage":"fr-CA","@id":"https:\/\/www.planhub.ca\/blog\/fr\/apple-des-ecrans-autoreparant-pour-son-iphone-pliable\/#primaryimage","url":"https:\/\/www.planhub.ca\/blog\/wp-content\/uploads\/2023\/05\/iPhone-flip-concept-4RMD.jpg","contentUrl":"https:\/\/www.planhub.ca\/blog\/wp-content\/uploads\/2023\/05\/iPhone-flip-concept-4RMD.jpg","width":860,"height":441},{"@type":"BreadcrumbList","@id":"https:\/\/www.planhub.ca\/blog\/fr\/apple-des-ecrans-autoreparant-pour-son-iphone-pliable\/#breadcrumb","itemListElement":[{"@type":"ListItem","position":1,"name":"Home","item":"https:\/\/www.planhub.ca\/blog\/fr\/"},{"@type":"ListItem","position":2,"name":"T\u00e9l\u00e9phone Mobile","item":"https:\/\/www.planhub.ca\/blog\/fr\/category\/mobile-phone-fr\/"},{"@type":"ListItem","position":3,"name":"Apple, des \u00e9crans autor\u00e9parant pour son iPhone pliable"}]},{"@type":"WebSite","@id":"https:\/\/www.planhub.ca\/blog\/fr\/#website","url":"https:\/\/www.planhub.ca\/blog\/fr\/","name":"PlanHub.ca The Blog - Promotions, Guides, News and more!","description":"PlanHub","publisher":{"@id":"https:\/\/www.planhub.ca\/blog\/fr\/#organization"},"alternateName":"PlanHub.ca The Blog","potentialAction":[{"@type":"SearchAction","target":{"@type":"EntryPoint","urlTemplate":"https:\/\/www.planhub.ca\/blog\/fr\/?s={search_term_string}"},"query-input":{"@type":"PropertyValueSpecification","valueRequired":true,"valueName":"search_term_string"}}],"inLanguage":"fr-CA"},{"@type":"Organization","@id":"https:\/\/www.planhub.ca\/blog\/fr\/#organization","name":"PlanHub.ca","alternateName":"PlanHub.ca","url":"https:\/\/www.planhub.ca\/blog\/fr\/","logo":{"@type":"ImageObject","inLanguage":"fr-CA","@id":"https:\/\/www.planhub.ca\/blog\/fr\/#\/schema\/logo\/image\/","url":"https:\/\/www.planhub.ca\/blog\/wp-content\/uploads\/2024\/04\/logo_planhub_horizontal_vert-2-2.png","contentUrl":"https:\/\/www.planhub.ca\/blog\/wp-content\/uploads\/2024\/04\/logo_planhub_horizontal_vert-2-2.png","width":900,"height":360,"caption":"PlanHub.ca"},"image":{"@id":"https:\/\/www.planhub.ca\/blog\/fr\/#\/schema\/logo\/image\/"},"sameAs":["https:\/\/www.facebook.com\/planhub.ca","https:\/\/x.com\/PlanHub_ca","https:\/\/ca.linkedin.com\/company\/planhub-ca"]},{"@type":"Person","@id":"https:\/\/www.planhub.ca\/blog\/fr\/#\/schema\/person\/17e57e2222f72d0f916172351a8093e1","name":"Alexis Le Marec","image":{"@type":"ImageObject","inLanguage":"fr-CA","@id":"https:\/\/secure.gravatar.com\/avatar\/1c9a710d21feab61eba747243d26a82a0fddf6b0a53fa400eb07c40bb1b60b82?s=96&d=blank&r=g","url":"https:\/\/secure.gravatar.com\/avatar\/1c9a710d21feab61eba747243d26a82a0fddf6b0a53fa400eb07c40bb1b60b82?s=96&d=blank&r=g","contentUrl":"https:\/\/secure.gravatar.com\/avatar\/1c9a710d21feab61eba747243d26a82a0fddf6b0a53fa400eb07c40bb1b60b82?s=96&d=blank&r=g","caption":"Alexis Le Marec"},"description":"As an avid user of social media and online applications, Alexis shares her expertise on how technology influences our social interactions and our daily lives. His practical advice will help you navigate the connected world with ease.","sameAs":["https:\/\/x.com\/AlexisLeMarec","https:\/\/x.com\/https:\/\/x.com\/AlexisLeMarec"],"url":"https:\/\/www.planhub.ca\/blog\/fr\/author\/alexis\/"}]}},"_links":{"self":[{"href":"https:\/\/www.planhub.ca\/blog\/fr\/wp-json\/wp\/v2\/posts\/12468","targetHints":{"allow":["GET"]}}],"collection":[{"href":"https:\/\/www.planhub.ca\/blog\/fr\/wp-json\/wp\/v2\/posts"}],"about":[{"href":"https:\/\/www.planhub.ca\/blog\/fr\/wp-json\/wp\/v2\/types\/post"}],"author":[{"embeddable":true,"href":"https:\/\/www.planhub.ca\/blog\/fr\/wp-json\/wp\/v2\/users\/32"}],"replies":[{"embeddable":true,"href":"https:\/\/www.planhub.ca\/blog\/fr\/wp-json\/wp\/v2\/comments?post=12468"}],"version-history":[{"count":1,"href":"https:\/\/www.planhub.ca\/blog\/fr\/wp-json\/wp\/v2\/posts\/12468\/revisions"}],"predecessor-version":[{"id":12473,"href":"https:\/\/www.planhub.ca\/blog\/fr\/wp-json\/wp\/v2\/posts\/12468\/revisions\/12473"}],"wp:featuredmedia":[{"embeddable":true,"href":"https:\/\/www.planhub.ca\/blog\/fr\/wp-json\/wp\/v2\/media\/12469"}],"wp:attachment":[{"href":"https:\/\/www.planhub.ca\/blog\/fr\/wp-json\/wp\/v2\/media?parent=12468"}],"wp:term":[{"taxonomy":"category","embeddable":true,"href":"https:\/\/www.planhub.ca\/blog\/fr\/wp-json\/wp\/v2\/categories?post=12468"},{"taxonomy":"post_tag","embeddable":true,"href":"https:\/\/www.planhub.ca\/blog\/fr\/wp-json\/wp\/v2\/tags?post=12468"}],"curies":[{"name":"wp","href":"https:\/\/api.w.org\/{rel}","templated":true}]}}