{"id":17694,"date":"2024-09-05T14:05:38","date_gmt":"2024-09-05T14:05:38","guid":{"rendered":"https:\/\/www.planhub.ca\/blog\/?p=17694"},"modified":"2025-09-17T09:57:54","modified_gmt":"2025-09-17T14:57:54","slug":"la-6g-en-avons-nous-vraiment-besoin","status":"publish","type":"post","link":"https:\/\/www.planhub.ca\/blog\/fr\/la-6g-en-avons-nous-vraiment-besoin\/","title":{"rendered":"La 6G : En avons-nous vraiment besoin ?"},"content":{"rendered":"\t\t<div data-elementor-type=\"wp-post\" data-elementor-id=\"17694\" class=\"elementor elementor-17694\" data-elementor-post-type=\"post\">\n\t\t\t\t<div class=\"elementor-element elementor-element-1426fab e-flex e-con-boxed e-con e-parent\" data-id=\"1426fab\" data-element_type=\"container\" data-e-type=\"container\">\n\t\t\t\t\t<div class=\"e-con-inner\">\n\t\t\t\t<div class=\"elementor-element elementor-element-2561623 elementor-widget elementor-widget-text-editor\" data-id=\"2561623\" data-element_type=\"widget\" data-e-type=\"widget\" data-widget_type=\"text-editor.default\">\n\t\t\t\t<div class=\"elementor-widget-container\">\n\t\t\t\t\t\t\t\t\t<p><strong>La 5G<\/strong> a d\u00e9barqu\u00e9 en novembre 2020, avec la promesse de vitesses fulgurantes et une latence quasi inexistante. Depuis, elle s&rsquo;est progressivement int\u00e9gr\u00e9e dans notre quotidien en changeant la donne.<\/p><p><strong>La 6G<\/strong> pointe d\u00e9sormais \u00e0 l\u2019horizon, et la question se pose : en avons-nous vraiment besoin ? Ce saut technologique est-il vraiment justifi\u00e9, ou sommes-nous simplement en qu\u00eate de la prochaine nouveaut\u00e9 pour le plaisir ? La 6G pourrait-elle v\u00e9ritablement transformer notre connectivit\u00e9, ou s\u2019agit-il juste d\u2019un nouveau buzz technologique ? Nous vous livrons des r\u00e9ponses !<\/p><p>\u00a0<\/p>\t\t\t\t\t\t\t\t<\/div>\n\t\t\t\t<\/div>\n\t\t\t\t\t<\/div>\n\t\t\t\t<\/div>\n\t\t<div class=\"elementor-element elementor-element-c34e487 e-flex e-con-boxed e-con e-parent\" data-id=\"c34e487\" data-element_type=\"container\" data-e-type=\"container\">\n\t\t\t\t\t<div class=\"e-con-inner\">\n\t\t<div class=\"elementor-element elementor-element-a7cd98e e-con-full e-flex e-con e-child\" data-id=\"a7cd98e\" data-element_type=\"container\" data-e-type=\"container\" data-settings=\"{&quot;background_background&quot;:&quot;classic&quot;}\">\n\t\t<div class=\"elementor-element elementor-element-a6b6996 e-con-full e-flex e-con e-child\" data-id=\"a6b6996\" data-element_type=\"container\" data-e-type=\"container\">\n\t\t\t\t<div class=\"elementor-element elementor-element-ad63df5 elementor-widget elementor-widget-image\" data-id=\"ad63df5\" data-element_type=\"widget\" data-e-type=\"widget\" data-widget_type=\"image.default\">\n\t\t\t\t<div class=\"elementor-widget-container\">\n\t\t\t\t\t\t\t\t\t\t\t\t\t\t\t<img fetchpriority=\"high\" decoding=\"async\" width=\"500\" height=\"500\" src=\"https:\/\/www.planhub.ca\/blog\/wp-content\/uploads\/2024\/08\/6g-1.png\" class=\"attachment-large size-large wp-image-17696\" alt=\"\" srcset=\"https:\/\/www.planhub.ca\/blog\/wp-content\/uploads\/2024\/08\/6g-1.png 500w, https:\/\/www.planhub.ca\/blog\/wp-content\/uploads\/2024\/08\/6g-1-300x300.png 300w, https:\/\/www.planhub.ca\/blog\/wp-content\/uploads\/2024\/08\/6g-1-150x150.png 150w\" sizes=\"(max-width: 500px) 100vw, 500px\" \/>\t\t\t\t\t\t\t\t\t\t\t\t\t\t\t<\/div>\n\t\t\t\t<\/div>\n\t\t\t\t<\/div>\n\t\t<div class=\"elementor-element elementor-element-c0ebc59 e-con-full e-flex e-con e-child\" data-id=\"c0ebc59\" data-element_type=\"container\" data-e-type=\"container\">\n\t\t\t\t<div class=\"elementor-element elementor-element-7100023 elementor-widget elementor-widget-heading\" data-id=\"7100023\" data-element_type=\"widget\" data-e-type=\"widget\" data-widget_type=\"heading.default\">\n\t\t\t\t<div class=\"elementor-widget-container\">\n\t\t\t\t\t<h4 class=\"elementor-heading-title elementor-size-default\"><br><br>Contrairement \u00e0 la 5G, qui atteint 10 Gbps, la 6G pourrait offrir jusqu'\u00e0 100 Gbps<\/h4>\t\t\t\t<\/div>\n\t\t\t\t<\/div>\n\t\t\t\t<\/div>\n\t\t\t\t<\/div>\n\t\t\t\t\t<\/div>\n\t\t\t\t<\/div>\n\t\t<div class=\"elementor-element elementor-element-dafba6d e-flex e-con-boxed e-con e-parent\" data-id=\"dafba6d\" data-element_type=\"container\" data-e-type=\"container\">\n\t\t\t\t\t<div class=\"e-con-inner\">\n\t\t\t\t<div class=\"elementor-element elementor-element-dd3f48d elementor-widget elementor-widget-heading\" data-id=\"dd3f48d\" data-element_type=\"widget\" data-e-type=\"widget\" data-widget_type=\"heading.default\">\n\t\t\t\t<div class=\"elementor-widget-container\">\n\t\t\t\t\t<h2 class=\"elementor-heading-title elementor-size-default\">Qu'est-ce que la technologie 6G et comment fonctionne-t-elle ?<\/h2>\t\t\t\t<\/div>\n\t\t\t\t<\/div>\n\t\t\t\t\t<\/div>\n\t\t\t\t<\/div>\n\t\t<div class=\"elementor-element elementor-element-eaec904 e-flex e-con-boxed e-con e-parent\" data-id=\"eaec904\" data-element_type=\"container\" data-e-type=\"container\">\n\t\t\t\t\t<div class=\"e-con-inner\">\n\t\t\t\t<div class=\"elementor-element elementor-element-733e6db elementor-widget elementor-widget-text-editor\" data-id=\"733e6db\" data-element_type=\"widget\" data-e-type=\"widget\" data-widget_type=\"text-editor.default\">\n\t\t\t\t<div class=\"elementor-widget-container\">\n\t\t\t\t\t\t\t\t\t<p>La technologie 6G repr\u00e9sente la prochaine \u00e9tape dans l&rsquo;\u00e9volution des r\u00e9seaux mobiles, visant \u00e0 offrir des am\u00e9liorations significatives par rapport \u00e0 la 5G.<\/p><p>Voici ce qu&rsquo;elle vise \u00e0 offrir concr\u00e8tement et comment elle fonctionnera.<\/p>\t\t\t\t\t\t\t\t<\/div>\n\t\t\t\t<\/div>\n\t\t\t\t\t<\/div>\n\t\t\t\t<\/div>\n\t\t<div class=\"elementor-element elementor-element-aed0e52 e-flex e-con-boxed e-con e-parent\" data-id=\"aed0e52\" data-element_type=\"container\" data-e-type=\"container\">\n\t\t\t\t\t<div class=\"e-con-inner\">\n\t\t\t\t<div class=\"elementor-element elementor-element-ea4f6bb elementor-icon-list--layout-traditional elementor-list-item-link-full_width elementor-widget elementor-widget-icon-list\" data-id=\"ea4f6bb\" data-element_type=\"widget\" data-e-type=\"widget\" data-widget_type=\"icon-list.default\">\n\t\t\t\t<div class=\"elementor-widget-container\">\n\t\t\t\t\t\t\t<ul class=\"elementor-icon-list-items\">\n\t\t\t\t\t\t\t<li class=\"elementor-icon-list-item\">\n\t\t\t\t\t\t\t\t\t\t\t<span class=\"elementor-icon-list-icon\">\n\t\t\t\t\t\t\t<svg aria-hidden=\"true\" class=\"e-font-icon-svg e-far-check-square\" viewBox=\"0 0 448 512\" xmlns=\"http:\/\/www.w3.org\/2000\/svg\"><path d=\"M400 32H48C21.49 32 0 53.49 0 80v352c0 26.51 21.49 48 48 48h352c26.51 0 48-21.49 48-48V80c0-26.51-21.49-48-48-48zm0 400H48V80h352v352zm-35.864-241.724L191.547 361.48c-4.705 4.667-12.303 4.637-16.97-.068l-90.781-91.516c-4.667-4.705-4.637-12.303.069-16.971l22.719-22.536c4.705-4.667 12.303-4.637 16.97.069l59.792 60.277 141.352-140.216c4.705-4.667 12.303-4.637 16.97.068l22.536 22.718c4.667 4.706 4.637 12.304-.068 16.971z\"><\/path><\/svg>\t\t\t\t\t\t<\/span>\n\t\t\t\t\t\t\t\t\t\t<span class=\"elementor-icon-list-text\"><strong>Vitesses de t\u00e9l\u00e9chargement<\/strong>: Jusqu'\u00e0 100 Gbps (10 fois plus rapide que la 5G)<\/span>\n\t\t\t\t\t\t\t\t\t<\/li>\n\t\t\t\t\t\t\t\t<li class=\"elementor-icon-list-item\">\n\t\t\t\t\t\t\t\t\t\t\t<span class=\"elementor-icon-list-icon\">\n\t\t\t\t\t\t\t<svg aria-hidden=\"true\" class=\"e-font-icon-svg e-far-check-square\" viewBox=\"0 0 448 512\" xmlns=\"http:\/\/www.w3.org\/2000\/svg\"><path d=\"M400 32H48C21.49 32 0 53.49 0 80v352c0 26.51 21.49 48 48 48h352c26.51 0 48-21.49 48-48V80c0-26.51-21.49-48-48-48zm0 400H48V80h352v352zm-35.864-241.724L191.547 361.48c-4.705 4.667-12.303 4.637-16.97-.068l-90.781-91.516c-4.667-4.705-4.637-12.303.069-16.971l22.719-22.536c4.705-4.667 12.303-4.637 16.97.069l59.792 60.277 141.352-140.216c4.705-4.667 12.303-4.637 16.97.068l22.536 22.718c4.667 4.706 4.637 12.304-.068 16.971z\"><\/path><\/svg>\t\t\t\t\t\t<\/span>\n\t\t\t\t\t\t\t\t\t\t<span class=\"elementor-icon-list-text\"><strong>Latence<\/strong> : Moins de 1 milliseconde (tr\u00e8s r\u00e9actif)<\/span>\n\t\t\t\t\t\t\t\t\t<\/li>\n\t\t\t\t\t\t\t\t<li class=\"elementor-icon-list-item\">\n\t\t\t\t\t\t\t\t\t\t\t<span class=\"elementor-icon-list-icon\">\n\t\t\t\t\t\t\t<svg aria-hidden=\"true\" class=\"e-font-icon-svg e-far-check-square\" viewBox=\"0 0 448 512\" xmlns=\"http:\/\/www.w3.org\/2000\/svg\"><path d=\"M400 32H48C21.49 32 0 53.49 0 80v352c0 26.51 21.49 48 48 48h352c26.51 0 48-21.49 48-48V80c0-26.51-21.49-48-48-48zm0 400H48V80h352v352zm-35.864-241.724L191.547 361.48c-4.705 4.667-12.303 4.637-16.97-.068l-90.781-91.516c-4.667-4.705-4.637-12.303.069-16.971l22.719-22.536c4.705-4.667 12.303-4.637 16.97.069l59.792 60.277 141.352-140.216c4.705-4.667 12.303-4.637 16.97.068l22.536 22.718c4.667 4.706 4.637 12.304-.068 16.971z\"><\/path><\/svg>\t\t\t\t\t\t<\/span>\n\t\t\t\t\t\t\t\t\t\t<span class=\"elementor-icon-list-text\"><strong>Bandes de fr\u00e9quence<\/strong> : Utilisation d'ondes millim\u00e9triques et de fr\u00e9quences terahertz<\/span>\n\t\t\t\t\t\t\t\t\t<\/li>\n\t\t\t\t\t\t\t\t<li class=\"elementor-icon-list-item\">\n\t\t\t\t\t\t\t\t\t\t\t<span class=\"elementor-icon-list-icon\">\n\t\t\t\t\t\t\t<svg aria-hidden=\"true\" class=\"e-font-icon-svg e-far-check-square\" viewBox=\"0 0 448 512\" xmlns=\"http:\/\/www.w3.org\/2000\/svg\"><path d=\"M400 32H48C21.49 32 0 53.49 0 80v352c0 26.51 21.49 48 48 48h352c26.51 0 48-21.49 48-48V80c0-26.51-21.49-48-48-48zm0 400H48V80h352v352zm-35.864-241.724L191.547 361.48c-4.705 4.667-12.303 4.637-16.97-.068l-90.781-91.516c-4.667-4.705-4.637-12.303.069-16.971l22.719-22.536c4.705-4.667 12.303-4.637 16.97.069l59.792 60.277 141.352-140.216c4.705-4.667 12.303-4.637 16.97.068l22.536 22.718c4.667 4.706 4.637 12.304-.068 16.971z\"><\/path><\/svg>\t\t\t\t\t\t<\/span>\n\t\t\t\t\t\t\t\t\t\t<span class=\"elementor-icon-list-text\"><strong>Connectivit\u00e9<\/strong> : Capacit\u00e9 de connecter des milliers d'appareils simultan\u00e9ment<\/span>\n\t\t\t\t\t\t\t\t\t<\/li>\n\t\t\t\t\t\t\t\t<li class=\"elementor-icon-list-item\">\n\t\t\t\t\t\t\t\t\t\t\t<span class=\"elementor-icon-list-icon\">\n\t\t\t\t\t\t\t<svg aria-hidden=\"true\" class=\"e-font-icon-svg e-far-check-square\" viewBox=\"0 0 448 512\" xmlns=\"http:\/\/www.w3.org\/2000\/svg\"><path d=\"M400 32H48C21.49 32 0 53.49 0 80v352c0 26.51 21.49 48 48 48h352c26.51 0 48-21.49 48-48V80c0-26.51-21.49-48-48-48zm0 400H48V80h352v352zm-35.864-241.724L191.547 361.48c-4.705 4.667-12.303 4.637-16.97-.068l-90.781-91.516c-4.667-4.705-4.637-12.303.069-16.971l22.719-22.536c4.705-4.667 12.303-4.637 16.97.069l59.792 60.277 141.352-140.216c4.705-4.667 12.303-4.637 16.97.068l22.536 22.718c4.667 4.706 4.637 12.304-.068 16.971z\"><\/path><\/svg>\t\t\t\t\t\t<\/span>\n\t\t\t\t\t\t\t\t\t\t<span class=\"elementor-icon-list-text\"><strong>Applications<\/strong> : Am\u00e9lioration de la r\u00e9alit\u00e9 augment\u00e9e (AR), r\u00e9alit\u00e9 virtuelle (VR), et support pour de nouvelles technologies immersives<\/span>\n\t\t\t\t\t\t\t\t\t<\/li>\n\t\t\t\t\t\t<\/ul>\n\t\t\t\t\t\t<\/div>\n\t\t\t\t<\/div>\n\t\t\t\t\t<\/div>\n\t\t\t\t<\/div>\n\t\t<div class=\"elementor-element elementor-element-cef4aa6 e-flex e-con-boxed e-con e-parent\" data-id=\"cef4aa6\" data-element_type=\"container\" data-e-type=\"container\">\n\t\t\t\t\t<div class=\"e-con-inner\">\n\t\t\t\t<div class=\"elementor-element elementor-element-85f18a2 elementor-widget elementor-widget-text-editor\" data-id=\"85f18a2\" data-element_type=\"widget\" data-e-type=\"widget\" data-widget_type=\"text-editor.default\">\n\t\t\t\t<div class=\"elementor-widget-container\">\n\t\t\t\t\t\t\t\t\t<p>Avec la technologie<strong> 6G<\/strong>, les performances en mati\u00e8re de transfert de donn\u00e9es atteignent de nouveaux sommets. Par exemple, t\u00e9l\u00e9charger un jeu vid\u00e9o moderne de 50 Go, comme, pourrait \u00eatre accompli en seulement 40 secondes. Incroyable non?\u00a0<\/p>\t\t\t\t\t\t\t\t<\/div>\n\t\t\t\t<\/div>\n\t\t\t\t\t<\/div>\n\t\t\t\t<\/div>\n\t\t<div class=\"elementor-element elementor-element-60d132f e-flex e-con-boxed e-con e-parent\" data-id=\"60d132f\" data-element_type=\"container\" data-e-type=\"container\">\n\t\t\t\t\t<div class=\"e-con-inner\">\n\t\t\t\t<div class=\"elementor-element elementor-element-c8cb98e elementor-widget elementor-widget-heading\" data-id=\"c8cb98e\" data-element_type=\"widget\" data-e-type=\"widget\" data-widget_type=\"heading.default\">\n\t\t\t\t<div class=\"elementor-widget-container\">\n\t\t\t\t\t<h2 class=\"elementor-heading-title elementor-size-default\">Quel pays disposent de la 6G ?<\/h2>\t\t\t\t<\/div>\n\t\t\t\t<\/div>\n\t\t\t\t\t<\/div>\n\t\t\t\t<\/div>\n\t\t<div class=\"elementor-element elementor-element-5c98d8b e-flex e-con-boxed e-con e-parent\" data-id=\"5c98d8b\" data-element_type=\"container\" data-e-type=\"container\">\n\t\t\t\t\t<div class=\"e-con-inner\">\n\t\t<div class=\"elementor-element elementor-element-b91fe53 e-con-full e-flex e-con e-child\" data-id=\"b91fe53\" data-element_type=\"container\" data-e-type=\"container\">\n\t\t\t\t<div class=\"elementor-element elementor-element-a4ed5aa elementor-widget elementor-widget-image\" data-id=\"a4ed5aa\" data-element_type=\"widget\" data-e-type=\"widget\" data-widget_type=\"image.default\">\n\t\t\t\t<div class=\"elementor-widget-container\">\n\t\t\t\t\t\t\t\t\t\t\t\t\t\t\t<img decoding=\"async\" width=\"600\" height=\"600\" src=\"https:\/\/www.planhub.ca\/blog\/wp-content\/uploads\/2024\/08\/pays-6g.png\" class=\"attachment-large size-large wp-image-17700\" alt=\"Pays 6G\" srcset=\"https:\/\/www.planhub.ca\/blog\/wp-content\/uploads\/2024\/08\/pays-6g.png 600w, https:\/\/www.planhub.ca\/blog\/wp-content\/uploads\/2024\/08\/pays-6g-300x300.png 300w, https:\/\/www.planhub.ca\/blog\/wp-content\/uploads\/2024\/08\/pays-6g-150x150.png 150w\" sizes=\"(max-width: 600px) 100vw, 600px\" \/>\t\t\t\t\t\t\t\t\t\t\t\t\t\t\t<\/div>\n\t\t\t\t<\/div>\n\t\t\t\t<\/div>\n\t\t<div class=\"elementor-element elementor-element-9ad6b4f e-con-full e-flex e-con e-child\" data-id=\"9ad6b4f\" data-element_type=\"container\" data-e-type=\"container\">\n\t\t\t\t<div class=\"elementor-element elementor-element-84e1306 elementor-widget elementor-widget-text-editor\" data-id=\"84e1306\" data-element_type=\"widget\" data-e-type=\"widget\" data-widget_type=\"text-editor.default\">\n\t\t\t\t<div class=\"elementor-widget-container\">\n\t\t\t\t\t\t\t\t\t<p>\u00c0 l&rsquo;heure actuelle, aucun pays ne dispose encore de services Internet 6G commercialis\u00e9s. La technologie 6G est encore en phase de recherche et de d\u00e9veloppement, avec des tests pr\u00e9liminaires et des exp\u00e9rimentations men\u00e9es dans plusieurs pays, dont <b>la Chine, les \u00c9tats-Unis, la Cor\u00e9e du Sud, et le Japon.<\/b><\/p><p>Ces pays sont en train de pr\u00e9parer les infrastructures n\u00e9cessaires pour le de la 6G, mais les services commerciaux ne sont pas encore disponibles. Les premi\u00e8res pr\u00e9visions indiquent que la 6G pourrait commencer \u00e0 \u00eatre d\u00e9ploy\u00e9e \u00e0 partir de 2030, apr\u00e8s que les standards et les infrastructures n\u00e9cessaires auront \u00e9t\u00e9 pleinement d\u00e9velopp\u00e9s et test\u00e9s.\u00a0<\/p>\t\t\t\t\t\t\t\t<\/div>\n\t\t\t\t<\/div>\n\t\t\t\t<\/div>\n\t\t\t\t\t<\/div>\n\t\t\t\t<\/div>\n\t\t<div class=\"elementor-element elementor-element-69e9120 e-flex e-con-boxed e-con e-parent\" data-id=\"69e9120\" data-element_type=\"container\" data-e-type=\"container\">\n\t\t\t\t\t<div class=\"e-con-inner\">\n\t\t\t\t<div class=\"elementor-element elementor-element-ec019be elementor-widget elementor-widget-heading\" data-id=\"ec019be\" data-element_type=\"widget\" data-e-type=\"widget\" data-widget_type=\"heading.default\">\n\t\t\t\t<div class=\"elementor-widget-container\">\n\t\t\t\t\t<h3 class=\"elementor-heading-title elementor-size-default\">Quand la 6G sera-t-elle disponible au Canada ?<\/h3>\t\t\t\t<\/div>\n\t\t\t\t<\/div>\n\t\t\t\t<div class=\"elementor-element elementor-element-ddff55b elementor-widget elementor-widget-text-editor\" data-id=\"ddff55b\" data-element_type=\"widget\" data-e-type=\"widget\" data-widget_type=\"text-editor.default\">\n\t\t\t\t<div class=\"elementor-widget-container\">\n\t\t\t\t\t\t\t\t\t<p>La <strong>6G<\/strong> n&rsquo;a pas encore de date de lancement pr\u00e9cise pour le Canada. Les premiers tests pourraient commencer dans les ann\u00e9es 2030, mais une adoption g\u00e9n\u00e9ralis\u00e9e est encore loin d&rsquo;\u00eatre envisag\u00e9e.<\/p><p>La transition vers la 6G n\u00e9cessitera des avanc\u00e9es technologiques significatives et des mises \u00e0 jour substantielles des infrastructures existantes. Les r\u00e9seaux devront \u00eatre adapt\u00e9s pour supporter les vitesses ultra-rapides et la faible latence promises par la 6G.<\/p>\t\t\t\t\t\t\t\t<\/div>\n\t\t\t\t<\/div>\n\t\t\t\t\t<\/div>\n\t\t\t\t<\/div>\n\t\t<div class=\"elementor-element elementor-element-081e49d e-flex e-con-boxed e-con e-parent\" data-id=\"081e49d\" data-element_type=\"container\" data-e-type=\"container\">\n\t\t\t\t\t<div class=\"e-con-inner\">\n\t\t\t\t<div class=\"elementor-element elementor-element-098658f elementor-widget elementor-widget-heading\" data-id=\"098658f\" data-element_type=\"widget\" data-e-type=\"widget\" data-widget_type=\"heading.default\">\n\t\t\t\t<div class=\"elementor-widget-container\">\n\t\t\t\t\t<h2 class=\"elementor-heading-title elementor-size-default\">Quelle est la vitesse de la 6G ?<\/h2>\t\t\t\t<\/div>\n\t\t\t\t<\/div>\n\t\t\t\t\t<\/div>\n\t\t\t\t<\/div>\n\t\t<div class=\"elementor-element elementor-element-afda35f e-flex e-con-boxed e-con e-parent\" data-id=\"afda35f\" data-element_type=\"container\" data-e-type=\"container\">\n\t\t\t\t\t<div class=\"e-con-inner\">\n\t\t<div class=\"elementor-element elementor-element-2c68618 e-con-full e-flex e-con e-child\" data-id=\"2c68618\" data-element_type=\"container\" data-e-type=\"container\" data-settings=\"{&quot;background_background&quot;:&quot;classic&quot;}\">\n\t\t\t\t<div class=\"elementor-element elementor-element-19184c2 elementor-widget elementor-widget-heading\" data-id=\"19184c2\" data-element_type=\"widget\" data-e-type=\"widget\" data-widget_type=\"heading.default\">\n\t\t\t\t<div class=\"elementor-widget-container\">\n\t\t\t\t\t<h3 class=\"elementor-heading-title elementor-size-default\">100 fois plus\nrapide que la 5G !<\/h3>\t\t\t\t<\/div>\n\t\t\t\t<\/div>\n\t\t\t\t<\/div>\n\t\t<div class=\"elementor-element elementor-element-24cae74 e-con-full e-flex e-con e-child\" data-id=\"24cae74\" data-element_type=\"container\" data-e-type=\"container\">\n\t\t\t\t<div class=\"elementor-element elementor-element-28db87a elementor-widget elementor-widget-text-editor\" data-id=\"28db87a\" data-element_type=\"widget\" data-e-type=\"widget\" data-widget_type=\"text-editor.default\">\n\t\t\t\t<div class=\"elementor-widget-container\">\n\t\t\t\t\t\t\t\t\t<p>La 6G, c&rsquo;est l&rsquo;\u00e9volution naturelle des r\u00e9seaux mobiles. Avec des vitesses estim\u00e9es \u00e0 1 Tbps, on parle ici de <strong>100 fois plus rapide que la 5G<\/strong>. Ce n\u2019est plus simplement une question de t\u00e9l\u00e9charger plus vite, c\u2019est une nouvelle \u00e8re pour la r\u00e9alit\u00e9 augment\u00e9e, l\u2019intelligence artificielle et l\u2019IoT.<\/p><p>Mais ce n\u2019est pas tout. La<strong> 6G<\/strong> vise aussi une latence ridiculement basse, de l\u2019ordre de la microseconde. Cela signifie des r\u00e9ponses instantan\u00e9es, que ce soit pour les voitures autonomes ou les op\u00e9rations \u00e0 distance.<\/p>\t\t\t\t\t\t\t\t<\/div>\n\t\t\t\t<\/div>\n\t\t\t\t<\/div>\n\t\t\t\t\t<\/div>\n\t\t\t\t<\/div>\n\t\t<div class=\"elementor-element elementor-element-a6b5bc9 e-flex e-con-boxed e-con e-parent\" data-id=\"a6b5bc9\" data-element_type=\"container\" data-e-type=\"container\">\n\t\t\t\t\t<div class=\"e-con-inner\">\n\t\t\t\t<div class=\"elementor-element elementor-element-3efc22b elementor-widget elementor-widget-heading\" data-id=\"3efc22b\" data-element_type=\"widget\" data-e-type=\"widget\" data-widget_type=\"heading.default\">\n\t\t\t\t<div class=\"elementor-widget-container\">\n\t\t\t\t\t<h2 class=\"elementor-heading-title elementor-size-default\">Avons-nous besoin de la 6G ?<\/h2>\t\t\t\t<\/div>\n\t\t\t\t<\/div>\n\t\t\t\t\t<\/div>\n\t\t\t\t<\/div>\n\t\t<div class=\"elementor-element elementor-element-e7a4007 e-flex e-con-boxed e-con e-parent\" data-id=\"e7a4007\" data-element_type=\"container\" data-e-type=\"container\">\n\t\t\t\t\t<div class=\"e-con-inner\">\n\t\t\t\t<div class=\"elementor-element elementor-element-a637b56 elementor-widget elementor-widget-text-editor\" data-id=\"a637b56\" data-element_type=\"widget\" data-e-type=\"widget\" data-widget_type=\"text-editor.default\">\n\t\t\t\t<div class=\"elementor-widget-container\">\n\t\t\t\t\t\t\t\t\t<p>La question<strong> \u00ab\u00a0Avons-nous besoin de la 6G ?\u00a0\u00bb<\/strong> divise de plus en plus. D\u2019un c\u00f4t\u00e9, certains utilisateurs se demandent si la 6G est r\u00e9ellement n\u00e9cessaire, surtout lorsque la 5G n\u2019est pas encore compl\u00e8tement adopt\u00e9e partout. Pour eux, la 5G offre d\u00e9j\u00e0 des vitesses impressionnantes et une latence r\u00e9duite, alors pourquoi pousser encore plus loin ?<\/p>\t\t\t\t\t\t\t\t<\/div>\n\t\t\t\t<\/div>\n\t\t\t\t<div class=\"elementor-element elementor-element-1fd2d0c elementor-widget elementor-widget-image\" data-id=\"1fd2d0c\" data-element_type=\"widget\" data-e-type=\"widget\" data-widget_type=\"image.default\">\n\t\t\t\t<div class=\"elementor-widget-container\">\n\t\t\t\t\t\t\t\t\t\t\t\t\t\t\t<img decoding=\"async\" width=\"800\" height=\"450\" src=\"https:\/\/www.planhub.ca\/blog\/wp-content\/uploads\/2024\/09\/avons-nous-vraiment-besoin-de-la-6g-1024x576.png\" class=\"attachment-large size-large wp-image-17777\" alt=\"\" srcset=\"https:\/\/www.planhub.ca\/blog\/wp-content\/uploads\/2024\/09\/avons-nous-vraiment-besoin-de-la-6g-1024x576.png 1024w, https:\/\/www.planhub.ca\/blog\/wp-content\/uploads\/2024\/09\/avons-nous-vraiment-besoin-de-la-6g-300x169.png 300w, https:\/\/www.planhub.ca\/blog\/wp-content\/uploads\/2024\/09\/avons-nous-vraiment-besoin-de-la-6g-768x432.png 768w, https:\/\/www.planhub.ca\/blog\/wp-content\/uploads\/2024\/09\/avons-nous-vraiment-besoin-de-la-6g.png 1200w\" sizes=\"(max-width: 800px) 100vw, 800px\" \/>\t\t\t\t\t\t\t\t\t\t\t\t\t\t\t<\/div>\n\t\t\t\t<\/div>\n\t\t\t\t<div class=\"elementor-element elementor-element-53f1a69 elementor-widget elementor-widget-text-editor\" data-id=\"53f1a69\" data-element_type=\"widget\" data-e-type=\"widget\" data-widget_type=\"text-editor.default\">\n\t\t\t\t<div class=\"elementor-widget-container\">\n\t\t\t\t\t\t\t\t\t<p>D\u2019un autre c\u00f4t\u00e9, d\u2019autres voient la <strong>6G<\/strong> comme une avanc\u00e9e incontournable. Avec l\u2019essor de technologies comme l\u2019Internet des objets, l\u2019intelligence artificielle et la r\u00e9alit\u00e9 augment\u00e9e, certains estiment que les infrastructures actuelles finiront par \u00eatre d\u00e9pass\u00e9es. Selon eux, la 6G permettra de r\u00e9pondre aux besoins croissants en mati\u00e8re de connectivit\u00e9 et de traitement de donn\u00e9es ultra-rapide.<\/p><p>En fin de compte, l\u2019adoption de la 6G d\u00e9pendra des usages futurs, mais pour l\u2019instant, tout le monde n&rsquo;est pas convaincu que ce soit une priorit\u00e9 absolue.<\/p>\t\t\t\t\t\t\t\t<\/div>\n\t\t\t\t<\/div>\n\t\t\t\t\t<\/div>\n\t\t\t\t<\/div>\n\t\t<div class=\"elementor-element elementor-element-c7049d2 e-flex e-con-boxed e-con e-parent\" data-id=\"c7049d2\" data-element_type=\"container\" data-e-type=\"container\" data-settings=\"{&quot;background_background&quot;:&quot;classic&quot;}\">\n\t\t\t\t\t<div class=\"e-con-inner\">\n\t\t\t\t<div class=\"elementor-element elementor-element-298f539 elementor-widget elementor-widget-heading\" data-id=\"298f539\" data-element_type=\"widget\" data-e-type=\"widget\" data-widget_type=\"heading.default\">\n\t\t\t\t<div class=\"elementor-widget-container\">\n\t\t\t\t\t<h3 class=\"elementor-heading-title elementor-size-default\">Notre avis<\/h3>\t\t\t\t<\/div>\n\t\t\t\t<\/div>\n\t\t\t\t<div class=\"elementor-element elementor-element-022b511 elementor-widget elementor-widget-text-editor\" data-id=\"022b511\" data-element_type=\"widget\" data-e-type=\"widget\" data-widget_type=\"text-editor.default\">\n\t\t\t\t<div class=\"elementor-widget-container\">\n\t\t\t\t\t\t\t\t\t<p>Chez Planhub, on est clairement pour la 6G. Pourquoi ? Parce qu&rsquo;elle va tout changer. Avec des vitesses folles et une latence ultra-basse, on parle de r\u00e9alit\u00e9s augment\u00e9es qui se lancent instantan\u00e9ment, d&rsquo;objets connect\u00e9s qui fonctionnent \u00e0 la perfection, et m\u00eame de v\u00e9hicules autonomes ultra-s\u00e9curis\u00e9s. La 5G, c\u2019est bien, mais la 6G, c\u2019est l\u2019avenir. Elle va d\u00e9bloquer des possibilit\u00e9s qu&rsquo;on n&rsquo;imagine m\u00eame pas encore.<\/p>\t\t\t\t\t\t\t\t<\/div>\n\t\t\t\t<\/div>\n\t\t\t\t\t<\/div>\n\t\t\t\t<\/div>\n\t\t<div class=\"elementor-element elementor-element-802104d e-flex e-con-boxed e-con e-parent\" data-id=\"802104d\" data-element_type=\"container\" data-e-type=\"container\">\n\t\t\t\t\t<div class=\"e-con-inner\">\n\t\t\t\t<div class=\"elementor-element elementor-element-0f4ae35 elementor-widget elementor-widget-heading\" data-id=\"0f4ae35\" data-element_type=\"widget\" data-e-type=\"widget\" data-widget_type=\"heading.default\">\n\t\t\t\t<div class=\"elementor-widget-container\">\n\t\t\t\t\t<h2 class=\"elementor-heading-title elementor-size-default\">6G vs 5G<\/h2>\t\t\t\t<\/div>\n\t\t\t\t<\/div>\n\t\t\t\t\t<\/div>\n\t\t\t\t<\/div>\n\t\t<div class=\"elementor-element elementor-element-42b65a7 e-flex e-con-boxed e-con e-parent\" data-id=\"42b65a7\" data-element_type=\"container\" data-e-type=\"container\">\n\t\t\t\t\t<div class=\"e-con-inner\">\n\t\t\t\t<div class=\"elementor-element elementor-element-4fc537b elementor-widget elementor-widget-text-editor\" data-id=\"4fc537b\" data-element_type=\"widget\" data-e-type=\"widget\" data-widget_type=\"text-editor.default\">\n\t\t\t\t<div class=\"elementor-widget-container\">\n\t\t\t\t\t\t\t\t\t<p>La <strong>6G<\/strong>, c\u2019est la prochaine \u00e9tape dans l\u2019\u00e9volution des r\u00e9seaux mobiles. Si la <strong>5G<\/strong> impressionne d\u00e9j\u00e0, la <strong>6G<\/strong> promet de repousser les limites de la technologie actuelle. Voici un aper\u00e7u rapide des avantages que la <strong>6G<\/strong> pourrait offrir.<\/p><table><thead><tr><th><strong>Aspect<\/strong><\/th><th><strong>5G<\/strong><\/th><th><strong>6G<\/strong><\/th><\/tr><\/thead><tbody><tr><td><strong>Vitesse de connexion<\/strong><\/td><td>Tr\u00e8s rapide, jusqu\u2019\u00e0 10 Gbps<\/td><td>Ultra-rapide, jusqu\u2019\u00e0 1 Tbps<\/td><\/tr><tr><td><strong>Temps de r\u00e9ponse<\/strong><\/td><td>R\u00e9ponse en 1 milliseconde<\/td><td>R\u00e9ponse en une fraction de milliseconde<\/td><\/tr><tr><td><strong>Connectivit\u00e9 des appareils<\/strong><\/td><td>Am\u00e9lior\u00e9e pour les objets connect\u00e9s<\/td><td>Gestion de milliards d\u2019appareils<\/td><\/tr><tr><td><strong>Exp\u00e9riences immersives<\/strong><\/td><td>Bonnes pour la r\u00e9alit\u00e9 augment\u00e9e<\/td><td>Immersion totale en temps r\u00e9el<\/td><\/tr><tr><td><strong>Nouvelles possibilit\u00e9s<\/strong><\/td><td>Id\u00e9al pour les jeux en ligne et le streaming<\/td><td>Parfait pour les v\u00e9hicules autonomes et les technologies avanc\u00e9es<\/td><\/tr><\/tbody><\/table>\t\t\t\t\t\t\t\t<\/div>\n\t\t\t\t<\/div>\n\t\t\t\t\t<\/div>\n\t\t\t\t<\/div>\n\t\t<div class=\"elementor-element elementor-element-74b1d13 e-flex e-con-boxed e-con e-parent\" data-id=\"74b1d13\" data-element_type=\"container\" data-e-type=\"container\">\n\t\t\t\t\t<div class=\"e-con-inner\">\n\t\t\t\t<div class=\"elementor-element elementor-element-c1f46f4 elementor-widget elementor-widget-heading\" data-id=\"c1f46f4\" data-element_type=\"widget\" data-e-type=\"widget\" data-widget_type=\"heading.default\">\n\t\t\t\t<div class=\"elementor-widget-container\">\n\t\t\t\t\t<h2 class=\"elementor-heading-title elementor-size-default\">La 6G est-elle dangereuse pour la sant\u00e9 ?<\/h2>\t\t\t\t<\/div>\n\t\t\t\t<\/div>\n\t\t\t\t\t<\/div>\n\t\t\t\t<\/div>\n\t\t<div class=\"elementor-element elementor-element-3b5f067 e-flex e-con-boxed e-con e-parent\" data-id=\"3b5f067\" data-element_type=\"container\" data-e-type=\"container\">\n\t\t\t\t\t<div class=\"e-con-inner\">\n\t\t\t\t<div class=\"elementor-element elementor-element-0ba6dc4 elementor-widget elementor-widget-text-editor\" data-id=\"0ba6dc4\" data-element_type=\"widget\" data-e-type=\"widget\" data-widget_type=\"text-editor.default\">\n\t\t\t\t<div class=\"elementor-widget-container\">\n\t\t\t\t\t\t\t\t\t<p><strong>La question de savoir si la 6G est dangereuse pour la sant\u00e9 est encore en d\u00e9bat<\/strong>. Actuellement, les recherches sur les ondes millim\u00e9triques que la 6G utilisera sont plut\u00f4t limit\u00e9es. <strong>Les pr\u00e9occupations sont similaires \u00e0 celles qu&rsquo;on a eues avec la 4G et la 5G, mais jusqu\u2019\u00e0 pr\u00e9sent, aucune \u00e9tude solide n\u2019a montr\u00e9 de risques pour la sant\u00e9.<\/strong><\/p><p><strong>Les autorit\u00e9s de r\u00e9gulation surveillent la situation de pr\u00e8s<\/strong> et mettent en place des limites pour prot\u00e9ger la sant\u00e9 publique. Tant que ces normes sont respect\u00e9es, les risques sont consid\u00e9r\u00e9s comme faibles.<\/p><p><strong>En gros, il n&rsquo;y a pas de preuves concr\u00e8tes que la 6G soit nocive<\/strong> pour nous pour le moment. Mais comme toujours, il vaut mieux rester inform\u00e9 et suivre les recommandations des experts.<\/p>\t\t\t\t\t\t\t\t<\/div>\n\t\t\t\t<\/div>\n\t\t\t\t\t<\/div>\n\t\t\t\t<\/div>\n\t\t<div class=\"elementor-element elementor-element-41677d7 e-flex e-con-boxed e-con e-parent\" data-id=\"41677d7\" data-element_type=\"container\" data-e-type=\"container\">\n\t\t\t\t\t<div class=\"e-con-inner\">\n\t\t\t\t<div class=\"elementor-element elementor-element-1169ee7 elementor-widget elementor-widget-heading\" data-id=\"1169ee7\" data-element_type=\"widget\" data-e-type=\"widget\" data-widget_type=\"heading.default\">\n\t\t\t\t<div class=\"elementor-widget-container\">\n\t\t\t\t\t<h2 class=\"elementor-heading-title elementor-size-default\">FAQ<\/h2>\t\t\t\t<\/div>\n\t\t\t\t<\/div>\n\t\t\t\t\t<\/div>\n\t\t\t\t<\/div>\n\t\t<div class=\"elementor-element elementor-element-c44913b e-flex e-con-boxed e-con e-parent\" data-id=\"c44913b\" data-element_type=\"container\" data-e-type=\"container\">\n\t\t\t\t\t<div class=\"e-con-inner\">\n\t\t\t\t<div class=\"elementor-element elementor-element-f58da14 elementor-widget elementor-widget-n-accordion\" data-id=\"f58da14\" data-element_type=\"widget\" data-e-type=\"widget\" data-settings=\"{&quot;default_state&quot;:&quot;expanded&quot;,&quot;max_items_expended&quot;:&quot;one&quot;,&quot;n_accordion_animation_duration&quot;:{&quot;unit&quot;:&quot;ms&quot;,&quot;size&quot;:400,&quot;sizes&quot;:[]}}\" data-widget_type=\"nested-accordion.default\">\n\t\t\t\t<div class=\"elementor-widget-container\">\n\t\t\t\t\t\t\t<div class=\"e-n-accordion\" aria-label=\"Accordion. Open links with Enter or Space, close with Escape, and navigate with Arrow Keys\">\n\t\t\t\t\t\t<details id=\"e-n-accordion-item-2570\" class=\"e-n-accordion-item\" open>\n\t\t\t\t<summary class=\"e-n-accordion-item-title\" data-accordion-index=\"1\" tabindex=\"0\" aria-expanded=\"true\" aria-controls=\"e-n-accordion-item-2570\" >\n\t\t\t\t\t<span class='e-n-accordion-item-title-header'><div class=\"e-n-accordion-item-title-text\"> Quand peut-on s'attendre \u00e0 ce que la 6G soit largement disponible ? <\/div><\/span>\n\t\t\t\t\t\t\t<span class='e-n-accordion-item-title-icon'>\n\t\t\t<span class='e-opened' ><svg aria-hidden=\"true\" class=\"e-font-icon-svg e-fas-minus\" viewBox=\"0 0 448 512\" xmlns=\"http:\/\/www.w3.org\/2000\/svg\"><path d=\"M416 208H32c-17.67 0-32 14.33-32 32v32c0 17.67 14.33 32 32 32h384c17.67 0 32-14.33 32-32v-32c0-17.67-14.33-32-32-32z\"><\/path><\/svg><\/span>\n\t\t\t<span class='e-closed'><svg aria-hidden=\"true\" class=\"e-font-icon-svg e-fas-plus\" viewBox=\"0 0 448 512\" xmlns=\"http:\/\/www.w3.org\/2000\/svg\"><path d=\"M416 208H272V64c0-17.67-14.33-32-32-32h-32c-17.67 0-32 14.33-32 32v144H32c-17.67 0-32 14.33-32 32v32c0 17.67 14.33 32 32 32h144v144c0 17.67 14.33 32 32 32h32c17.67 0 32-14.33 32-32V304h144c17.67 0 32-14.33 32-32v-32c0-17.67-14.33-32-32-32z\"><\/path><\/svg><\/span>\n\t\t<\/span>\n\n\t\t\t\t\t\t<\/summary>\n\t\t\t\t<div role=\"region\" aria-labelledby=\"e-n-accordion-item-2570\" class=\"elementor-element elementor-element-1bb667b e-con-full e-flex e-con e-child\" data-id=\"1bb667b\" data-element_type=\"container\" data-e-type=\"container\">\n\t\t<div role=\"region\" aria-labelledby=\"e-n-accordion-item-2570\" class=\"elementor-element elementor-element-5261d9b e-flex e-con-boxed e-con e-child\" data-id=\"5261d9b\" data-element_type=\"container\" data-e-type=\"container\">\n\t\t\t\t\t<div class=\"e-con-inner\">\n\t\t\t\t<div class=\"elementor-element elementor-element-a371ebf elementor-widget elementor-widget-text-editor\" data-id=\"a371ebf\" data-element_type=\"widget\" data-e-type=\"widget\" data-widget_type=\"text-editor.default\">\n\t\t\t\t<div class=\"elementor-widget-container\">\n\t\t\t\t\t\t\t\t\t<p><strong>La 6G<\/strong> devrait commencer \u00e0 \u00eatre d\u00e9ploy\u00e9e autour de 2030, bien que des recherches et des tests soient d\u00e9j\u00e0 en cours.<\/p>\t\t\t\t\t\t\t\t<\/div>\n\t\t\t\t<\/div>\n\t\t\t\t\t<\/div>\n\t\t\t\t<\/div>\n\t\t\t\t<\/div>\n\t\t\t\t\t<\/details>\n\t\t\t\t\t\t<details id=\"e-n-accordion-item-2571\" class=\"e-n-accordion-item\" >\n\t\t\t\t<summary class=\"e-n-accordion-item-title\" data-accordion-index=\"2\" tabindex=\"-1\" aria-expanded=\"false\" aria-controls=\"e-n-accordion-item-2571\" >\n\t\t\t\t\t<span class='e-n-accordion-item-title-header'><div class=\"e-n-accordion-item-title-text\"> La 6G remplacera-t-elle la 5G ou coexisteront-elles ? <\/div><\/span>\n\t\t\t\t\t\t\t<span class='e-n-accordion-item-title-icon'>\n\t\t\t<span class='e-opened' ><svg aria-hidden=\"true\" class=\"e-font-icon-svg e-fas-minus\" viewBox=\"0 0 448 512\" xmlns=\"http:\/\/www.w3.org\/2000\/svg\"><path d=\"M416 208H32c-17.67 0-32 14.33-32 32v32c0 17.67 14.33 32 32 32h384c17.67 0 32-14.33 32-32v-32c0-17.67-14.33-32-32-32z\"><\/path><\/svg><\/span>\n\t\t\t<span class='e-closed'><svg aria-hidden=\"true\" class=\"e-font-icon-svg e-fas-plus\" viewBox=\"0 0 448 512\" xmlns=\"http:\/\/www.w3.org\/2000\/svg\"><path d=\"M416 208H272V64c0-17.67-14.33-32-32-32h-32c-17.67 0-32 14.33-32 32v144H32c-17.67 0-32 14.33-32 32v32c0 17.67 14.33 32 32 32h144v144c0 17.67 14.33 32 32 32h32c17.67 0 32-14.33 32-32V304h144c17.67 0 32-14.33 32-32v-32c0-17.67-14.33-32-32-32z\"><\/path><\/svg><\/span>\n\t\t<\/span>\n\n\t\t\t\t\t\t<\/summary>\n\t\t\t\t<div role=\"region\" aria-labelledby=\"e-n-accordion-item-2571\" class=\"elementor-element elementor-element-efed400 e-con-full e-flex e-con e-child\" data-id=\"efed400\" data-element_type=\"container\" data-e-type=\"container\">\n\t\t<div role=\"region\" aria-labelledby=\"e-n-accordion-item-2571\" class=\"elementor-element elementor-element-37c1185 e-flex e-con-boxed e-con e-child\" data-id=\"37c1185\" data-element_type=\"container\" data-e-type=\"container\">\n\t\t\t\t\t<div class=\"e-con-inner\">\n\t\t\t\t<div class=\"elementor-element elementor-element-d29651a elementor-widget elementor-widget-text-editor\" data-id=\"d29651a\" data-element_type=\"widget\" data-e-type=\"widget\" data-widget_type=\"text-editor.default\">\n\t\t\t\t<div class=\"elementor-widget-container\">\n\t\t\t\t\t\t\t\t\t<p><strong>La 6G<\/strong> ne remplacera pas imm\u00e9diatement la 5G ; les deux technologies coexisteront pendant un certain temps avant que la 6G ne devienne pr\u00e9dominante.<\/p>\t\t\t\t\t\t\t\t<\/div>\n\t\t\t\t<\/div>\n\t\t\t\t\t<\/div>\n\t\t\t\t<\/div>\n\t\t\t\t<\/div>\n\t\t\t\t\t<\/details>\n\t\t\t\t\t\t<details id=\"e-n-accordion-item-2572\" class=\"e-n-accordion-item\" >\n\t\t\t\t<summary class=\"e-n-accordion-item-title\" data-accordion-index=\"3\" tabindex=\"-1\" aria-expanded=\"false\" aria-controls=\"e-n-accordion-item-2572\" >\n\t\t\t\t\t<span class='e-n-accordion-item-title-header'><div class=\"e-n-accordion-item-title-text\"> Quelles nouvelles technologies la 6G permettra-t-elle ? <\/div><\/span>\n\t\t\t\t\t\t\t<span class='e-n-accordion-item-title-icon'>\n\t\t\t<span class='e-opened' ><svg aria-hidden=\"true\" class=\"e-font-icon-svg e-fas-minus\" viewBox=\"0 0 448 512\" xmlns=\"http:\/\/www.w3.org\/2000\/svg\"><path d=\"M416 208H32c-17.67 0-32 14.33-32 32v32c0 17.67 14.33 32 32 32h384c17.67 0 32-14.33 32-32v-32c0-17.67-14.33-32-32-32z\"><\/path><\/svg><\/span>\n\t\t\t<span class='e-closed'><svg aria-hidden=\"true\" class=\"e-font-icon-svg e-fas-plus\" viewBox=\"0 0 448 512\" xmlns=\"http:\/\/www.w3.org\/2000\/svg\"><path d=\"M416 208H272V64c0-17.67-14.33-32-32-32h-32c-17.67 0-32 14.33-32 32v144H32c-17.67 0-32 14.33-32 32v32c0 17.67 14.33 32 32 32h144v144c0 17.67 14.33 32 32 32h32c17.67 0 32-14.33 32-32V304h144c17.67 0 32-14.33 32-32v-32c0-17.67-14.33-32-32-32z\"><\/path><\/svg><\/span>\n\t\t<\/span>\n\n\t\t\t\t\t\t<\/summary>\n\t\t\t\t<div role=\"region\" aria-labelledby=\"e-n-accordion-item-2572\" class=\"elementor-element elementor-element-0523afe e-con-full e-flex e-con e-child\" data-id=\"0523afe\" data-element_type=\"container\" data-e-type=\"container\">\n\t\t<div role=\"region\" aria-labelledby=\"e-n-accordion-item-2572\" class=\"elementor-element elementor-element-c81c719 e-flex e-con-boxed e-con e-child\" data-id=\"c81c719\" data-element_type=\"container\" data-e-type=\"container\">\n\t\t\t\t\t<div class=\"e-con-inner\">\n\t\t\t\t<div class=\"elementor-element elementor-element-59f7626 elementor-widget elementor-widget-text-editor\" data-id=\"59f7626\" data-element_type=\"widget\" data-e-type=\"widget\" data-widget_type=\"text-editor.default\">\n\t\t\t\t<div class=\"elementor-widget-container\">\n\t\t\t\t\t\t\t\t\t<p>La 6G permettra des avanc\u00e9es majeures en r\u00e9alit\u00e9 augment\u00e9e, intelligence artificielle et connectivit\u00e9 massive des objets, avec des applications encore inimaginables aujourd&rsquo;hui.<\/p>\t\t\t\t\t\t\t\t<\/div>\n\t\t\t\t<\/div>\n\t\t\t\t\t<\/div>\n\t\t\t\t<\/div>\n\t\t\t\t<\/div>\n\t\t\t\t\t<\/details>\n\t\t\t\t\t\t<details id=\"e-n-accordion-item-2573\" class=\"e-n-accordion-item\" >\n\t\t\t\t<summary class=\"e-n-accordion-item-title\" data-accordion-index=\"4\" tabindex=\"-1\" aria-expanded=\"false\" aria-controls=\"e-n-accordion-item-2573\" >\n\t\t\t\t\t<span class='e-n-accordion-item-title-header'><div class=\"e-n-accordion-item-title-text\"> La 6G fonctionnera-t-elle sur les smartphones actuels ou faudra-t-il de nouveaux appareils ? <\/div><\/span>\n\t\t\t\t\t\t\t<span class='e-n-accordion-item-title-icon'>\n\t\t\t<span class='e-opened' ><svg aria-hidden=\"true\" class=\"e-font-icon-svg e-fas-minus\" viewBox=\"0 0 448 512\" xmlns=\"http:\/\/www.w3.org\/2000\/svg\"><path d=\"M416 208H32c-17.67 0-32 14.33-32 32v32c0 17.67 14.33 32 32 32h384c17.67 0 32-14.33 32-32v-32c0-17.67-14.33-32-32-32z\"><\/path><\/svg><\/span>\n\t\t\t<span class='e-closed'><svg aria-hidden=\"true\" class=\"e-font-icon-svg e-fas-plus\" viewBox=\"0 0 448 512\" xmlns=\"http:\/\/www.w3.org\/2000\/svg\"><path d=\"M416 208H272V64c0-17.67-14.33-32-32-32h-32c-17.67 0-32 14.33-32 32v144H32c-17.67 0-32 14.33-32 32v32c0 17.67 14.33 32 32 32h144v144c0 17.67 14.33 32 32 32h32c17.67 0 32-14.33 32-32V304h144c17.67 0 32-14.33 32-32v-32c0-17.67-14.33-32-32-32z\"><\/path><\/svg><\/span>\n\t\t<\/span>\n\n\t\t\t\t\t\t<\/summary>\n\t\t\t\t<div role=\"region\" aria-labelledby=\"e-n-accordion-item-2573\" class=\"elementor-element elementor-element-77cade5 e-con-full e-flex e-con e-child\" data-id=\"77cade5\" data-element_type=\"container\" data-e-type=\"container\">\n\t\t<div role=\"region\" aria-labelledby=\"e-n-accordion-item-2573\" class=\"elementor-element elementor-element-6ecb568 e-flex e-con-boxed e-con e-child\" data-id=\"6ecb568\" data-element_type=\"container\" data-e-type=\"container\">\n\t\t\t\t\t<div class=\"e-con-inner\">\n\t\t\t\t<div class=\"elementor-element elementor-element-96df891 elementor-widget elementor-widget-text-editor\" data-id=\"96df891\" data-element_type=\"widget\" data-e-type=\"widget\" data-widget_type=\"text-editor.default\">\n\t\t\t\t<div class=\"elementor-widget-container\">\n\t\t\t\t\t\t\t\t\t<p>Les smartphones actuels ne seront pas compatibles avec la 6G ; il faudra de nouveaux appareils pour b\u00e9n\u00e9ficier de cette technologie.<\/p>\t\t\t\t\t\t\t\t<\/div>\n\t\t\t\t<\/div>\n\t\t\t\t\t<\/div>\n\t\t\t\t<\/div>\n\t\t\t\t<\/div>\n\t\t\t\t\t<\/details>\n\t\t\t\t\t\t<details id=\"e-n-accordion-item-2574\" class=\"e-n-accordion-item\" >\n\t\t\t\t<summary class=\"e-n-accordion-item-title\" data-accordion-index=\"5\" tabindex=\"-1\" aria-expanded=\"false\" aria-controls=\"e-n-accordion-item-2574\" >\n\t\t\t\t\t<span class='e-n-accordion-item-title-header'><div class=\"e-n-accordion-item-title-text\"> La technologie 6G est-elle s\u00fbre pour la sant\u00e9 humaine ? <\/div><\/span>\n\t\t\t\t\t\t\t<span class='e-n-accordion-item-title-icon'>\n\t\t\t<span class='e-opened' ><svg aria-hidden=\"true\" class=\"e-font-icon-svg e-fas-minus\" viewBox=\"0 0 448 512\" xmlns=\"http:\/\/www.w3.org\/2000\/svg\"><path d=\"M416 208H32c-17.67 0-32 14.33-32 32v32c0 17.67 14.33 32 32 32h384c17.67 0 32-14.33 32-32v-32c0-17.67-14.33-32-32-32z\"><\/path><\/svg><\/span>\n\t\t\t<span class='e-closed'><svg aria-hidden=\"true\" class=\"e-font-icon-svg e-fas-plus\" viewBox=\"0 0 448 512\" xmlns=\"http:\/\/www.w3.org\/2000\/svg\"><path d=\"M416 208H272V64c0-17.67-14.33-32-32-32h-32c-17.67 0-32 14.33-32 32v144H32c-17.67 0-32 14.33-32 32v32c0 17.67 14.33 32 32 32h144v144c0 17.67 14.33 32 32 32h32c17.67 0 32-14.33 32-32V304h144c17.67 0 32-14.33 32-32v-32c0-17.67-14.33-32-32-32z\"><\/path><\/svg><\/span>\n\t\t<\/span>\n\n\t\t\t\t\t\t<\/summary>\n\t\t\t\t<div role=\"region\" aria-labelledby=\"e-n-accordion-item-2574\" class=\"elementor-element elementor-element-afd7771 e-con-full e-flex e-con e-child\" data-id=\"afd7771\" data-element_type=\"container\" data-e-type=\"container\">\n\t\t<div role=\"region\" aria-labelledby=\"e-n-accordion-item-2574\" class=\"elementor-element elementor-element-a2cc0e4 e-flex e-con-boxed e-con e-child\" data-id=\"a2cc0e4\" data-element_type=\"container\" data-e-type=\"container\">\n\t\t\t\t\t<div class=\"e-con-inner\">\n\t\t\t\t<div class=\"elementor-element elementor-element-0c2bc80 elementor-widget elementor-widget-text-editor\" data-id=\"0c2bc80\" data-element_type=\"widget\" data-e-type=\"widget\" data-widget_type=\"text-editor.default\">\n\t\t\t\t<div class=\"elementor-widget-container\">\n\t\t\t\t\t\t\t\t\t<p>Il n&rsquo;y a pas encore de preuves solides que la 6G soit nocive pour la sant\u00e9, mais des recherches suppl\u00e9mentaires sont n\u00e9cessaires pour garantir sa s\u00e9curit\u00e9.<\/p>\t\t\t\t\t\t\t\t<\/div>\n\t\t\t\t<\/div>\n\t\t\t\t\t<\/div>\n\t\t\t\t<\/div>\n\t\t\t\t<\/div>\n\t\t\t\t\t<\/details>\n\t\t\t\t\t\t<details id=\"e-n-accordion-item-2575\" class=\"e-n-accordion-item\" >\n\t\t\t\t<summary class=\"e-n-accordion-item-title\" data-accordion-index=\"6\" tabindex=\"-1\" aria-expanded=\"false\" aria-controls=\"e-n-accordion-item-2575\" >\n\t\t\t\t\t<span class='e-n-accordion-item-title-header'><div class=\"e-n-accordion-item-title-text\"> Quelle est la diff\u00e9rence entre la 6G et la 7G ? <\/div><\/span>\n\t\t\t\t\t\t\t<span class='e-n-accordion-item-title-icon'>\n\t\t\t<span class='e-opened' ><svg aria-hidden=\"true\" class=\"e-font-icon-svg e-fas-minus\" viewBox=\"0 0 448 512\" xmlns=\"http:\/\/www.w3.org\/2000\/svg\"><path d=\"M416 208H32c-17.67 0-32 14.33-32 32v32c0 17.67 14.33 32 32 32h384c17.67 0 32-14.33 32-32v-32c0-17.67-14.33-32-32-32z\"><\/path><\/svg><\/span>\n\t\t\t<span class='e-closed'><svg aria-hidden=\"true\" class=\"e-font-icon-svg e-fas-plus\" viewBox=\"0 0 448 512\" xmlns=\"http:\/\/www.w3.org\/2000\/svg\"><path d=\"M416 208H272V64c0-17.67-14.33-32-32-32h-32c-17.67 0-32 14.33-32 32v144H32c-17.67 0-32 14.33-32 32v32c0 17.67 14.33 32 32 32h144v144c0 17.67 14.33 32 32 32h32c17.67 0 32-14.33 32-32V304h144c17.67 0 32-14.33 32-32v-32c0-17.67-14.33-32-32-32z\"><\/path><\/svg><\/span>\n\t\t<\/span>\n\n\t\t\t\t\t\t<\/summary>\n\t\t\t\t<div role=\"region\" aria-labelledby=\"e-n-accordion-item-2575\" class=\"elementor-element elementor-element-7936221 e-con-full e-flex e-con e-child\" data-id=\"7936221\" data-element_type=\"container\" data-e-type=\"container\">\n\t\t<div role=\"region\" aria-labelledby=\"e-n-accordion-item-2575\" class=\"elementor-element elementor-element-f27dafa e-flex e-con-boxed e-con e-child\" data-id=\"f27dafa\" data-element_type=\"container\" data-e-type=\"container\">\n\t\t\t\t\t<div class=\"e-con-inner\">\n\t\t\t\t<div class=\"elementor-element elementor-element-339a337 elementor-widget elementor-widget-text-editor\" data-id=\"339a337\" data-element_type=\"widget\" data-e-type=\"widget\" data-widget_type=\"text-editor.default\">\n\t\t\t\t<div class=\"elementor-widget-container\">\n\t\t\t\t\t\t\t\t\t<p>La <strong>7G<\/strong> est encore en phase de recherche et de conception, tandis que la <strong>6G<\/strong> est la technologie en d\u00e9veloppement pour am\u00e9liorer la connectivit\u00e9 et les performances actuelles.<\/p>\t\t\t\t\t\t\t\t<\/div>\n\t\t\t\t<\/div>\n\t\t\t\t\t<\/div>\n\t\t\t\t<\/div>\n\t\t\t\t<\/div>\n\t\t\t\t\t<\/details>\n\t\t\t\t\t\t<details id=\"e-n-accordion-item-2576\" class=\"e-n-accordion-item\" >\n\t\t\t\t<summary class=\"e-n-accordion-item-title\" data-accordion-index=\"7\" tabindex=\"-1\" aria-expanded=\"false\" aria-controls=\"e-n-accordion-item-2576\" >\n\t\t\t\t\t<span class='e-n-accordion-item-title-header'><div class=\"e-n-accordion-item-title-text\"> Comment la 6G impactera-t-elle la vie quotidienne et les entreprises ? <\/div><\/span>\n\t\t\t\t\t\t\t<span class='e-n-accordion-item-title-icon'>\n\t\t\t<span class='e-opened' ><svg aria-hidden=\"true\" class=\"e-font-icon-svg e-fas-minus\" viewBox=\"0 0 448 512\" xmlns=\"http:\/\/www.w3.org\/2000\/svg\"><path d=\"M416 208H32c-17.67 0-32 14.33-32 32v32c0 17.67 14.33 32 32 32h384c17.67 0 32-14.33 32-32v-32c0-17.67-14.33-32-32-32z\"><\/path><\/svg><\/span>\n\t\t\t<span class='e-closed'><svg aria-hidden=\"true\" class=\"e-font-icon-svg e-fas-plus\" viewBox=\"0 0 448 512\" xmlns=\"http:\/\/www.w3.org\/2000\/svg\"><path d=\"M416 208H272V64c0-17.67-14.33-32-32-32h-32c-17.67 0-32 14.33-32 32v144H32c-17.67 0-32 14.33-32 32v32c0 17.67 14.33 32 32 32h144v144c0 17.67 14.33 32 32 32h32c17.67 0 32-14.33 32-32V304h144c17.67 0 32-14.33 32-32v-32c0-17.67-14.33-32-32-32z\"><\/path><\/svg><\/span>\n\t\t<\/span>\n\n\t\t\t\t\t\t<\/summary>\n\t\t\t\t<div role=\"region\" aria-labelledby=\"e-n-accordion-item-2576\" class=\"elementor-element elementor-element-4608dbc e-con-full e-flex e-con e-child\" data-id=\"4608dbc\" data-element_type=\"container\" data-e-type=\"container\">\n\t\t<div role=\"region\" aria-labelledby=\"e-n-accordion-item-2576\" class=\"elementor-element elementor-element-fc6c773 e-flex e-con-boxed e-con e-child\" data-id=\"fc6c773\" data-element_type=\"container\" data-e-type=\"container\">\n\t\t\t\t\t<div class=\"e-con-inner\">\n\t\t\t\t<div class=\"elementor-element elementor-element-aa8cc42 elementor-widget elementor-widget-text-editor\" data-id=\"aa8cc42\" data-element_type=\"widget\" data-e-type=\"widget\" data-widget_type=\"text-editor.default\">\n\t\t\t\t<div class=\"elementor-widget-container\">\n\t\t\t\t\t\t\t\t\t<p><strong>La 6G<\/strong> transformera les interactions num\u00e9riques, am\u00e9liorera les applications professionnelles et rendra les environnements urbains plus intelligents et interconnect\u00e9s.<\/p>\t\t\t\t\t\t\t\t<\/div>\n\t\t\t\t<\/div>\n\t\t\t\t\t<\/div>\n\t\t\t\t<\/div>\n\t\t\t\t<\/div>\n\t\t\t\t\t<\/details>\n\t\t\t\t\t<\/div>\n\t\t\t\t\t<script type=\"application\/ld+json\">{\"@context\":\"https:\\\/\\\/schema.org\",\"@type\":\"FAQPage\",\"mainEntity\":[{\"@type\":\"Question\",\"name\":\"Quand peut-on s'attendre \\u00e0 ce que la 6G soit largement disponible ?\",\"acceptedAnswer\":{\"@type\":\"Answer\",\"text\":\"La 6G devrait commencer \\u00e0 \\u00eatre d\\u00e9ploy\\u00e9e autour de 2030, bien que des recherches et des tests soient d\\u00e9j\\u00e0 en cours.\"}},{\"@type\":\"Question\",\"name\":\"La 6G remplacera-t-elle la 5G ou coexisteront-elles ?\",\"acceptedAnswer\":{\"@type\":\"Answer\",\"text\":\"La 6G ne remplacera pas imm\\u00e9diatement la 5G ; les deux technologies coexisteront pendant un certain temps avant que la 6G ne devienne pr\\u00e9dominante.\"}},{\"@type\":\"Question\",\"name\":\"Quelles nouvelles technologies la 6G permettra-t-elle ?\",\"acceptedAnswer\":{\"@type\":\"Answer\",\"text\":\"La 6G permettra des avanc\\u00e9es majeures en r\\u00e9alit\\u00e9 augment\\u00e9e, intelligence artificielle et connectivit\\u00e9 massive des objets, avec des applications encore inimaginables aujourd&rsquo;hui.\"}},{\"@type\":\"Question\",\"name\":\"La 6G fonctionnera-t-elle sur les smartphones actuels ou faudra-t-il de nouveaux appareils ?\",\"acceptedAnswer\":{\"@type\":\"Answer\",\"text\":\"Les smartphones actuels ne seront pas compatibles avec la 6G ; il faudra de nouveaux appareils pour b\\u00e9n\\u00e9ficier de cette technologie.\"}},{\"@type\":\"Question\",\"name\":\"La technologie 6G est-elle s\\u00fbre pour la sant\\u00e9 humaine ?\",\"acceptedAnswer\":{\"@type\":\"Answer\",\"text\":\"Il n&rsquo;y a pas encore de preuves solides que la 6G soit nocive pour la sant\\u00e9, mais des recherches suppl\\u00e9mentaires sont n\\u00e9cessaires pour garantir sa s\\u00e9curit\\u00e9.\"}},{\"@type\":\"Question\",\"name\":\"Quelle est la diff\\u00e9rence entre la 6G et la 7G ?\",\"acceptedAnswer\":{\"@type\":\"Answer\",\"text\":\"La 7G est encore en phase de recherche et de conception, tandis que la 6G est la technologie en d\\u00e9veloppement pour am\\u00e9liorer la connectivit\\u00e9 et les performances actuelles.\"}},{\"@type\":\"Question\",\"name\":\"Comment la 6G impactera-t-elle la vie quotidienne et les entreprises ?\",\"acceptedAnswer\":{\"@type\":\"Answer\",\"text\":\"La 6G transformera les interactions num\\u00e9riques, am\\u00e9liorera les applications professionnelles et rendra les environnements urbains plus intelligents et interconnect\\u00e9s.\"}}]}<\/script>\n\t\t\t\t\t\t\t<\/div>\n\t\t\t\t<\/div>\n\t\t\t\t\t<\/div>\n\t\t\t\t<\/div>\n\t\t\t\t<\/div>\n\t\t","protected":false},"excerpt":{"rendered":"<p>La 5G a d\u00e9barqu\u00e9 en novembre 2020, avec la promesse de vitesses fulgurantes et une latence quasi inexistante. Depuis, elle s&rsquo;est progressivement int\u00e9gr\u00e9e dans notre quotidien en changeant la donne. La 6G pointe d\u00e9sormais \u00e0 l\u2019horizon, et la question se pose : en avons-nous vraiment besoin ? Ce saut technologique est-il vraiment justifi\u00e9, ou sommes-nous [&hellip;]<\/p>\n","protected":false},"author":3,"featured_media":17780,"comment_status":"closed","ping_status":"closed","sticky":false,"template":"","format":"standard","meta":{"_acf_changed":false,"footnotes":""},"categories":[487],"tags":[],"class_list":["post-17694","post","type-post","status-publish","format-standard","has-post-thumbnail","hentry","category-mobile"],"acf":[],"yoast_head":"<!-- This site is optimized with the Yoast SEO plugin v28.3 - https:\/\/yoast.com\/product\/yoast-seo-wordpress\/ -->\n<title>La 6G : En avons-nous vraiment besoin ? | PlanHub Blog<\/title>\n<meta name=\"description\" content=\"D\u00e9couvrez la 6G, sa vitesse, son d\u00e9veloppement mondial et comment elle se compare \u00e0 la 5G. Est-elle r\u00e9ellement n\u00e9cessaire ?\" \/>\n<meta name=\"robots\" content=\"index, follow, max-snippet:-1, max-image-preview:large, max-video-preview:-1\" \/>\n<link rel=\"canonical\" href=\"https:\/\/www.planhub.ca\/blog\/fr\/la-6g-en-avons-nous-vraiment-besoin\/\" \/>\n<meta property=\"og:locale\" content=\"fr_CA\" \/>\n<meta property=\"og:type\" content=\"article\" \/>\n<meta property=\"og:title\" content=\"La 6G : En avons-nous vraiment besoin ? | PlanHub Blog\" \/>\n<meta property=\"og:description\" content=\"D\u00e9couvrez la 6G, sa vitesse, son d\u00e9veloppement mondial et comment elle se compare \u00e0 la 5G. Est-elle r\u00e9ellement n\u00e9cessaire ?\" \/>\n<meta property=\"og:url\" content=\"https:\/\/www.planhub.ca\/blog\/fr\/la-6g-en-avons-nous-vraiment-besoin\/\" \/>\n<meta property=\"og:site_name\" content=\"Le Blogue - Promotions, Guides, Nouvelles et plus!\" \/>\n<meta property=\"article:publisher\" content=\"https:\/\/www.facebook.com\/planhub.ca\" \/>\n<meta property=\"article:author\" content=\"https:\/\/www.facebook.com\/moins52\/\" \/>\n<meta property=\"article:published_time\" content=\"2024-09-05T14:05:38+00:00\" \/>\n<meta property=\"article:modified_time\" content=\"2025-09-17T14:57:54+00:00\" \/>\n<meta property=\"og:image\" content=\"https:\/\/www.planhub.ca\/blog\/wp-content\/uploads\/2024\/09\/La-6G-En-avons-nous-vraiment-besoin.png\" \/>\n\t<meta property=\"og:image:width\" content=\"1200\" \/>\n\t<meta property=\"og:image:height\" content=\"675\" \/>\n\t<meta property=\"og:image:type\" content=\"image\/png\" \/>\n<meta name=\"author\" content=\"Guillaume Marcade\" \/>\n<meta name=\"twitter:card\" content=\"summary_large_image\" \/>\n<meta name=\"twitter:creator\" content=\"@https:\/\/x.com\/moins52\" \/>\n<meta name=\"twitter:site\" content=\"@PlanHub_ca\" \/>\n<meta name=\"twitter:label1\" content=\"\u00c9crit par\" \/>\n\t<meta name=\"twitter:data1\" content=\"Guillaume Marcade\" \/>\n\t<meta name=\"twitter:label2\" content=\"Estimation du temps de lecture\" \/>\n\t<meta name=\"twitter:data2\" content=\"8 minutes\" \/>\n<script type=\"application\/ld+json\" class=\"yoast-schema-graph\">{\"@context\":\"https:\\\/\\\/schema.org\",\"@graph\":[{\"@type\":\"Article\",\"@id\":\"https:\\\/\\\/www.planhub.ca\\\/blog\\\/fr\\\/la-6g-en-avons-nous-vraiment-besoin\\\/#article\",\"isPartOf\":{\"@id\":\"https:\\\/\\\/www.planhub.ca\\\/blog\\\/fr\\\/la-6g-en-avons-nous-vraiment-besoin\\\/\"},\"author\":{\"name\":\"Guillaume Marcade\",\"@id\":\"https:\\\/\\\/www.planhub.ca\\\/blog\\\/fr\\\/#\\\/schema\\\/person\\\/a4935fb735bc7e949ad0b7231b174bd8\"},\"headline\":\"La 6G : En avons-nous vraiment besoin ?\",\"datePublished\":\"2024-09-05T14:05:38+00:00\",\"dateModified\":\"2025-09-17T14:57:54+00:00\",\"mainEntityOfPage\":{\"@id\":\"https:\\\/\\\/www.planhub.ca\\\/blog\\\/fr\\\/la-6g-en-avons-nous-vraiment-besoin\\\/\"},\"wordCount\":1525,\"publisher\":{\"@id\":\"https:\\\/\\\/www.planhub.ca\\\/blog\\\/fr\\\/#organization\"},\"image\":{\"@id\":\"https:\\\/\\\/www.planhub.ca\\\/blog\\\/fr\\\/la-6g-en-avons-nous-vraiment-besoin\\\/#primaryimage\"},\"thumbnailUrl\":\"https:\\\/\\\/www.planhub.ca\\\/blog\\\/wp-content\\\/uploads\\\/2024\\\/09\\\/La-6G-En-avons-nous-vraiment-besoin.png\",\"articleSection\":[\"Mobile\"],\"inLanguage\":\"fr-CA\"},{\"@type\":\"WebPage\",\"@id\":\"https:\\\/\\\/www.planhub.ca\\\/blog\\\/fr\\\/la-6g-en-avons-nous-vraiment-besoin\\\/\",\"url\":\"https:\\\/\\\/www.planhub.ca\\\/blog\\\/fr\\\/la-6g-en-avons-nous-vraiment-besoin\\\/\",\"name\":\"La 6G : En avons-nous vraiment besoin ? | PlanHub Blog\",\"isPartOf\":{\"@id\":\"https:\\\/\\\/www.planhub.ca\\\/blog\\\/fr\\\/#website\"},\"primaryImageOfPage\":{\"@id\":\"https:\\\/\\\/www.planhub.ca\\\/blog\\\/fr\\\/la-6g-en-avons-nous-vraiment-besoin\\\/#primaryimage\"},\"image\":{\"@id\":\"https:\\\/\\\/www.planhub.ca\\\/blog\\\/fr\\\/la-6g-en-avons-nous-vraiment-besoin\\\/#primaryimage\"},\"thumbnailUrl\":\"https:\\\/\\\/www.planhub.ca\\\/blog\\\/wp-content\\\/uploads\\\/2024\\\/09\\\/La-6G-En-avons-nous-vraiment-besoin.png\",\"datePublished\":\"2024-09-05T14:05:38+00:00\",\"dateModified\":\"2025-09-17T14:57:54+00:00\",\"description\":\"D\u00e9couvrez la 6G, sa vitesse, son d\u00e9veloppement mondial et comment elle se compare \u00e0 la 5G. Est-elle r\u00e9ellement n\u00e9cessaire ?\",\"breadcrumb\":{\"@id\":\"https:\\\/\\\/www.planhub.ca\\\/blog\\\/fr\\\/la-6g-en-avons-nous-vraiment-besoin\\\/#breadcrumb\"},\"inLanguage\":\"fr-CA\",\"potentialAction\":[{\"@type\":\"ReadAction\",\"target\":[\"https:\\\/\\\/www.planhub.ca\\\/blog\\\/fr\\\/la-6g-en-avons-nous-vraiment-besoin\\\/\"]}]},{\"@type\":\"ImageObject\",\"inLanguage\":\"fr-CA\",\"@id\":\"https:\\\/\\\/www.planhub.ca\\\/blog\\\/fr\\\/la-6g-en-avons-nous-vraiment-besoin\\\/#primaryimage\",\"url\":\"https:\\\/\\\/www.planhub.ca\\\/blog\\\/wp-content\\\/uploads\\\/2024\\\/09\\\/La-6G-En-avons-nous-vraiment-besoin.png\",\"contentUrl\":\"https:\\\/\\\/www.planhub.ca\\\/blog\\\/wp-content\\\/uploads\\\/2024\\\/09\\\/La-6G-En-avons-nous-vraiment-besoin.png\",\"width\":1200,\"height\":675,\"caption\":\"6G\"},{\"@type\":\"BreadcrumbList\",\"@id\":\"https:\\\/\\\/www.planhub.ca\\\/blog\\\/fr\\\/la-6g-en-avons-nous-vraiment-besoin\\\/#breadcrumb\",\"itemListElement\":[{\"@type\":\"ListItem\",\"position\":1,\"name\":\"Home\",\"item\":\"https:\\\/\\\/www.planhub.ca\\\/blog\\\/fr\\\/\"},{\"@type\":\"ListItem\",\"position\":2,\"name\":\"Mobile\",\"item\":\"https:\\\/\\\/www.planhub.ca\\\/blog\\\/fr\\\/category\\\/mobile-fr\\\/\"},{\"@type\":\"ListItem\",\"position\":3,\"name\":\"La 6G : En avons-nous vraiment besoin ?\"}]},{\"@type\":\"WebSite\",\"@id\":\"https:\\\/\\\/www.planhub.ca\\\/blog\\\/fr\\\/#website\",\"url\":\"https:\\\/\\\/www.planhub.ca\\\/blog\\\/fr\\\/\",\"name\":\"PlanHub.ca The Blog - Promotions, Guides, News and more!\",\"description\":\"PlanHub\",\"publisher\":{\"@id\":\"https:\\\/\\\/www.planhub.ca\\\/blog\\\/fr\\\/#organization\"},\"alternateName\":\"PlanHub.ca The Blog\",\"potentialAction\":[{\"@type\":\"SearchAction\",\"target\":{\"@type\":\"EntryPoint\",\"urlTemplate\":\"https:\\\/\\\/www.planhub.ca\\\/blog\\\/fr\\\/?s={search_term_string}\"},\"query-input\":{\"@type\":\"PropertyValueSpecification\",\"valueRequired\":true,\"valueName\":\"search_term_string\"}}],\"inLanguage\":\"fr-CA\"},{\"@type\":\"Organization\",\"@id\":\"https:\\\/\\\/www.planhub.ca\\\/blog\\\/fr\\\/#organization\",\"name\":\"PlanHub.ca\",\"alternateName\":\"PlanHub.ca\",\"url\":\"https:\\\/\\\/www.planhub.ca\\\/blog\\\/fr\\\/\",\"logo\":{\"@type\":\"ImageObject\",\"inLanguage\":\"fr-CA\",\"@id\":\"https:\\\/\\\/www.planhub.ca\\\/blog\\\/fr\\\/#\\\/schema\\\/logo\\\/image\\\/\",\"url\":\"https:\\\/\\\/www.planhub.ca\\\/blog\\\/wp-content\\\/uploads\\\/2024\\\/04\\\/logo_planhub_horizontal_vert-2-2.png\",\"contentUrl\":\"https:\\\/\\\/www.planhub.ca\\\/blog\\\/wp-content\\\/uploads\\\/2024\\\/04\\\/logo_planhub_horizontal_vert-2-2.png\",\"width\":900,\"height\":360,\"caption\":\"PlanHub.ca\"},\"image\":{\"@id\":\"https:\\\/\\\/www.planhub.ca\\\/blog\\\/fr\\\/#\\\/schema\\\/logo\\\/image\\\/\"},\"sameAs\":[\"https:\\\/\\\/www.facebook.com\\\/planhub.ca\",\"https:\\\/\\\/x.com\\\/PlanHub_ca\",\"https:\\\/\\\/ca.linkedin.com\\\/company\\\/planhub-ca\"]},{\"@type\":\"Person\",\"@id\":\"https:\\\/\\\/www.planhub.ca\\\/blog\\\/fr\\\/#\\\/schema\\\/person\\\/a4935fb735bc7e949ad0b7231b174bd8\",\"name\":\"Guillaume Marcade\",\"image\":{\"@type\":\"ImageObject\",\"inLanguage\":\"fr-CA\",\"@id\":\"https:\\\/\\\/secure.gravatar.com\\\/avatar\\\/7c21956aa1789c7c1c907a69d3f1791034ce214bc8406fa62a3b3dc7bc9b4d76?s=96&d=blank&r=g\",\"url\":\"https:\\\/\\\/secure.gravatar.com\\\/avatar\\\/7c21956aa1789c7c1c907a69d3f1791034ce214bc8406fa62a3b3dc7bc9b4d76?s=96&d=blank&r=g\",\"contentUrl\":\"https:\\\/\\\/secure.gravatar.com\\\/avatar\\\/7c21956aa1789c7c1c907a69d3f1791034ce214bc8406fa62a3b3dc7bc9b4d76?s=96&d=blank&r=g\",\"caption\":\"Guillaume Marcade\"},\"description\":\"Franco-Canadian based in Montreal for more than 10 years, Guillaume is the CTO of Planhub. It is the basis of the entire technical infrastructure of our comparator. A serious protagonist on all topics related to mobile and internet technologies, you will enjoy reading his articles focused on mobile data, connection speed and much more.\",\"sameAs\":[\"https:\\\/\\\/www.facebook.com\\\/moins52\\\/\",\"https:\\\/\\\/www.linkedin.com\\\/in\\\/guillaumemarcade\\\/\",\"https:\\\/\\\/x.com\\\/https:\\\/\\\/x.com\\\/moins52\"],\"url\":\"https:\\\/\\\/www.planhub.ca\\\/blog\\\/fr\\\/author\\\/guillaume\\\/\"}]}<\/script>\n<!-- \/ Yoast SEO plugin. -->","yoast_head_json":{"title":"La 6G : En avons-nous vraiment besoin ? | PlanHub Blog","description":"D\u00e9couvrez la 6G, sa vitesse, son d\u00e9veloppement mondial et comment elle se compare \u00e0 la 5G. Est-elle r\u00e9ellement n\u00e9cessaire ?","robots":{"index":"index","follow":"follow","max-snippet":"max-snippet:-1","max-image-preview":"max-image-preview:large","max-video-preview":"max-video-preview:-1"},"canonical":"https:\/\/www.planhub.ca\/blog\/fr\/la-6g-en-avons-nous-vraiment-besoin\/","og_locale":"fr_CA","og_type":"article","og_title":"La 6G : En avons-nous vraiment besoin ? | PlanHub Blog","og_description":"D\u00e9couvrez la 6G, sa vitesse, son d\u00e9veloppement mondial et comment elle se compare \u00e0 la 5G. Est-elle r\u00e9ellement n\u00e9cessaire ?","og_url":"https:\/\/www.planhub.ca\/blog\/fr\/la-6g-en-avons-nous-vraiment-besoin\/","og_site_name":"Le Blogue - Promotions, Guides, Nouvelles et plus!","article_publisher":"https:\/\/www.facebook.com\/planhub.ca","article_author":"https:\/\/www.facebook.com\/moins52\/","article_published_time":"2024-09-05T14:05:38+00:00","article_modified_time":"2025-09-17T14:57:54+00:00","og_image":[{"width":1200,"height":675,"url":"https:\/\/www.planhub.ca\/blog\/wp-content\/uploads\/2024\/09\/La-6G-En-avons-nous-vraiment-besoin.png","type":"image\/png"}],"author":"Guillaume Marcade","twitter_card":"summary_large_image","twitter_creator":"@https:\/\/x.com\/moins52","twitter_site":"@PlanHub_ca","twitter_misc":{"\u00c9crit par":"Guillaume Marcade","Estimation du temps de lecture":"8 minutes"},"schema":{"@context":"https:\/\/schema.org","@graph":[{"@type":"Article","@id":"https:\/\/www.planhub.ca\/blog\/fr\/la-6g-en-avons-nous-vraiment-besoin\/#article","isPartOf":{"@id":"https:\/\/www.planhub.ca\/blog\/fr\/la-6g-en-avons-nous-vraiment-besoin\/"},"author":{"name":"Guillaume Marcade","@id":"https:\/\/www.planhub.ca\/blog\/fr\/#\/schema\/person\/a4935fb735bc7e949ad0b7231b174bd8"},"headline":"La 6G : En avons-nous vraiment besoin ?","datePublished":"2024-09-05T14:05:38+00:00","dateModified":"2025-09-17T14:57:54+00:00","mainEntityOfPage":{"@id":"https:\/\/www.planhub.ca\/blog\/fr\/la-6g-en-avons-nous-vraiment-besoin\/"},"wordCount":1525,"publisher":{"@id":"https:\/\/www.planhub.ca\/blog\/fr\/#organization"},"image":{"@id":"https:\/\/www.planhub.ca\/blog\/fr\/la-6g-en-avons-nous-vraiment-besoin\/#primaryimage"},"thumbnailUrl":"https:\/\/www.planhub.ca\/blog\/wp-content\/uploads\/2024\/09\/La-6G-En-avons-nous-vraiment-besoin.png","articleSection":["Mobile"],"inLanguage":"fr-CA"},{"@type":"WebPage","@id":"https:\/\/www.planhub.ca\/blog\/fr\/la-6g-en-avons-nous-vraiment-besoin\/","url":"https:\/\/www.planhub.ca\/blog\/fr\/la-6g-en-avons-nous-vraiment-besoin\/","name":"La 6G : En avons-nous vraiment besoin ? | PlanHub Blog","isPartOf":{"@id":"https:\/\/www.planhub.ca\/blog\/fr\/#website"},"primaryImageOfPage":{"@id":"https:\/\/www.planhub.ca\/blog\/fr\/la-6g-en-avons-nous-vraiment-besoin\/#primaryimage"},"image":{"@id":"https:\/\/www.planhub.ca\/blog\/fr\/la-6g-en-avons-nous-vraiment-besoin\/#primaryimage"},"thumbnailUrl":"https:\/\/www.planhub.ca\/blog\/wp-content\/uploads\/2024\/09\/La-6G-En-avons-nous-vraiment-besoin.png","datePublished":"2024-09-05T14:05:38+00:00","dateModified":"2025-09-17T14:57:54+00:00","description":"D\u00e9couvrez la 6G, sa vitesse, son d\u00e9veloppement mondial et comment elle se compare \u00e0 la 5G. Est-elle r\u00e9ellement n\u00e9cessaire ?","breadcrumb":{"@id":"https:\/\/www.planhub.ca\/blog\/fr\/la-6g-en-avons-nous-vraiment-besoin\/#breadcrumb"},"inLanguage":"fr-CA","potentialAction":[{"@type":"ReadAction","target":["https:\/\/www.planhub.ca\/blog\/fr\/la-6g-en-avons-nous-vraiment-besoin\/"]}]},{"@type":"ImageObject","inLanguage":"fr-CA","@id":"https:\/\/www.planhub.ca\/blog\/fr\/la-6g-en-avons-nous-vraiment-besoin\/#primaryimage","url":"https:\/\/www.planhub.ca\/blog\/wp-content\/uploads\/2024\/09\/La-6G-En-avons-nous-vraiment-besoin.png","contentUrl":"https:\/\/www.planhub.ca\/blog\/wp-content\/uploads\/2024\/09\/La-6G-En-avons-nous-vraiment-besoin.png","width":1200,"height":675,"caption":"6G"},{"@type":"BreadcrumbList","@id":"https:\/\/www.planhub.ca\/blog\/fr\/la-6g-en-avons-nous-vraiment-besoin\/#breadcrumb","itemListElement":[{"@type":"ListItem","position":1,"name":"Home","item":"https:\/\/www.planhub.ca\/blog\/fr\/"},{"@type":"ListItem","position":2,"name":"Mobile","item":"https:\/\/www.planhub.ca\/blog\/fr\/category\/mobile-fr\/"},{"@type":"ListItem","position":3,"name":"La 6G : En avons-nous vraiment besoin ?"}]},{"@type":"WebSite","@id":"https:\/\/www.planhub.ca\/blog\/fr\/#website","url":"https:\/\/www.planhub.ca\/blog\/fr\/","name":"PlanHub.ca The Blog - Promotions, Guides, News and more!","description":"PlanHub","publisher":{"@id":"https:\/\/www.planhub.ca\/blog\/fr\/#organization"},"alternateName":"PlanHub.ca The Blog","potentialAction":[{"@type":"SearchAction","target":{"@type":"EntryPoint","urlTemplate":"https:\/\/www.planhub.ca\/blog\/fr\/?s={search_term_string}"},"query-input":{"@type":"PropertyValueSpecification","valueRequired":true,"valueName":"search_term_string"}}],"inLanguage":"fr-CA"},{"@type":"Organization","@id":"https:\/\/www.planhub.ca\/blog\/fr\/#organization","name":"PlanHub.ca","alternateName":"PlanHub.ca","url":"https:\/\/www.planhub.ca\/blog\/fr\/","logo":{"@type":"ImageObject","inLanguage":"fr-CA","@id":"https:\/\/www.planhub.ca\/blog\/fr\/#\/schema\/logo\/image\/","url":"https:\/\/www.planhub.ca\/blog\/wp-content\/uploads\/2024\/04\/logo_planhub_horizontal_vert-2-2.png","contentUrl":"https:\/\/www.planhub.ca\/blog\/wp-content\/uploads\/2024\/04\/logo_planhub_horizontal_vert-2-2.png","width":900,"height":360,"caption":"PlanHub.ca"},"image":{"@id":"https:\/\/www.planhub.ca\/blog\/fr\/#\/schema\/logo\/image\/"},"sameAs":["https:\/\/www.facebook.com\/planhub.ca","https:\/\/x.com\/PlanHub_ca","https:\/\/ca.linkedin.com\/company\/planhub-ca"]},{"@type":"Person","@id":"https:\/\/www.planhub.ca\/blog\/fr\/#\/schema\/person\/a4935fb735bc7e949ad0b7231b174bd8","name":"Guillaume Marcade","image":{"@type":"ImageObject","inLanguage":"fr-CA","@id":"https:\/\/secure.gravatar.com\/avatar\/7c21956aa1789c7c1c907a69d3f1791034ce214bc8406fa62a3b3dc7bc9b4d76?s=96&d=blank&r=g","url":"https:\/\/secure.gravatar.com\/avatar\/7c21956aa1789c7c1c907a69d3f1791034ce214bc8406fa62a3b3dc7bc9b4d76?s=96&d=blank&r=g","contentUrl":"https:\/\/secure.gravatar.com\/avatar\/7c21956aa1789c7c1c907a69d3f1791034ce214bc8406fa62a3b3dc7bc9b4d76?s=96&d=blank&r=g","caption":"Guillaume Marcade"},"description":"Franco-Canadian based in Montreal for more than 10 years, Guillaume is the CTO of Planhub. It is the basis of the entire technical infrastructure of our comparator. A serious protagonist on all topics related to mobile and internet technologies, you will enjoy reading his articles focused on mobile data, connection speed and much more.","sameAs":["https:\/\/www.facebook.com\/moins52\/","https:\/\/www.linkedin.com\/in\/guillaumemarcade\/","https:\/\/x.com\/https:\/\/x.com\/moins52"],"url":"https:\/\/www.planhub.ca\/blog\/fr\/author\/guillaume\/"}]}},"_links":{"self":[{"href":"https:\/\/www.planhub.ca\/blog\/fr\/wp-json\/wp\/v2\/posts\/17694","targetHints":{"allow":["GET"]}}],"collection":[{"href":"https:\/\/www.planhub.ca\/blog\/fr\/wp-json\/wp\/v2\/posts"}],"about":[{"href":"https:\/\/www.planhub.ca\/blog\/fr\/wp-json\/wp\/v2\/types\/post"}],"author":[{"embeddable":true,"href":"https:\/\/www.planhub.ca\/blog\/fr\/wp-json\/wp\/v2\/users\/3"}],"replies":[{"embeddable":true,"href":"https:\/\/www.planhub.ca\/blog\/fr\/wp-json\/wp\/v2\/comments?post=17694"}],"version-history":[{"count":18,"href":"https:\/\/www.planhub.ca\/blog\/fr\/wp-json\/wp\/v2\/posts\/17694\/revisions"}],"predecessor-version":[{"id":24508,"href":"https:\/\/www.planhub.ca\/blog\/fr\/wp-json\/wp\/v2\/posts\/17694\/revisions\/24508"}],"wp:featuredmedia":[{"embeddable":true,"href":"https:\/\/www.planhub.ca\/blog\/fr\/wp-json\/wp\/v2\/media\/17780"}],"wp:attachment":[{"href":"https:\/\/www.planhub.ca\/blog\/fr\/wp-json\/wp\/v2\/media?parent=17694"}],"wp:term":[{"taxonomy":"category","embeddable":true,"href":"https:\/\/www.planhub.ca\/blog\/fr\/wp-json\/wp\/v2\/categories?post=17694"},{"taxonomy":"post_tag","embeddable":true,"href":"https:\/\/www.planhub.ca\/blog\/fr\/wp-json\/wp\/v2\/tags?post=17694"}],"curies":[{"name":"wp","href":"https:\/\/api.w.org\/{rel}","templated":true}]}}