{"id":20534,"date":"2025-04-08T10:05:02","date_gmt":"2025-04-08T15:05:02","guid":{"rendered":"https:\/\/www.planhub.ca\/blog\/?p=20534"},"modified":"2025-09-22T09:25:29","modified_gmt":"2025-09-22T14:25:29","slug":"ou-regarder-the-last-of-us-part-2-au-canada-et-au-quebec","status":"publish","type":"post","link":"https:\/\/www.planhub.ca\/blog\/fr\/ou-regarder-the-last-of-us-part-2-au-canada-et-au-quebec\/","title":{"rendered":"O\u00f9 regarder the Last of Us Part 2 au Canada et au Qu\u00e9bec ?"},"content":{"rendered":"\t\t<div data-elementor-type=\"wp-post\" data-elementor-id=\"20534\" class=\"elementor elementor-20534\" data-elementor-post-type=\"post\">\n\t\t\t\t<div class=\"elementor-element elementor-element-65db160 e-flex e-con-boxed e-con e-parent\" data-id=\"65db160\" data-element_type=\"container\" data-e-type=\"container\">\n\t\t\t\t\t<div class=\"e-con-inner\">\n\t\t\t\t<div class=\"elementor-element elementor-element-c40a226 elementor-widget elementor-widget-text-editor\" data-id=\"c40a226\" data-element_type=\"widget\" data-e-type=\"widget\" data-widget_type=\"text-editor.default\">\n\t\t\t\t<div class=\"elementor-widget-container\">\n\t\t\t\t\t\t\t\t\t<p>La tr\u00e8s attendue deuxi\u00e8me saison de <strong>The Last of Us<\/strong> a d\u00e9sormais une date de sortie officielle au Canada et au Qu\u00e9bec. L\u2019attente touche enfin \u00e0 sa fin ! <strong>HBO<\/strong> a confirm\u00e9 que les nouveaux \u00e9pisodes seront diffus\u00e9s d\u00e8s le <strong>13 avril 2025<\/strong>. Une sortie qui se fera en simultan\u00e9 avec les \u00c9tats-Unis, contrairement \u00e0 d\u2019autres pays qui devront patienter un peu plus longtemps. Pour faire monter l\u2019excitation, trois affiches ont \u00e9t\u00e9 r\u00e9v\u00e9l\u00e9es, mettant en vedette Ellie, Joel et Abby, et annon\u00e7ant les montagnes russes \u00e9motionnelles qui attendent les fans du c\u00e9l\u00e8bre jeu sign\u00e9 Naughty Dog.<\/p>\t\t\t\t\t\t\t\t<\/div>\n\t\t\t\t<\/div>\n\t\t\t\t\t<\/div>\n\t\t\t\t<\/div>\n\t\t<div class=\"elementor-element elementor-element-077b23b e-flex e-con-boxed e-con e-parent\" data-id=\"077b23b\" data-element_type=\"container\" data-e-type=\"container\">\n\t\t\t\t\t<div class=\"e-con-inner\">\n\t\t\t\t<div class=\"elementor-element elementor-element-1b255a7 elementor-widget elementor-widget-video\" data-id=\"1b255a7\" data-element_type=\"widget\" data-e-type=\"widget\" data-settings=\"{&quot;youtube_url&quot;:&quot;https:\\\/\\\/www.youtube.com\\\/watch?v=_zHPsmXCjB0&amp;pp=ygUXdGhlIGxhc3Qgb2YgdXMgdHJhaWxlciA%3D&quot;,&quot;video_type&quot;:&quot;youtube&quot;,&quot;controls&quot;:&quot;yes&quot;}\" data-widget_type=\"video.default\">\n\t\t\t\t<div class=\"elementor-widget-container\">\n\t\t\t\t\t\t\t<div class=\"elementor-wrapper elementor-open-inline\">\n\t\t\t<div class=\"elementor-video\"><\/div>\t\t<\/div>\n\t\t\t\t\t\t<\/div>\n\t\t\t\t<\/div>\n\t\t\t\t\t<\/div>\n\t\t\t\t<\/div>\n\t\t<div class=\"elementor-element elementor-element-209a800 e-flex e-con-boxed e-con e-parent\" data-id=\"209a800\" data-element_type=\"container\" data-e-type=\"container\">\n\t\t\t\t\t<div class=\"e-con-inner\">\n\t\t\t\t<div class=\"elementor-element elementor-element-94a446a elementor-widget elementor-widget-heading\" data-id=\"94a446a\" data-element_type=\"widget\" data-e-type=\"widget\" data-widget_type=\"heading.default\">\n\t\t\t\t<div class=\"elementor-widget-container\">\n\t\t\t\t\t<h2 class=\"elementor-heading-title elementor-size-default\">Un univers toujours plus d\u00e9vast\u00e9\n<\/h2>\t\t\t\t<\/div>\n\t\t\t\t<\/div>\n\t\t\t\t\t<\/div>\n\t\t\t\t<\/div>\n\t\t<div class=\"elementor-element elementor-element-bd22ca4 e-flex e-con-boxed e-con e-parent\" data-id=\"bd22ca4\" data-element_type=\"container\" data-e-type=\"container\">\n\t\t\t\t\t<div class=\"e-con-inner\">\n\t\t\t\t<div class=\"elementor-element elementor-element-6dd64ff elementor-widget elementor-widget-text-editor\" data-id=\"6dd64ff\" data-element_type=\"widget\" data-e-type=\"widget\" data-widget_type=\"text-editor.default\">\n\t\t\t\t<div class=\"elementor-widget-container\">\n\t\t\t\t\t\t\t\t\t<p>La <strong>seconde saison de The Last of Us<\/strong> nous plongera, de nouveau, dans l&rsquo;univers post-apocalyptique d\u00e9vast\u00e9 par le cordyceps. Un univers donc toujours aussi sombre. Cette saison suit la route de Joel et Ellie, cinq ans apr\u00e8s les \u00e9v\u00e9nements de la premi\u00e8re saison. Le monde est devenu encore plus dangereux, et un nouveau conflit \u00e9mergera entre les deux personnages principaux.<\/p>\n<p>Mais un autre \u00e9l\u00e9ment cl\u00e9 de l\u2019histoire s&rsquo;introduit : Abby, un personnage majeur du jeu The <strong>Last of Us Partie 2<\/strong>. Si son r\u00f4le demeure myst\u00e9rieux, il a \u00e9t\u00e9 confirm\u00e9 que l\u2019interpr\u00e9tation de Kaitlyn Dever (Abby) se d\u00e9marquera de celle du jeu, avec un personnage moins muscl\u00e9, permettant une performance plus naturelle.<\/p>\t\t\t\t\t\t\t\t<\/div>\n\t\t\t\t<\/div>\n\t\t\t\t\t<\/div>\n\t\t\t\t<\/div>\n\t\t<div class=\"elementor-element elementor-element-4b64a6d e-flex e-con-boxed e-con e-parent\" data-id=\"4b64a6d\" data-element_type=\"container\" data-e-type=\"container\">\n\t\t\t\t\t<div class=\"e-con-inner\">\n\t\t\t\t<div class=\"elementor-element elementor-element-ea816c3 elementor-widget elementor-widget-image\" data-id=\"ea816c3\" data-element_type=\"widget\" data-e-type=\"widget\" data-widget_type=\"image.default\">\n\t\t\t\t<div class=\"elementor-widget-container\">\n\t\t\t\t\t\t\t\t\t\t\t\t\t\t\t<img fetchpriority=\"high\" decoding=\"async\" width=\"800\" height=\"534\" src=\"https:\/\/www.planhub.ca\/blog\/wp-content\/uploads\/2025\/02\/The-Last-of-Us-part-2-1024x683.jpeg\" class=\"attachment-large size-large wp-image-20536\" alt=\"The Last of Us Part 2\" srcset=\"https:\/\/www.planhub.ca\/blog\/wp-content\/uploads\/2025\/02\/The-Last-of-Us-part-2-1024x683.jpeg 1024w, https:\/\/www.planhub.ca\/blog\/wp-content\/uploads\/2025\/02\/The-Last-of-Us-part-2-300x200.jpeg 300w, https:\/\/www.planhub.ca\/blog\/wp-content\/uploads\/2025\/02\/The-Last-of-Us-part-2-768x512.jpeg 768w, https:\/\/www.planhub.ca\/blog\/wp-content\/uploads\/2025\/02\/The-Last-of-Us-part-2.jpeg 1080w\" sizes=\"(max-width: 800px) 100vw, 800px\" \/>\t\t\t\t\t\t\t\t\t\t\t\t\t\t\t<\/div>\n\t\t\t\t<\/div>\n\t\t\t\t\t<\/div>\n\t\t\t\t<\/div>\n\t\t<div class=\"elementor-element elementor-element-2fc1b1a e-flex e-con-boxed e-con e-parent\" data-id=\"2fc1b1a\" data-element_type=\"container\" data-e-type=\"container\">\n\t\t\t\t\t<div class=\"e-con-inner\">\n\t\t\t\t<div class=\"elementor-element elementor-element-56ef1c3 elementor-widget elementor-widget-heading\" data-id=\"56ef1c3\" data-element_type=\"widget\" data-e-type=\"widget\" data-widget_type=\"heading.default\">\n\t\t\t\t<div class=\"elementor-widget-container\">\n\t\t\t\t\t<h2 class=\"elementor-heading-title elementor-size-default\">La s\u00e9rie se d\u00e9veloppe sur plusieurs saisons\n<\/h2>\t\t\t\t<\/div>\n\t\t\t\t<\/div>\n\t\t\t\t\t<\/div>\n\t\t\t\t<\/div>\n\t\t<div class=\"elementor-element elementor-element-a438881 e-flex e-con-boxed e-con e-parent\" data-id=\"a438881\" data-element_type=\"container\" data-e-type=\"container\">\n\t\t\t\t\t<div class=\"e-con-inner\">\n\t\t\t\t<div class=\"elementor-element elementor-element-bbeaa82 elementor-widget elementor-widget-text-editor\" data-id=\"bbeaa82\" data-element_type=\"widget\" data-e-type=\"widget\" data-widget_type=\"text-editor.default\">\n\t\t\t\t<div class=\"elementor-widget-container\">\n\t\t\t\t\t\t\t\t\t<p class=\"p1\">M\u00eame si la saison deux n&rsquo;englobe pas tout le r\u00e9cit du jeu <strong>The Last of Us Partie 2<\/strong>, <strong>HBO<\/strong> a indiqu\u00e9 qu&rsquo;elle \u00e9talerait l&rsquo;histoire sur plus d&rsquo;une saison.<\/p>\n<p class=\"p1\">Francesca Orsi, la patronne des films et s\u00e9ries \u00e0 suspense sur HBO, a indiqu\u00e9 que la s\u00e9rie pourrait se terminer apr\u00e8s la saison quatre, m\u00eame si cette feuille de route est toujours en cours de cr\u00e9ation.<\/p>\t\t\t\t\t\t\t\t<\/div>\n\t\t\t\t<\/div>\n\t\t\t\t\t<\/div>\n\t\t\t\t<\/div>\n\t\t<div class=\"elementor-element elementor-element-46ee15f e-flex e-con-boxed e-con e-parent\" data-id=\"46ee15f\" data-element_type=\"container\" data-e-type=\"container\">\n\t\t\t\t\t<div class=\"e-con-inner\">\n\t\t\t\t<div class=\"elementor-element elementor-element-eb5f365 elementor-widget elementor-widget-heading\" data-id=\"eb5f365\" data-element_type=\"widget\" data-e-type=\"widget\" data-widget_type=\"heading.default\">\n\t\t\t\t<div class=\"elementor-widget-container\">\n\t\t\t\t\t<h2 class=\"elementor-heading-title elementor-size-default\">Le retour de Joel et Ellie\n<\/h2>\t\t\t\t<\/div>\n\t\t\t\t<\/div>\n\t\t\t\t\t<\/div>\n\t\t\t\t<\/div>\n\t\t<div class=\"elementor-element elementor-element-8dbcbbc e-flex e-con-boxed e-con e-parent\" data-id=\"8dbcbbc\" data-element_type=\"container\" data-e-type=\"container\">\n\t\t\t\t\t<div class=\"e-con-inner\">\n\t\t\t\t<div class=\"elementor-element elementor-element-d812e3d elementor-widget elementor-widget-text-editor\" data-id=\"d812e3d\" data-element_type=\"widget\" data-e-type=\"widget\" data-widget_type=\"text-editor.default\">\n\t\t\t\t<div class=\"elementor-widget-container\">\n\t\t\t\t\t\t\t\t\t<p class=\"p1\">Les fans seront enchant\u00e9s de retrouver <strong>Pedro Pascal<\/strong> dans le r\u00f4le embl\u00e9matique de <strong>Joel<\/strong>, tandis que <strong>Bella Ramsey<\/strong> incarnera avec brio <strong>Ellie<\/strong>. Ce duo charismatique sera pr\u00e9sent tout au long de cette nouvelle aventure, pour notre plus grand bonheur. Ils seront rejoints par <strong>Gabriel Luna<\/strong>, qui interpr\u00e9tera <strong>Tommy<\/strong>, et par <strong>Rutina Wesley<\/strong>, qui reprendra le personnage de <strong>Maria<\/strong>.<\/p>\n<p class=\"p1\">Cette saison semble particuli\u00e8rement prometteuse, s&rsquo;engageant \u00e0 explorer des dilemmes moraux nuanc\u00e9s, qui ont solidement contribu\u00e9 \u00e0 la renomm\u00e9e du jeu vid\u00e9o originel. Les personnages seront d\u00e9velopp\u00e9s de mani\u00e8re plus approfondie, tout comme l\u2019intrigue, qui ne manquera pas de susciter l&rsquo;\u00e9motion et l\u2019int\u00e9r\u00eat du public.<\/p>\t\t\t\t\t\t\t\t<\/div>\n\t\t\t\t<\/div>\n\t\t\t\t\t<\/div>\n\t\t\t\t<\/div>\n\t\t<div class=\"elementor-element elementor-element-1f5674f e-flex e-con-boxed e-con e-parent\" data-id=\"1f5674f\" data-element_type=\"container\" data-e-type=\"container\">\n\t\t\t\t\t<div class=\"e-con-inner\">\n\t\t\t\t<div class=\"elementor-element elementor-element-6c88e49 elementor-widget elementor-widget-heading\" data-id=\"6c88e49\" data-element_type=\"widget\" data-e-type=\"widget\" data-widget_type=\"heading.default\">\n\t\t\t\t<div class=\"elementor-widget-container\">\n\t\t\t\t\t<h2 class=\"elementor-heading-title elementor-size-default\">O\u00f9 regarder the Last of Us Part 2 au Canada et au Qu\u00e9bec\n<\/h2>\t\t\t\t<\/div>\n\t\t\t\t<\/div>\n\t\t\t\t\t<\/div>\n\t\t\t\t<\/div>\n\t\t<div class=\"elementor-element elementor-element-4255ce5 e-flex e-con-boxed e-con e-parent\" data-id=\"4255ce5\" data-element_type=\"container\" data-e-type=\"container\">\n\t\t\t\t\t<div class=\"e-con-inner\">\n\t\t\t\t<div class=\"elementor-element elementor-element-53e7bde elementor-widget elementor-widget-text-editor\" data-id=\"53e7bde\" data-element_type=\"widget\" data-e-type=\"widget\" data-widget_type=\"text-editor.default\">\n\t\t\t\t<div class=\"elementor-widget-container\">\n\t\t\t\t\t\t\t\t\t<p class=\"p1\">Si vous \u00eates au Canada ou au Qu\u00e9bec et que vous cherchez o\u00f9 regarder <strong>The Last of Us Part II<\/strong>, vous pourrez suivre les nouveaux \u00e9pisodes sur <strong>Crave<\/strong>. Pour rappel, la plateforme est purement canadienne.<\/p>\t\t\t\t\t\t\t\t<\/div>\n\t\t\t\t<\/div>\n\t\t\t\t\t<\/div>\n\t\t\t\t<\/div>\n\t\t<div class=\"elementor-element elementor-element-2b0a9f3 e-flex e-con-boxed e-con e-parent\" data-id=\"2b0a9f3\" data-element_type=\"container\" data-e-type=\"container\">\n\t\t\t\t\t<div class=\"e-con-inner\">\n\t\t\t\t<div class=\"elementor-element elementor-element-9ffef3a elementor-widget elementor-widget-image\" data-id=\"9ffef3a\" data-element_type=\"widget\" data-e-type=\"widget\" data-widget_type=\"image.default\">\n\t\t\t\t<div class=\"elementor-widget-container\">\n\t\t\t\t\t\t\t\t\t\t\t\t\t\t\t<img decoding=\"async\" width=\"680\" height=\"438\" src=\"https:\/\/www.planhub.ca\/blog\/wp-content\/uploads\/2025\/02\/GhWote4XkAAUWA6.jpeg\" class=\"attachment-large size-large wp-image-20538\" alt=\"The Last of Us Part 2\" srcset=\"https:\/\/www.planhub.ca\/blog\/wp-content\/uploads\/2025\/02\/GhWote4XkAAUWA6.jpeg 680w, https:\/\/www.planhub.ca\/blog\/wp-content\/uploads\/2025\/02\/GhWote4XkAAUWA6-300x193.jpeg 300w\" sizes=\"(max-width: 680px) 100vw, 680px\" \/>\t\t\t\t\t\t\t\t\t\t\t\t\t\t\t<\/div>\n\t\t\t\t<\/div>\n\t\t\t\t\t<\/div>\n\t\t\t\t<\/div>\n\t\t<div class=\"elementor-element elementor-element-f0cea6e e-flex e-con-boxed e-con e-parent\" data-id=\"f0cea6e\" data-element_type=\"container\" data-e-type=\"container\">\n\t\t\t\t\t<div class=\"e-con-inner\">\n\t\t\t\t<div class=\"elementor-element elementor-element-0a22447 elementor-widget elementor-widget-text-editor\" data-id=\"0a22447\" data-element_type=\"widget\" data-e-type=\"widget\" data-widget_type=\"text-editor.default\">\n\t\t\t\t<div class=\"elementor-widget-container\">\n\t\t\t\t\t\t\t\t\t<p>La <strong>saison 2<\/strong> sera lanc\u00e9e le <strong>13 avril 2025<\/strong>, en m\u00eame temps qu&rsquo;aux \u00c9tats-Unis. Une bonne nouvelle contrairement \u00e0 d&rsquo;autres pays qui devront s&rsquo;armer de patience. Rendez-vous sur <strong>Crave<\/strong> pour d\u00e9couvrir la suite de cette aventure \u00e9pique d\u00e8s sa sortie.<\/p>\t\t\t\t\t\t\t\t<\/div>\n\t\t\t\t<\/div>\n\t\t\t\t\t<\/div>\n\t\t\t\t<\/div>\n\t\t<div class=\"elementor-element elementor-element-106fd9b e-flex e-con-boxed e-con e-parent\" data-id=\"106fd9b\" data-element_type=\"container\" data-e-type=\"container\">\n\t\t\t\t\t<div class=\"e-con-inner\">\n\t\t\t\t<div class=\"elementor-element elementor-element-05271b9 elementor-widget elementor-widget-heading\" data-id=\"05271b9\" data-element_type=\"widget\" data-e-type=\"widget\" data-widget_type=\"heading.default\">\n\t\t\t\t<div class=\"elementor-widget-container\">\n\t\t\t\t\t<h2 class=\"elementor-heading-title elementor-size-default\">Comment regarder The Last of Us Part \u00e0 un moindre prix ?\n<\/h2>\t\t\t\t<\/div>\n\t\t\t\t<\/div>\n\t\t\t\t\t<\/div>\n\t\t\t\t<\/div>\n\t\t<div class=\"elementor-element elementor-element-14b2e60 e-flex e-con-boxed e-con e-parent\" data-id=\"14b2e60\" data-element_type=\"container\" data-e-type=\"container\">\n\t\t\t\t\t<div class=\"e-con-inner\">\n\t\t\t\t<div class=\"elementor-element elementor-element-c85b611 elementor-widget elementor-widget-text-editor\" data-id=\"c85b611\" data-element_type=\"widget\" data-e-type=\"widget\" data-widget_type=\"text-editor.default\">\n\t\t\t\t<div class=\"elementor-widget-container\">\n\t\t\t\t\t\t\t\t\t<p class=\"p1\">Vous trouvez que <strong>Crave<\/strong> est trop cher pour regarder The <strong>Last of Us Part II?<\/strong> Sachez qu\u2019il existe une alternative pour \u00e9conomiser. Comment? Utilisez la plateforme de streaming <strong>Max<\/strong> via un abonnement en passant par un <strong>VPN<\/strong>. En vous connectant \u00e0 un serveur dans l\u2019un des pays o\u00f9 les tarifs sont plus avantageux, comme Andorre, la Roumanie, la Serbie, la Slovaquie ou la Slov\u00e9nie, vous pouvez profiter de Max \u00e0 un prix bien plus bas.<\/p>\n<p class=\"p1\">En quelques \u00e9tapes simples, vous pouvez changer votre localisation virtuelle pour un de ces pays, souscrire \u00e0 l&rsquo;abonnement <strong>Max<\/strong>, et ainsi acc\u00e9der \u00e0 tout le contenu, y compris <strong>The Last of Us Part II,<\/strong> \u00e0 un tarif bien plus abordable que celui propos\u00e9 par <strong>Crave<\/strong> au Canada.<\/p>\n<p class=\"p1\">Plusieurs VPN existent actuellement, cependant certains sont moins fiables que d\u2019autres surtout sur le plan s\u00e9curitaire. Nous pouvons vous recommander <strong>NordVPN<\/strong>, qui reste une valeur s\u00fbre sur le march\u00e9. Il dispose de serveurs dans pr\u00e8s de 111 pays et reste tr\u00e8s fiable au niveau s\u00e9curit\u00e9. Vous pouvez d\u2019ailleurs <strong>profiter d\u2019un rabais sur votre abonnement sur NordVPN en passant par PlanHub.<\/strong><\/p>\t\t\t\t\t\t\t\t<\/div>\n\t\t\t\t<\/div>\n\t\t\t\t\t<\/div>\n\t\t\t\t<\/div>\n\t\t<div class=\"elementor-element elementor-element-a2c632e e-flex e-con-boxed e-con e-parent\" data-id=\"a2c632e\" data-element_type=\"container\" data-e-type=\"container\" data-settings=\"{&quot;background_background&quot;:&quot;classic&quot;}\">\n\t\t\t\t\t<div class=\"e-con-inner\">\n\t\t<div class=\"elementor-element elementor-element-284a772 e-con-full e-flex e-con e-child\" data-id=\"284a772\" data-element_type=\"container\" data-e-type=\"container\">\n\t\t\t\t<div class=\"elementor-element elementor-element-27a3bab elementor-widget elementor-widget-image\" data-id=\"27a3bab\" data-element_type=\"widget\" data-e-type=\"widget\" data-widget_type=\"image.default\">\n\t\t\t\t<div class=\"elementor-widget-container\">\n\t\t\t\t\t\t\t\t\t\t\t\t\t\t\t<img decoding=\"async\" width=\"800\" height=\"800\" src=\"https:\/\/www.planhub.ca\/blog\/wp-content\/uploads\/2024\/08\/NordVPN-1-1024x1024.webp\" class=\"attachment-large size-large wp-image-17642\" alt=\"\" srcset=\"https:\/\/www.planhub.ca\/blog\/wp-content\/uploads\/2024\/08\/NordVPN-1-1024x1024.webp 1024w, https:\/\/www.planhub.ca\/blog\/wp-content\/uploads\/2024\/08\/NordVPN-1-300x300.webp 300w, https:\/\/www.planhub.ca\/blog\/wp-content\/uploads\/2024\/08\/NordVPN-1-150x150.webp 150w, https:\/\/www.planhub.ca\/blog\/wp-content\/uploads\/2024\/08\/NordVPN-1-768x768.webp 768w, https:\/\/www.planhub.ca\/blog\/wp-content\/uploads\/2024\/08\/NordVPN-1-1536x1536.webp 1536w, https:\/\/www.planhub.ca\/blog\/wp-content\/uploads\/2024\/08\/NordVPN-1.webp 2000w\" sizes=\"(max-width: 800px) 100vw, 800px\" \/>\t\t\t\t\t\t\t\t\t\t\t\t\t\t\t<\/div>\n\t\t\t\t<\/div>\n\t\t\t\t<\/div>\n\t\t<div class=\"elementor-element elementor-element-902d0e3 e-con-full e-flex e-con e-child\" data-id=\"902d0e3\" data-element_type=\"container\" data-e-type=\"container\">\n\t\t\t\t<div class=\"elementor-element elementor-element-c805f29 elementor-widget elementor-widget-button\" data-id=\"c805f29\" data-element_type=\"widget\" data-e-type=\"widget\" data-widget_type=\"button.default\">\n\t\t\t\t<div class=\"elementor-widget-container\">\n\t\t\t\t\t\t\t\t\t<div class=\"elementor-button-wrapper\">\n\t\t\t\t\t<a class=\"elementor-button elementor-button-link elementor-size-sm\" href=\"https:\/\/nordvpn.com\/fr\/special\/?utm_medium=affiliate&#038;utm_term=&#038;utm_content=&#038;utm_campaign=off15&#038;utm_source=aff99914\">\n\t\t\t\t\t\t<span class=\"elementor-button-content-wrapper\">\n\t\t\t\t\t\t\t\t\t<span class=\"elementor-button-text\">Profitez d'un rabais sur votre abonnement <\/span>\n\t\t\t\t\t<\/span>\n\t\t\t\t\t<\/a>\n\t\t\t\t<\/div>\n\t\t\t\t\t\t\t\t<\/div>\n\t\t\t\t<\/div>\n\t\t\t\t<\/div>\n\t\t\t\t\t<\/div>\n\t\t\t\t<\/div>\n\t\t<div class=\"elementor-element elementor-element-68b0135 e-flex e-con-boxed e-con e-parent\" data-id=\"68b0135\" data-element_type=\"container\" data-e-type=\"container\">\n\t\t\t\t\t<div class=\"e-con-inner\">\n\t\t\t\t<div class=\"elementor-element elementor-element-fcd1f68 elementor-widget elementor-widget-heading\" data-id=\"fcd1f68\" data-element_type=\"widget\" data-e-type=\"widget\" data-widget_type=\"heading.default\">\n\t\t\t\t<div class=\"elementor-widget-container\">\n\t\t\t\t\t<h2 class=\"elementor-heading-title elementor-size-default\">Nouvelles recrues et apparitions sp\u00e9ciales\n<\/h2>\t\t\t\t<\/div>\n\t\t\t\t<\/div>\n\t\t\t\t\t<\/div>\n\t\t\t\t<\/div>\n\t\t<div class=\"elementor-element elementor-element-83b570d e-flex e-con-boxed e-con e-parent\" data-id=\"83b570d\" data-element_type=\"container\" data-e-type=\"container\">\n\t\t\t\t\t<div class=\"e-con-inner\">\n\t\t\t\t<div class=\"elementor-element elementor-element-2989801 elementor-widget elementor-widget-text-editor\" data-id=\"2989801\" data-element_type=\"widget\" data-e-type=\"widget\" data-widget_type=\"text-editor.default\">\n\t\t\t\t<div class=\"elementor-widget-container\">\n\t\t\t\t\t\t\t\t\t<p class=\"p1\">En plus du retour des acteurs principaux, plusieurs nouveaux visages rejoignent l&rsquo;aventure. Isabela Merced incarnera Dina, tandis que Young Mazino jouera Jesse. D&rsquo;autres acteurs incluent Ariela Barer en Mel, Tati Gabrielle dans le r\u00f4le de Nora, et Spencer Lord en Owen. Le casting accueille aussi une star surprise : Catherine O\u2019Hara, qui appara\u00eetra dans un r\u00f4le cr\u00e9\u00e9 sp\u00e9cialement pour elle.<\/p>\t\t\t\t\t\t\t\t<\/div>\n\t\t\t\t<\/div>\n\t\t\t\t\t<\/div>\n\t\t\t\t<\/div>\n\t\t<div class=\"elementor-element elementor-element-9fe9d86 e-flex e-con-boxed e-con e-parent\" data-id=\"9fe9d86\" data-element_type=\"container\" data-e-type=\"container\">\n\t\t\t\t\t<div class=\"e-con-inner\">\n\t\t\t\t<div class=\"elementor-element elementor-element-75093d1 elementor-widget elementor-widget-heading\" data-id=\"75093d1\" data-element_type=\"widget\" data-e-type=\"widget\" data-widget_type=\"heading.default\">\n\t\t\t\t<div class=\"elementor-widget-container\">\n\t\t\t\t\t<h2 class=\"elementor-heading-title elementor-size-default\">Ce qui nous attend\n<\/h2>\t\t\t\t<\/div>\n\t\t\t\t<\/div>\n\t\t\t\t\t<\/div>\n\t\t\t\t<\/div>\n\t\t<div class=\"elementor-element elementor-element-bafeaa2 e-flex e-con-boxed e-con e-parent\" data-id=\"bafeaa2\" data-element_type=\"container\" data-e-type=\"container\">\n\t\t\t\t\t<div class=\"e-con-inner\">\n\t\t\t\t<div class=\"elementor-element elementor-element-555c96b elementor-widget elementor-widget-text-editor\" data-id=\"555c96b\" data-element_type=\"widget\" data-e-type=\"widget\" data-widget_type=\"text-editor.default\">\n\t\t\t\t<div class=\"elementor-widget-container\">\n\t\t\t\t\t\t\t\t\t<p class=\"p1\">Avec des ajouts d&rsquo;acteurs talentueux, une intrigue toujours aussi captivante et des dilemmes moraux \u00e0 l\u2019image du jeu, l<strong>a saison 2 de The Last of Us<\/strong> va non seulement approfondir l&rsquo;univers du jeu, mais aussi pr\u00e9parer le terrain pour un voyage \u00e9motionnel intense. Comme le jeu, la s\u00e9rie souligne que chaque d\u00e9cision a un prix et que personne ne sort indemne dans cet univers impitoyable.<\/p>\n<p class=\"p1\">Le 13 avril 2025, pr\u00e9parez-vous \u00e0 une aventure pleine de suspense, de tension et de rebondissements, car cette saison risque bien de faire trembler les fans \u00e0 travers le Canada et le Qu\u00e9bec.<\/p>\t\t\t\t\t\t\t\t<\/div>\n\t\t\t\t<\/div>\n\t\t\t\t\t<\/div>\n\t\t\t\t<\/div>\n\t\t<div class=\"elementor-element elementor-element-c281664 e-flex e-con-boxed e-con e-parent\" data-id=\"c281664\" data-element_type=\"container\" data-e-type=\"container\">\n\t\t\t\t\t<div class=\"e-con-inner\">\n\t\t\t\t<div class=\"elementor-element elementor-element-33aff10 elementor-widget elementor-widget-heading\" data-id=\"33aff10\" data-element_type=\"widget\" data-e-type=\"widget\" data-widget_type=\"heading.default\">\n\t\t\t\t<div class=\"elementor-widget-container\">\n\t\t\t\t\t<h2 class=\"elementor-heading-title elementor-size-default\">FAQ<\/h2>\t\t\t\t<\/div>\n\t\t\t\t<\/div>\n\t\t\t\t\t<\/div>\n\t\t\t\t<\/div>\n\t\t<div class=\"elementor-element elementor-element-461cf1c e-flex e-con-boxed e-con e-parent\" data-id=\"461cf1c\" data-element_type=\"container\" data-e-type=\"container\">\n\t\t\t\t\t<div class=\"e-con-inner\">\n\t\t\t\t<div class=\"elementor-element elementor-element-e4b7ef8 elementor-widget elementor-widget-n-accordion\" data-id=\"e4b7ef8\" data-element_type=\"widget\" data-e-type=\"widget\" data-settings=\"{&quot;default_state&quot;:&quot;expanded&quot;,&quot;max_items_expended&quot;:&quot;one&quot;,&quot;n_accordion_animation_duration&quot;:{&quot;unit&quot;:&quot;ms&quot;,&quot;size&quot;:400,&quot;sizes&quot;:[]}}\" data-widget_type=\"nested-accordion.default\">\n\t\t\t\t<div class=\"elementor-widget-container\">\n\t\t\t\t\t\t\t<div class=\"e-n-accordion\" aria-label=\"Accordion. Open links with Enter or Space, close with Escape, and navigate with Arrow Keys\">\n\t\t\t\t\t\t<details id=\"e-n-accordion-item-2390\" class=\"e-n-accordion-item\" open>\n\t\t\t\t<summary class=\"e-n-accordion-item-title\" data-accordion-index=\"1\" tabindex=\"0\" aria-expanded=\"true\" aria-controls=\"e-n-accordion-item-2390\" >\n\t\t\t\t\t<span class='e-n-accordion-item-title-header'><div class=\"e-n-accordion-item-title-text\"> Quand sort la saison 2 de The Last of Us au Canada et au Qu\u00e9bec ? <\/div><\/span>\n\t\t\t\t\t\t\t<span class='e-n-accordion-item-title-icon'>\n\t\t\t<span class='e-opened' ><svg aria-hidden=\"true\" class=\"e-font-icon-svg e-fas-minus\" viewBox=\"0 0 448 512\" xmlns=\"http:\/\/www.w3.org\/2000\/svg\"><path d=\"M416 208H32c-17.67 0-32 14.33-32 32v32c0 17.67 14.33 32 32 32h384c17.67 0 32-14.33 32-32v-32c0-17.67-14.33-32-32-32z\"><\/path><\/svg><\/span>\n\t\t\t<span class='e-closed'><svg aria-hidden=\"true\" class=\"e-font-icon-svg e-fas-plus\" viewBox=\"0 0 448 512\" xmlns=\"http:\/\/www.w3.org\/2000\/svg\"><path d=\"M416 208H272V64c0-17.67-14.33-32-32-32h-32c-17.67 0-32 14.33-32 32v144H32c-17.67 0-32 14.33-32 32v32c0 17.67 14.33 32 32 32h144v144c0 17.67 14.33 32 32 32h32c17.67 0 32-14.33 32-32V304h144c17.67 0 32-14.33 32-32v-32c0-17.67-14.33-32-32-32z\"><\/path><\/svg><\/span>\n\t\t<\/span>\n\n\t\t\t\t\t\t<\/summary>\n\t\t\t\t<div role=\"region\" aria-labelledby=\"e-n-accordion-item-2390\" class=\"elementor-element elementor-element-7aa20df e-con-full e-flex e-con e-child\" data-id=\"7aa20df\" data-element_type=\"container\" data-e-type=\"container\">\n\t\t\t\t<div class=\"elementor-element elementor-element-6f8905b elementor-widget elementor-widget-text-editor\" data-id=\"6f8905b\" data-element_type=\"widget\" data-e-type=\"widget\" data-widget_type=\"text-editor.default\">\n\t\t\t\t<div class=\"elementor-widget-container\">\n\t\t\t\t\t\t\t\t\t<p>La saison 2 sort le <strong>13 avril 2025<\/strong>, simultan\u00e9ment avec les \u00c9tats-Unis.<\/p>\t\t\t\t\t\t\t\t<\/div>\n\t\t\t\t<\/div>\n\t\t\t\t<\/div>\n\t\t\t\t\t<\/details>\n\t\t\t\t\t\t<details id=\"e-n-accordion-item-2391\" class=\"e-n-accordion-item\" >\n\t\t\t\t<summary class=\"e-n-accordion-item-title\" data-accordion-index=\"2\" tabindex=\"-1\" aria-expanded=\"false\" aria-controls=\"e-n-accordion-item-2391\" >\n\t\t\t\t\t<span class='e-n-accordion-item-title-header'><div class=\"e-n-accordion-item-title-text\"> O\u00f9 regarder The Last of Us Part II au Canada et au Qu\u00e9bec ? <\/div><\/span>\n\t\t\t\t\t\t\t<span class='e-n-accordion-item-title-icon'>\n\t\t\t<span class='e-opened' ><svg aria-hidden=\"true\" class=\"e-font-icon-svg e-fas-minus\" viewBox=\"0 0 448 512\" xmlns=\"http:\/\/www.w3.org\/2000\/svg\"><path d=\"M416 208H32c-17.67 0-32 14.33-32 32v32c0 17.67 14.33 32 32 32h384c17.67 0 32-14.33 32-32v-32c0-17.67-14.33-32-32-32z\"><\/path><\/svg><\/span>\n\t\t\t<span class='e-closed'><svg aria-hidden=\"true\" class=\"e-font-icon-svg e-fas-plus\" viewBox=\"0 0 448 512\" xmlns=\"http:\/\/www.w3.org\/2000\/svg\"><path d=\"M416 208H272V64c0-17.67-14.33-32-32-32h-32c-17.67 0-32 14.33-32 32v144H32c-17.67 0-32 14.33-32 32v32c0 17.67 14.33 32 32 32h144v144c0 17.67 14.33 32 32 32h32c17.67 0 32-14.33 32-32V304h144c17.67 0 32-14.33 32-32v-32c0-17.67-14.33-32-32-32z\"><\/path><\/svg><\/span>\n\t\t<\/span>\n\n\t\t\t\t\t\t<\/summary>\n\t\t\t\t<div role=\"region\" aria-labelledby=\"e-n-accordion-item-2391\" class=\"elementor-element elementor-element-7735be1 e-con-full e-flex e-con e-child\" data-id=\"7735be1\" data-element_type=\"container\" data-e-type=\"container\">\n\t\t\t\t<div class=\"elementor-element elementor-element-c8b11a7 elementor-widget elementor-widget-text-editor\" data-id=\"c8b11a7\" data-element_type=\"widget\" data-e-type=\"widget\" data-widget_type=\"text-editor.default\">\n\t\t\t\t<div class=\"elementor-widget-container\">\n\t\t\t\t\t\t\t\t\t<p>Su<strong>r Crave,<\/strong> d\u00e8s le 13 avril 2025.<\/p>\t\t\t\t\t\t\t\t<\/div>\n\t\t\t\t<\/div>\n\t\t\t\t<\/div>\n\t\t\t\t\t<\/details>\n\t\t\t\t\t\t<details id=\"e-n-accordion-item-2392\" class=\"e-n-accordion-item\" >\n\t\t\t\t<summary class=\"e-n-accordion-item-title\" data-accordion-index=\"3\" tabindex=\"-1\" aria-expanded=\"false\" aria-controls=\"e-n-accordion-item-2392\" >\n\t\t\t\t\t<span class='e-n-accordion-item-title-header'><div class=\"e-n-accordion-item-title-text\"> Comment regarder The Last of Us Part 2 \u00e0 moindre prix au Canada?  <\/div><\/span>\n\t\t\t\t\t\t\t<span class='e-n-accordion-item-title-icon'>\n\t\t\t<span class='e-opened' ><svg aria-hidden=\"true\" class=\"e-font-icon-svg e-fas-minus\" viewBox=\"0 0 448 512\" xmlns=\"http:\/\/www.w3.org\/2000\/svg\"><path d=\"M416 208H32c-17.67 0-32 14.33-32 32v32c0 17.67 14.33 32 32 32h384c17.67 0 32-14.33 32-32v-32c0-17.67-14.33-32-32-32z\"><\/path><\/svg><\/span>\n\t\t\t<span class='e-closed'><svg aria-hidden=\"true\" class=\"e-font-icon-svg e-fas-plus\" viewBox=\"0 0 448 512\" xmlns=\"http:\/\/www.w3.org\/2000\/svg\"><path d=\"M416 208H272V64c0-17.67-14.33-32-32-32h-32c-17.67 0-32 14.33-32 32v144H32c-17.67 0-32 14.33-32 32v32c0 17.67 14.33 32 32 32h144v144c0 17.67 14.33 32 32 32h32c17.67 0 32-14.33 32-32V304h144c17.67 0 32-14.33 32-32v-32c0-17.67-14.33-32-32-32z\"><\/path><\/svg><\/span>\n\t\t<\/span>\n\n\t\t\t\t\t\t<\/summary>\n\t\t\t\t<div role=\"region\" aria-labelledby=\"e-n-accordion-item-2392\" class=\"elementor-element elementor-element-6187503 e-con-full e-flex e-con e-child\" data-id=\"6187503\" data-element_type=\"container\" data-e-type=\"container\">\n\t\t\t\t<div class=\"elementor-element elementor-element-d60b1b4 elementor-widget elementor-widget-text-editor\" data-id=\"d60b1b4\" data-element_type=\"widget\" data-e-type=\"widget\" data-widget_type=\"text-editor.default\">\n\t\t\t\t<div class=\"elementor-widget-container\">\n\t\t\t\t\t\t\t\t\t<p>Utilisez un VPN pour vous connecter \u00e0 un serveur en Andorre, Roumanie, Serbie, Slovaquie ou Slov\u00e9nie et abonnez-vous \u00e0 <strong>Max<\/strong> \u00e0 un prix r\u00e9duit.<\/p>\t\t\t\t\t\t\t\t<\/div>\n\t\t\t\t<\/div>\n\t\t\t\t<\/div>\n\t\t\t\t\t<\/details>\n\t\t\t\t\t\t<details id=\"e-n-accordion-item-2393\" class=\"e-n-accordion-item\" >\n\t\t\t\t<summary class=\"e-n-accordion-item-title\" data-accordion-index=\"4\" tabindex=\"-1\" aria-expanded=\"false\" aria-controls=\"e-n-accordion-item-2393\" >\n\t\t\t\t\t<span class='e-n-accordion-item-title-header'><div class=\"e-n-accordion-item-title-text\"> Quel VPN recommandez-vous pour regarder The Last of Us Part II \u00e0 prix r\u00e9duit ? <\/div><\/span>\n\t\t\t\t\t\t\t<span class='e-n-accordion-item-title-icon'>\n\t\t\t<span class='e-opened' ><svg aria-hidden=\"true\" class=\"e-font-icon-svg e-fas-minus\" viewBox=\"0 0 448 512\" xmlns=\"http:\/\/www.w3.org\/2000\/svg\"><path d=\"M416 208H32c-17.67 0-32 14.33-32 32v32c0 17.67 14.33 32 32 32h384c17.67 0 32-14.33 32-32v-32c0-17.67-14.33-32-32-32z\"><\/path><\/svg><\/span>\n\t\t\t<span class='e-closed'><svg aria-hidden=\"true\" class=\"e-font-icon-svg e-fas-plus\" viewBox=\"0 0 448 512\" xmlns=\"http:\/\/www.w3.org\/2000\/svg\"><path d=\"M416 208H272V64c0-17.67-14.33-32-32-32h-32c-17.67 0-32 14.33-32 32v144H32c-17.67 0-32 14.33-32 32v32c0 17.67 14.33 32 32 32h144v144c0 17.67 14.33 32 32 32h32c17.67 0 32-14.33 32-32V304h144c17.67 0 32-14.33 32-32v-32c0-17.67-14.33-32-32-32z\"><\/path><\/svg><\/span>\n\t\t<\/span>\n\n\t\t\t\t\t\t<\/summary>\n\t\t\t\t<div role=\"region\" aria-labelledby=\"e-n-accordion-item-2393\" class=\"elementor-element elementor-element-e243054 e-con-full e-flex e-con e-child\" data-id=\"e243054\" data-element_type=\"container\" data-e-type=\"container\">\n\t\t\t\t<div class=\"elementor-element elementor-element-c100dee elementor-widget elementor-widget-text-editor\" data-id=\"c100dee\" data-element_type=\"widget\" data-e-type=\"widget\" data-widget_type=\"text-editor.default\">\n\t\t\t\t<div class=\"elementor-widget-container\">\n\t\t\t\t\t\t\t\t\t<p>Nous recommandons <strong>NordVPN<\/strong>, un VPN fiable et s\u00e9curis\u00e9 pour acc\u00e9der \u00e0 Max \u00e0 prix r\u00e9duit.<\/p>\t\t\t\t\t\t\t\t<\/div>\n\t\t\t\t<\/div>\n\t\t\t\t<\/div>\n\t\t\t\t\t<\/details>\n\t\t\t\t\t\t<details id=\"e-n-accordion-item-2394\" class=\"e-n-accordion-item\" >\n\t\t\t\t<summary class=\"e-n-accordion-item-title\" data-accordion-index=\"5\" tabindex=\"-1\" aria-expanded=\"false\" aria-controls=\"e-n-accordion-item-2394\" >\n\t\t\t\t\t<span class='e-n-accordion-item-title-header'><div class=\"e-n-accordion-item-title-text\"> Y a-t-il de nouveaux acteurs dans The Last of Us Part II ? <\/div><\/span>\n\t\t\t\t\t\t\t<span class='e-n-accordion-item-title-icon'>\n\t\t\t<span class='e-opened' ><svg aria-hidden=\"true\" class=\"e-font-icon-svg e-fas-minus\" viewBox=\"0 0 448 512\" xmlns=\"http:\/\/www.w3.org\/2000\/svg\"><path d=\"M416 208H32c-17.67 0-32 14.33-32 32v32c0 17.67 14.33 32 32 32h384c17.67 0 32-14.33 32-32v-32c0-17.67-14.33-32-32-32z\"><\/path><\/svg><\/span>\n\t\t\t<span class='e-closed'><svg aria-hidden=\"true\" class=\"e-font-icon-svg e-fas-plus\" viewBox=\"0 0 448 512\" xmlns=\"http:\/\/www.w3.org\/2000\/svg\"><path d=\"M416 208H272V64c0-17.67-14.33-32-32-32h-32c-17.67 0-32 14.33-32 32v144H32c-17.67 0-32 14.33-32 32v32c0 17.67 14.33 32 32 32h144v144c0 17.67 14.33 32 32 32h32c17.67 0 32-14.33 32-32V304h144c17.67 0 32-14.33 32-32v-32c0-17.67-14.33-32-32-32z\"><\/path><\/svg><\/span>\n\t\t<\/span>\n\n\t\t\t\t\t\t<\/summary>\n\t\t\t\t<div role=\"region\" aria-labelledby=\"e-n-accordion-item-2394\" class=\"elementor-element elementor-element-f895dfa e-con-full e-flex e-con e-child\" data-id=\"f895dfa\" data-element_type=\"container\" data-e-type=\"container\">\n\t\t\t\t<div class=\"elementor-element elementor-element-214fb44 elementor-widget elementor-widget-text-editor\" data-id=\"214fb44\" data-element_type=\"widget\" data-e-type=\"widget\" data-widget_type=\"text-editor.default\">\n\t\t\t\t<div class=\"elementor-widget-container\">\n\t\t\t\t\t\t\t\t\t<p>Oui, des acteurs comme Isabela Merced (Dina) et Catherine O\u2019Hara rejoignent la saison 2.<\/p>\t\t\t\t\t\t\t\t<\/div>\n\t\t\t\t<\/div>\n\t\t\t\t<\/div>\n\t\t\t\t\t<\/details>\n\t\t\t\t\t\t<details id=\"e-n-accordion-item-2395\" class=\"e-n-accordion-item\" >\n\t\t\t\t<summary class=\"e-n-accordion-item-title\" data-accordion-index=\"6\" tabindex=\"-1\" aria-expanded=\"false\" aria-controls=\"e-n-accordion-item-2395\" >\n\t\t\t\t\t<span class='e-n-accordion-item-title-header'><div class=\"e-n-accordion-item-title-text\"> La s\u00e9rie The Last of Us Part II continuera-t-elle apr\u00e8s la saison 2 ?  <\/div><\/span>\n\t\t\t\t\t\t\t<span class='e-n-accordion-item-title-icon'>\n\t\t\t<span class='e-opened' ><svg aria-hidden=\"true\" class=\"e-font-icon-svg e-fas-minus\" viewBox=\"0 0 448 512\" xmlns=\"http:\/\/www.w3.org\/2000\/svg\"><path d=\"M416 208H32c-17.67 0-32 14.33-32 32v32c0 17.67 14.33 32 32 32h384c17.67 0 32-14.33 32-32v-32c0-17.67-14.33-32-32-32z\"><\/path><\/svg><\/span>\n\t\t\t<span class='e-closed'><svg aria-hidden=\"true\" class=\"e-font-icon-svg e-fas-plus\" viewBox=\"0 0 448 512\" xmlns=\"http:\/\/www.w3.org\/2000\/svg\"><path d=\"M416 208H272V64c0-17.67-14.33-32-32-32h-32c-17.67 0-32 14.33-32 32v144H32c-17.67 0-32 14.33-32 32v32c0 17.67 14.33 32 32 32h144v144c0 17.67 14.33 32 32 32h32c17.67 0 32-14.33 32-32V304h144c17.67 0 32-14.33 32-32v-32c0-17.67-14.33-32-32-32z\"><\/path><\/svg><\/span>\n\t\t<\/span>\n\n\t\t\t\t\t\t<\/summary>\n\t\t\t\t<div role=\"region\" aria-labelledby=\"e-n-accordion-item-2395\" class=\"elementor-element elementor-element-cb0d43a e-con-full e-flex e-con e-child\" data-id=\"cb0d43a\" data-element_type=\"container\" data-e-type=\"container\">\n\t\t\t\t<div class=\"elementor-element elementor-element-eaadb31 elementor-widget elementor-widget-text-editor\" data-id=\"eaadb31\" data-element_type=\"widget\" data-e-type=\"widget\" data-widget_type=\"text-editor.default\">\n\t\t\t\t<div class=\"elementor-widget-container\">\n\t\t\t\t\t\t\t\t\t<p>Oui, plusieurs saisons sont pr\u00e9vues pour couvrir toute l\u2019histoire.<\/p>\t\t\t\t\t\t\t\t<\/div>\n\t\t\t\t<\/div>\n\t\t\t\t<\/div>\n\t\t\t\t\t<\/details>\n\t\t\t\t\t<\/div>\n\t\t\t\t\t<script type=\"application\/ld+json\">{\"@context\":\"https:\\\/\\\/schema.org\",\"@type\":\"FAQPage\",\"mainEntity\":[{\"@type\":\"Question\",\"name\":\"Quand sort la saison 2 de The Last of Us au Canada et au Qu\\u00e9bec ?\",\"acceptedAnswer\":{\"@type\":\"Answer\",\"text\":\"La saison 2 sort le 13 avril 2025, simultan\\u00e9ment avec les \\u00c9tats-Unis.\"}},{\"@type\":\"Question\",\"name\":\"O\\u00f9 regarder The Last of Us Part II au Canada et au Qu\\u00e9bec ?\",\"acceptedAnswer\":{\"@type\":\"Answer\",\"text\":\"Sur Crave, d\\u00e8s le 13 avril 2025.\"}},{\"@type\":\"Question\",\"name\":\"Comment regarder The Last of Us Part 2 \\u00e0 moindre prix au Canada?\",\"acceptedAnswer\":{\"@type\":\"Answer\",\"text\":\"Utilisez un VPN pour vous connecter \\u00e0 un serveur en Andorre, Roumanie, Serbie, Slovaquie ou Slov\\u00e9nie et abonnez-vous \\u00e0 Max \\u00e0 un prix r\\u00e9duit.\"}},{\"@type\":\"Question\",\"name\":\"Quel VPN recommandez-vous pour regarder The Last of Us Part II \\u00e0 prix r\\u00e9duit ?\",\"acceptedAnswer\":{\"@type\":\"Answer\",\"text\":\"Nous recommandons NordVPN, un VPN fiable et s\\u00e9curis\\u00e9 pour acc\\u00e9der \\u00e0 Max \\u00e0 prix r\\u00e9duit.\"}},{\"@type\":\"Question\",\"name\":\"Y a-t-il de nouveaux acteurs dans The Last of Us Part II ?\",\"acceptedAnswer\":{\"@type\":\"Answer\",\"text\":\"Oui, des acteurs comme Isabela Merced (Dina) et Catherine O\\u2019Hara rejoignent la saison 2.\"}},{\"@type\":\"Question\",\"name\":\"La s\\u00e9rie The Last of Us Part II continuera-t-elle apr\\u00e8s la saison 2 ?\",\"acceptedAnswer\":{\"@type\":\"Answer\",\"text\":\"Oui, plusieurs saisons sont pr\\u00e9vues pour couvrir toute l\\u2019histoire.\"}}]}<\/script>\n\t\t\t\t\t\t\t<\/div>\n\t\t\t\t<\/div>\n\t\t\t\t\t<\/div>\n\t\t\t\t<\/div>\n\t\t\t\t<\/div>\n\t\t","protected":false},"excerpt":{"rendered":"<p>La tr\u00e8s attendue deuxi\u00e8me saison de The Last of Us a d\u00e9sormais une date de sortie officielle au Canada et au Qu\u00e9bec. L\u2019attente touche enfin \u00e0 sa fin ! HBO a confirm\u00e9 que les nouveaux \u00e9pisodes seront diffus\u00e9s d\u00e8s le 13 avril 2025. Une sortie qui se fera en simultan\u00e9 avec les \u00c9tats-Unis, contrairement \u00e0 [&hellip;]<\/p>\n","protected":false},"author":39,"featured_media":20548,"comment_status":"closed","ping_status":"closed","sticky":false,"template":"","format":"standard","meta":{"_acf_changed":false,"footnotes":""},"categories":[836,492],"tags":[],"class_list":["post-20534","post","type-post","status-publish","format-standard","has-post-thumbnail","hentry","category-television-articles-fr","category-television-fr"],"acf":[],"yoast_head":"<!-- This site is optimized with the Yoast SEO plugin v28.3 - https:\/\/yoast.com\/product\/yoast-seo-wordpress\/ -->\n<title>O\u00f9 regarder the Last of Us Part 2 au Canada et au Qu\u00e9bec ? | PlanHub.ca<\/title>\n<meta name=\"description\" content=\"La deuxi\u00e8me saison tant attendue de The Last of Us a enfin une date de lancement officielle au Canada et au Qu\u00e9bec.\" \/>\n<meta name=\"robots\" content=\"index, follow, max-snippet:-1, max-image-preview:large, max-video-preview:-1\" \/>\n<link rel=\"canonical\" href=\"https:\/\/www.planhub.ca\/blog\/fr\/ou-regarder-the-last-of-us-part-2-au-canada-et-au-quebec\/\" \/>\n<meta property=\"og:locale\" content=\"fr_CA\" \/>\n<meta property=\"og:type\" content=\"article\" \/>\n<meta property=\"og:title\" content=\"O\u00f9 regarder the Last of Us Part 2 au Canada et au Qu\u00e9bec ? | PlanHub.ca\" \/>\n<meta property=\"og:description\" content=\"La deuxi\u00e8me saison tant attendue de The Last of Us a enfin une date de lancement officielle au Canada et au Qu\u00e9bec.\" \/>\n<meta property=\"og:url\" content=\"https:\/\/www.planhub.ca\/blog\/fr\/ou-regarder-the-last-of-us-part-2-au-canada-et-au-quebec\/\" \/>\n<meta property=\"og:site_name\" content=\"Le Blogue - Promotions, Guides, Nouvelles et plus!\" \/>\n<meta property=\"article:publisher\" content=\"https:\/\/www.facebook.com\/planhub.ca\" \/>\n<meta property=\"article:author\" content=\"https:\/\/www.linkedin.com\/in\/youssef-amenzou-9b9289104\/\" \/>\n<meta property=\"article:published_time\" content=\"2025-04-08T15:05:02+00:00\" \/>\n<meta property=\"article:modified_time\" content=\"2025-09-22T14:25:29+00:00\" \/>\n<meta property=\"og:image\" content=\"https:\/\/www.planhub.ca\/blog\/wp-content\/uploads\/2025\/02\/The-Last-Of-Us-Part.jpg\" \/>\n\t<meta property=\"og:image:width\" content=\"1200\" \/>\n\t<meta property=\"og:image:height\" content=\"675\" \/>\n\t<meta property=\"og:image:type\" content=\"image\/jpeg\" \/>\n<meta name=\"author\" content=\"Youssef Amenzou\" \/>\n<meta name=\"twitter:card\" content=\"summary_large_image\" \/>\n<meta name=\"twitter:creator\" content=\"@PlanHub_ca\" \/>\n<meta name=\"twitter:site\" content=\"@PlanHub_ca\" \/>\n<meta name=\"twitter:label1\" content=\"\u00c9crit par\" \/>\n\t<meta name=\"twitter:data1\" content=\"Youssef Amenzou\" \/>\n\t<meta name=\"twitter:label2\" content=\"Estimation du temps de lecture\" \/>\n\t<meta name=\"twitter:data2\" content=\"7 minutes\" \/>\n<script type=\"application\/ld+json\" class=\"yoast-schema-graph\">{\"@context\":\"https:\\\/\\\/schema.org\",\"@graph\":[{\"@type\":\"Article\",\"@id\":\"https:\\\/\\\/www.planhub.ca\\\/blog\\\/fr\\\/ou-regarder-the-last-of-us-part-2-au-canada-et-au-quebec\\\/#article\",\"isPartOf\":{\"@id\":\"https:\\\/\\\/www.planhub.ca\\\/blog\\\/fr\\\/ou-regarder-the-last-of-us-part-2-au-canada-et-au-quebec\\\/\"},\"author\":{\"name\":\"Youssef Amenzou\",\"@id\":\"https:\\\/\\\/www.planhub.ca\\\/blog\\\/fr\\\/#\\\/schema\\\/person\\\/0fc50c29fc70aed3bd0235a1a32ad741\"},\"headline\":\"O\u00f9 regarder the Last of Us Part 2 au Canada et au Qu\u00e9bec ?\",\"datePublished\":\"2025-04-08T15:05:02+00:00\",\"dateModified\":\"2025-09-22T14:25:29+00:00\",\"mainEntityOfPage\":{\"@id\":\"https:\\\/\\\/www.planhub.ca\\\/blog\\\/fr\\\/ou-regarder-the-last-of-us-part-2-au-canada-et-au-quebec\\\/\"},\"wordCount\":1182,\"publisher\":{\"@id\":\"https:\\\/\\\/www.planhub.ca\\\/blog\\\/fr\\\/#organization\"},\"image\":{\"@id\":\"https:\\\/\\\/www.planhub.ca\\\/blog\\\/fr\\\/ou-regarder-the-last-of-us-part-2-au-canada-et-au-quebec\\\/#primaryimage\"},\"thumbnailUrl\":\"https:\\\/\\\/www.planhub.ca\\\/blog\\\/wp-content\\\/uploads\\\/2025\\\/02\\\/The-Last-Of-Us-Part.jpg\",\"articleSection\":[\"Articles\",\"T\u00e9l\u00e9vision\"],\"inLanguage\":\"fr-CA\"},{\"@type\":\"WebPage\",\"@id\":\"https:\\\/\\\/www.planhub.ca\\\/blog\\\/fr\\\/ou-regarder-the-last-of-us-part-2-au-canada-et-au-quebec\\\/\",\"url\":\"https:\\\/\\\/www.planhub.ca\\\/blog\\\/fr\\\/ou-regarder-the-last-of-us-part-2-au-canada-et-au-quebec\\\/\",\"name\":\"O\u00f9 regarder the Last of Us Part 2 au Canada et au Qu\u00e9bec ? | PlanHub.ca\",\"isPartOf\":{\"@id\":\"https:\\\/\\\/www.planhub.ca\\\/blog\\\/fr\\\/#website\"},\"primaryImageOfPage\":{\"@id\":\"https:\\\/\\\/www.planhub.ca\\\/blog\\\/fr\\\/ou-regarder-the-last-of-us-part-2-au-canada-et-au-quebec\\\/#primaryimage\"},\"image\":{\"@id\":\"https:\\\/\\\/www.planhub.ca\\\/blog\\\/fr\\\/ou-regarder-the-last-of-us-part-2-au-canada-et-au-quebec\\\/#primaryimage\"},\"thumbnailUrl\":\"https:\\\/\\\/www.planhub.ca\\\/blog\\\/wp-content\\\/uploads\\\/2025\\\/02\\\/The-Last-Of-Us-Part.jpg\",\"datePublished\":\"2025-04-08T15:05:02+00:00\",\"dateModified\":\"2025-09-22T14:25:29+00:00\",\"description\":\"La deuxi\u00e8me saison tant attendue de The Last of Us a enfin une date de lancement officielle au Canada et au Qu\u00e9bec.\",\"breadcrumb\":{\"@id\":\"https:\\\/\\\/www.planhub.ca\\\/blog\\\/fr\\\/ou-regarder-the-last-of-us-part-2-au-canada-et-au-quebec\\\/#breadcrumb\"},\"inLanguage\":\"fr-CA\",\"potentialAction\":[{\"@type\":\"ReadAction\",\"target\":[\"https:\\\/\\\/www.planhub.ca\\\/blog\\\/fr\\\/ou-regarder-the-last-of-us-part-2-au-canada-et-au-quebec\\\/\"]}]},{\"@type\":\"ImageObject\",\"inLanguage\":\"fr-CA\",\"@id\":\"https:\\\/\\\/www.planhub.ca\\\/blog\\\/fr\\\/ou-regarder-the-last-of-us-part-2-au-canada-et-au-quebec\\\/#primaryimage\",\"url\":\"https:\\\/\\\/www.planhub.ca\\\/blog\\\/wp-content\\\/uploads\\\/2025\\\/02\\\/The-Last-Of-Us-Part.jpg\",\"contentUrl\":\"https:\\\/\\\/www.planhub.ca\\\/blog\\\/wp-content\\\/uploads\\\/2025\\\/02\\\/The-Last-Of-Us-Part.jpg\",\"width\":1200,\"height\":675},{\"@type\":\"BreadcrumbList\",\"@id\":\"https:\\\/\\\/www.planhub.ca\\\/blog\\\/fr\\\/ou-regarder-the-last-of-us-part-2-au-canada-et-au-quebec\\\/#breadcrumb\",\"itemListElement\":[{\"@type\":\"ListItem\",\"position\":1,\"name\":\"Home\",\"item\":\"https:\\\/\\\/www.planhub.ca\\\/blog\\\/fr\\\/\"},{\"@type\":\"ListItem\",\"position\":2,\"name\":\"T\u00e9l\u00e9vision\",\"item\":\"https:\\\/\\\/www.planhub.ca\\\/blog\\\/fr\\\/category\\\/television-fr\\\/\"},{\"@type\":\"ListItem\",\"position\":3,\"name\":\"O\u00f9 regarder the Last of Us Part 2 au Canada et au Qu\u00e9bec ?\"}]},{\"@type\":\"WebSite\",\"@id\":\"https:\\\/\\\/www.planhub.ca\\\/blog\\\/fr\\\/#website\",\"url\":\"https:\\\/\\\/www.planhub.ca\\\/blog\\\/fr\\\/\",\"name\":\"PlanHub.ca The Blog - Promotions, Guides, News and more!\",\"description\":\"PlanHub\",\"publisher\":{\"@id\":\"https:\\\/\\\/www.planhub.ca\\\/blog\\\/fr\\\/#organization\"},\"alternateName\":\"PlanHub.ca The Blog\",\"potentialAction\":[{\"@type\":\"SearchAction\",\"target\":{\"@type\":\"EntryPoint\",\"urlTemplate\":\"https:\\\/\\\/www.planhub.ca\\\/blog\\\/fr\\\/?s={search_term_string}\"},\"query-input\":{\"@type\":\"PropertyValueSpecification\",\"valueRequired\":true,\"valueName\":\"search_term_string\"}}],\"inLanguage\":\"fr-CA\"},{\"@type\":\"Organization\",\"@id\":\"https:\\\/\\\/www.planhub.ca\\\/blog\\\/fr\\\/#organization\",\"name\":\"PlanHub.ca\",\"alternateName\":\"PlanHub.ca\",\"url\":\"https:\\\/\\\/www.planhub.ca\\\/blog\\\/fr\\\/\",\"logo\":{\"@type\":\"ImageObject\",\"inLanguage\":\"fr-CA\",\"@id\":\"https:\\\/\\\/www.planhub.ca\\\/blog\\\/fr\\\/#\\\/schema\\\/logo\\\/image\\\/\",\"url\":\"https:\\\/\\\/www.planhub.ca\\\/blog\\\/wp-content\\\/uploads\\\/2024\\\/04\\\/logo_planhub_horizontal_vert-2-2.png\",\"contentUrl\":\"https:\\\/\\\/www.planhub.ca\\\/blog\\\/wp-content\\\/uploads\\\/2024\\\/04\\\/logo_planhub_horizontal_vert-2-2.png\",\"width\":900,\"height\":360,\"caption\":\"PlanHub.ca\"},\"image\":{\"@id\":\"https:\\\/\\\/www.planhub.ca\\\/blog\\\/fr\\\/#\\\/schema\\\/logo\\\/image\\\/\"},\"sameAs\":[\"https:\\\/\\\/www.facebook.com\\\/planhub.ca\",\"https:\\\/\\\/x.com\\\/PlanHub_ca\",\"https:\\\/\\\/ca.linkedin.com\\\/company\\\/planhub-ca\"]},{\"@type\":\"Person\",\"@id\":\"https:\\\/\\\/www.planhub.ca\\\/blog\\\/fr\\\/#\\\/schema\\\/person\\\/0fc50c29fc70aed3bd0235a1a32ad741\",\"name\":\"Youssef Amenzou\",\"image\":{\"@type\":\"ImageObject\",\"inLanguage\":\"fr-CA\",\"@id\":\"https:\\\/\\\/secure.gravatar.com\\\/avatar\\\/40f83fbe450119ce3791627993ac342a9f2ba2466443d8537eb15362417fa0e6?s=96&d=blank&r=g\",\"url\":\"https:\\\/\\\/secure.gravatar.com\\\/avatar\\\/40f83fbe450119ce3791627993ac342a9f2ba2466443d8537eb15362417fa0e6?s=96&d=blank&r=g\",\"contentUrl\":\"https:\\\/\\\/secure.gravatar.com\\\/avatar\\\/40f83fbe450119ce3791627993ac342a9f2ba2466443d8537eb15362417fa0e6?s=96&d=blank&r=g\",\"caption\":\"Youssef Amenzou\"},\"description\":\"A true Swiss army knife, Youssef has a fairly wide range of skills. Officially Growth Manager, he is also involved in the production of content for the site and the presence of planhub on social networks. Here, Youssef dissects all the mobile and internet news for you.\",\"sameAs\":[\"https:\\\/\\\/www.linkedin.com\\\/in\\\/youssef-amenzou-9b9289104\\\/\",\"https:\\\/\\\/www.instagram.com\\\/yamenzou_gaming\\\/\"],\"url\":\"https:\\\/\\\/www.planhub.ca\\\/blog\\\/fr\\\/author\\\/youssef\\\/\"}]}<\/script>\n<!-- \/ Yoast SEO plugin. -->","yoast_head_json":{"title":"O\u00f9 regarder the Last of Us Part 2 au Canada et au Qu\u00e9bec ? | PlanHub.ca","description":"La deuxi\u00e8me saison tant attendue de The Last of Us a enfin une date de lancement officielle au Canada et au Qu\u00e9bec.","robots":{"index":"index","follow":"follow","max-snippet":"max-snippet:-1","max-image-preview":"max-image-preview:large","max-video-preview":"max-video-preview:-1"},"canonical":"https:\/\/www.planhub.ca\/blog\/fr\/ou-regarder-the-last-of-us-part-2-au-canada-et-au-quebec\/","og_locale":"fr_CA","og_type":"article","og_title":"O\u00f9 regarder the Last of Us Part 2 au Canada et au Qu\u00e9bec ? | PlanHub.ca","og_description":"La deuxi\u00e8me saison tant attendue de The Last of Us a enfin une date de lancement officielle au Canada et au Qu\u00e9bec.","og_url":"https:\/\/www.planhub.ca\/blog\/fr\/ou-regarder-the-last-of-us-part-2-au-canada-et-au-quebec\/","og_site_name":"Le Blogue - Promotions, Guides, Nouvelles et plus!","article_publisher":"https:\/\/www.facebook.com\/planhub.ca","article_author":"https:\/\/www.linkedin.com\/in\/youssef-amenzou-9b9289104\/","article_published_time":"2025-04-08T15:05:02+00:00","article_modified_time":"2025-09-22T14:25:29+00:00","og_image":[{"width":1200,"height":675,"url":"https:\/\/www.planhub.ca\/blog\/wp-content\/uploads\/2025\/02\/The-Last-Of-Us-Part.jpg","type":"image\/jpeg"}],"author":"Youssef Amenzou","twitter_card":"summary_large_image","twitter_creator":"@PlanHub_ca","twitter_site":"@PlanHub_ca","twitter_misc":{"\u00c9crit par":"Youssef Amenzou","Estimation du temps de lecture":"7 minutes"},"schema":{"@context":"https:\/\/schema.org","@graph":[{"@type":"Article","@id":"https:\/\/www.planhub.ca\/blog\/fr\/ou-regarder-the-last-of-us-part-2-au-canada-et-au-quebec\/#article","isPartOf":{"@id":"https:\/\/www.planhub.ca\/blog\/fr\/ou-regarder-the-last-of-us-part-2-au-canada-et-au-quebec\/"},"author":{"name":"Youssef Amenzou","@id":"https:\/\/www.planhub.ca\/blog\/fr\/#\/schema\/person\/0fc50c29fc70aed3bd0235a1a32ad741"},"headline":"O\u00f9 regarder the Last of Us Part 2 au Canada et au Qu\u00e9bec ?","datePublished":"2025-04-08T15:05:02+00:00","dateModified":"2025-09-22T14:25:29+00:00","mainEntityOfPage":{"@id":"https:\/\/www.planhub.ca\/blog\/fr\/ou-regarder-the-last-of-us-part-2-au-canada-et-au-quebec\/"},"wordCount":1182,"publisher":{"@id":"https:\/\/www.planhub.ca\/blog\/fr\/#organization"},"image":{"@id":"https:\/\/www.planhub.ca\/blog\/fr\/ou-regarder-the-last-of-us-part-2-au-canada-et-au-quebec\/#primaryimage"},"thumbnailUrl":"https:\/\/www.planhub.ca\/blog\/wp-content\/uploads\/2025\/02\/The-Last-Of-Us-Part.jpg","articleSection":["Articles","T\u00e9l\u00e9vision"],"inLanguage":"fr-CA"},{"@type":"WebPage","@id":"https:\/\/www.planhub.ca\/blog\/fr\/ou-regarder-the-last-of-us-part-2-au-canada-et-au-quebec\/","url":"https:\/\/www.planhub.ca\/blog\/fr\/ou-regarder-the-last-of-us-part-2-au-canada-et-au-quebec\/","name":"O\u00f9 regarder the Last of Us Part 2 au Canada et au Qu\u00e9bec ? | PlanHub.ca","isPartOf":{"@id":"https:\/\/www.planhub.ca\/blog\/fr\/#website"},"primaryImageOfPage":{"@id":"https:\/\/www.planhub.ca\/blog\/fr\/ou-regarder-the-last-of-us-part-2-au-canada-et-au-quebec\/#primaryimage"},"image":{"@id":"https:\/\/www.planhub.ca\/blog\/fr\/ou-regarder-the-last-of-us-part-2-au-canada-et-au-quebec\/#primaryimage"},"thumbnailUrl":"https:\/\/www.planhub.ca\/blog\/wp-content\/uploads\/2025\/02\/The-Last-Of-Us-Part.jpg","datePublished":"2025-04-08T15:05:02+00:00","dateModified":"2025-09-22T14:25:29+00:00","description":"La deuxi\u00e8me saison tant attendue de The Last of Us a enfin une date de lancement officielle au Canada et au Qu\u00e9bec.","breadcrumb":{"@id":"https:\/\/www.planhub.ca\/blog\/fr\/ou-regarder-the-last-of-us-part-2-au-canada-et-au-quebec\/#breadcrumb"},"inLanguage":"fr-CA","potentialAction":[{"@type":"ReadAction","target":["https:\/\/www.planhub.ca\/blog\/fr\/ou-regarder-the-last-of-us-part-2-au-canada-et-au-quebec\/"]}]},{"@type":"ImageObject","inLanguage":"fr-CA","@id":"https:\/\/www.planhub.ca\/blog\/fr\/ou-regarder-the-last-of-us-part-2-au-canada-et-au-quebec\/#primaryimage","url":"https:\/\/www.planhub.ca\/blog\/wp-content\/uploads\/2025\/02\/The-Last-Of-Us-Part.jpg","contentUrl":"https:\/\/www.planhub.ca\/blog\/wp-content\/uploads\/2025\/02\/The-Last-Of-Us-Part.jpg","width":1200,"height":675},{"@type":"BreadcrumbList","@id":"https:\/\/www.planhub.ca\/blog\/fr\/ou-regarder-the-last-of-us-part-2-au-canada-et-au-quebec\/#breadcrumb","itemListElement":[{"@type":"ListItem","position":1,"name":"Home","item":"https:\/\/www.planhub.ca\/blog\/fr\/"},{"@type":"ListItem","position":2,"name":"T\u00e9l\u00e9vision","item":"https:\/\/www.planhub.ca\/blog\/fr\/category\/television-fr\/"},{"@type":"ListItem","position":3,"name":"O\u00f9 regarder the Last of Us Part 2 au Canada et au Qu\u00e9bec ?"}]},{"@type":"WebSite","@id":"https:\/\/www.planhub.ca\/blog\/fr\/#website","url":"https:\/\/www.planhub.ca\/blog\/fr\/","name":"PlanHub.ca The Blog - Promotions, Guides, News and more!","description":"PlanHub","publisher":{"@id":"https:\/\/www.planhub.ca\/blog\/fr\/#organization"},"alternateName":"PlanHub.ca The Blog","potentialAction":[{"@type":"SearchAction","target":{"@type":"EntryPoint","urlTemplate":"https:\/\/www.planhub.ca\/blog\/fr\/?s={search_term_string}"},"query-input":{"@type":"PropertyValueSpecification","valueRequired":true,"valueName":"search_term_string"}}],"inLanguage":"fr-CA"},{"@type":"Organization","@id":"https:\/\/www.planhub.ca\/blog\/fr\/#organization","name":"PlanHub.ca","alternateName":"PlanHub.ca","url":"https:\/\/www.planhub.ca\/blog\/fr\/","logo":{"@type":"ImageObject","inLanguage":"fr-CA","@id":"https:\/\/www.planhub.ca\/blog\/fr\/#\/schema\/logo\/image\/","url":"https:\/\/www.planhub.ca\/blog\/wp-content\/uploads\/2024\/04\/logo_planhub_horizontal_vert-2-2.png","contentUrl":"https:\/\/www.planhub.ca\/blog\/wp-content\/uploads\/2024\/04\/logo_planhub_horizontal_vert-2-2.png","width":900,"height":360,"caption":"PlanHub.ca"},"image":{"@id":"https:\/\/www.planhub.ca\/blog\/fr\/#\/schema\/logo\/image\/"},"sameAs":["https:\/\/www.facebook.com\/planhub.ca","https:\/\/x.com\/PlanHub_ca","https:\/\/ca.linkedin.com\/company\/planhub-ca"]},{"@type":"Person","@id":"https:\/\/www.planhub.ca\/blog\/fr\/#\/schema\/person\/0fc50c29fc70aed3bd0235a1a32ad741","name":"Youssef Amenzou","image":{"@type":"ImageObject","inLanguage":"fr-CA","@id":"https:\/\/secure.gravatar.com\/avatar\/40f83fbe450119ce3791627993ac342a9f2ba2466443d8537eb15362417fa0e6?s=96&d=blank&r=g","url":"https:\/\/secure.gravatar.com\/avatar\/40f83fbe450119ce3791627993ac342a9f2ba2466443d8537eb15362417fa0e6?s=96&d=blank&r=g","contentUrl":"https:\/\/secure.gravatar.com\/avatar\/40f83fbe450119ce3791627993ac342a9f2ba2466443d8537eb15362417fa0e6?s=96&d=blank&r=g","caption":"Youssef Amenzou"},"description":"A true Swiss army knife, Youssef has a fairly wide range of skills. Officially Growth Manager, he is also involved in the production of content for the site and the presence of planhub on social networks. Here, Youssef dissects all the mobile and internet news for you.","sameAs":["https:\/\/www.linkedin.com\/in\/youssef-amenzou-9b9289104\/","https:\/\/www.instagram.com\/yamenzou_gaming\/"],"url":"https:\/\/www.planhub.ca\/blog\/fr\/author\/youssef\/"}]}},"_links":{"self":[{"href":"https:\/\/www.planhub.ca\/blog\/fr\/wp-json\/wp\/v2\/posts\/20534","targetHints":{"allow":["GET"]}}],"collection":[{"href":"https:\/\/www.planhub.ca\/blog\/fr\/wp-json\/wp\/v2\/posts"}],"about":[{"href":"https:\/\/www.planhub.ca\/blog\/fr\/wp-json\/wp\/v2\/types\/post"}],"author":[{"embeddable":true,"href":"https:\/\/www.planhub.ca\/blog\/fr\/wp-json\/wp\/v2\/users\/39"}],"replies":[{"embeddable":true,"href":"https:\/\/www.planhub.ca\/blog\/fr\/wp-json\/wp\/v2\/comments?post=20534"}],"version-history":[{"count":17,"href":"https:\/\/www.planhub.ca\/blog\/fr\/wp-json\/wp\/v2\/posts\/20534\/revisions"}],"predecessor-version":[{"id":24635,"href":"https:\/\/www.planhub.ca\/blog\/fr\/wp-json\/wp\/v2\/posts\/20534\/revisions\/24635"}],"wp:featuredmedia":[{"embeddable":true,"href":"https:\/\/www.planhub.ca\/blog\/fr\/wp-json\/wp\/v2\/media\/20548"}],"wp:attachment":[{"href":"https:\/\/www.planhub.ca\/blog\/fr\/wp-json\/wp\/v2\/media?parent=20534"}],"wp:term":[{"taxonomy":"category","embeddable":true,"href":"https:\/\/www.planhub.ca\/blog\/fr\/wp-json\/wp\/v2\/categories?post=20534"},{"taxonomy":"post_tag","embeddable":true,"href":"https:\/\/www.planhub.ca\/blog\/fr\/wp-json\/wp\/v2\/tags?post=20534"}],"curies":[{"name":"wp","href":"https:\/\/api.w.org\/{rel}","templated":true}]}}