{"id":24072,"date":"2025-09-08T07:57:10","date_gmt":"2025-09-08T12:57:10","guid":{"rendered":"https:\/\/www.planhub.ca\/blog\/?p=24072"},"modified":"2025-09-08T08:01:30","modified_gmt":"2025-09-08T13:01:30","slug":"iphone-17-apple-prepare-une-revolution-photo-et-thermique","status":"publish","type":"post","link":"https:\/\/www.planhub.ca\/blog\/fr\/iphone-17-apple-prepare-une-revolution-photo-et-thermique\/","title":{"rendered":"iPhone 17 : Apple pr\u00e9pare une r\u00e9volution photo et thermique"},"content":{"rendered":"\t\t<div data-elementor-type=\"wp-post\" data-elementor-id=\"24072\" class=\"elementor elementor-24072\" data-elementor-post-type=\"post\">\n\t\t\t\t<div class=\"elementor-element elementor-element-bde17af e-flex e-con-boxed e-con e-parent\" data-id=\"bde17af\" data-element_type=\"container\" data-e-type=\"container\">\n\t\t\t\t\t<div class=\"e-con-inner\">\n\t\t\t\t<div class=\"elementor-element elementor-element-6dd749a elementor-widget elementor-widget-text-editor\" data-id=\"6dd749a\" data-element_type=\"widget\" data-e-type=\"widget\" data-widget_type=\"text-editor.default\">\n\t\t\t\t<div class=\"elementor-widget-container\">\n\t\t\t\t\t\t\t\t\t<p>Les fuites sur <b>l&rsquo;iPhone 17 <\/b>se pr\u00e9cisent. Cette fois, c&rsquo;est un document officiel d&rsquo;un op\u00e9rateur sud-cor\u00e9en qui livre les secrets de la prochaine gamme Apple. Et autant le dire : les changements s&rsquo;annoncent substantiels, surtout du c\u00f4t\u00e9 photo.<\/p>\t\t\t\t\t\t\t\t<\/div>\n\t\t\t\t<\/div>\n\t\t\t\t\t<\/div>\n\t\t\t\t<\/div>\n\t\t<div class=\"elementor-element elementor-element-9e29a31 e-flex e-con-boxed e-con e-parent\" data-id=\"9e29a31\" data-element_type=\"container\" data-e-type=\"container\" data-settings=\"{&quot;background_background&quot;:&quot;classic&quot;}\">\n\t\t\t\t\t<div class=\"e-con-inner\">\n\t\t<div class=\"elementor-element elementor-element-14798a5 e-con-full e-flex e-con e-child\" data-id=\"14798a5\" data-element_type=\"container\" data-e-type=\"container\">\n\t\t\t\t<div class=\"elementor-element elementor-element-713c43f elementor-widget elementor-widget-image\" data-id=\"713c43f\" data-element_type=\"widget\" data-e-type=\"widget\" data-widget_type=\"image.default\">\n\t\t\t\t<div class=\"elementor-widget-container\">\n\t\t\t\t\t\t\t\t\t\t\t\t\t\t\t<img fetchpriority=\"high\" decoding=\"async\" width=\"800\" height=\"799\" src=\"https:\/\/www.planhub.ca\/blog\/wp-content\/uploads\/2024\/11\/customer_focus-1-1-1.png\" class=\"attachment-large size-large wp-image-18965\" alt=\"\" srcset=\"https:\/\/www.planhub.ca\/blog\/wp-content\/uploads\/2024\/11\/customer_focus-1-1-1.png 852w, https:\/\/www.planhub.ca\/blog\/wp-content\/uploads\/2024\/11\/customer_focus-1-1-1-300x300.png 300w, https:\/\/www.planhub.ca\/blog\/wp-content\/uploads\/2024\/11\/customer_focus-1-1-1-150x150.png 150w, https:\/\/www.planhub.ca\/blog\/wp-content\/uploads\/2024\/11\/customer_focus-1-1-1-768x767.png 768w\" sizes=\"(max-width: 800px) 100vw, 800px\" \/>\t\t\t\t\t\t\t\t\t\t\t\t\t\t\t<\/div>\n\t\t\t\t<\/div>\n\t\t\t\t<\/div>\n\t\t<div class=\"elementor-element elementor-element-d7d5396 e-con-full e-flex e-con e-child\" data-id=\"d7d5396\" data-element_type=\"container\" data-e-type=\"container\">\n\t\t\t\t<div class=\"elementor-element elementor-element-787d57b elementor-widget elementor-widget-heading\" data-id=\"787d57b\" data-element_type=\"widget\" data-e-type=\"widget\" data-widget_type=\"heading.default\">\n\t\t\t\t<div class=\"elementor-widget-container\">\n\t\t\t\t\t<h3 class=\"elementor-heading-title elementor-size-default\">Trouvez sur PlanHub.ca le forfait cellulaire r\u00e9pondant \u00e0 vos besoins et votre budget ! <\/h3>\t\t\t\t<\/div>\n\t\t\t\t<\/div>\n\t\t\t\t<div class=\"elementor-element elementor-element-10eb2b7 elementor-align-center elementor-widget elementor-widget-button\" data-id=\"10eb2b7\" data-element_type=\"widget\" data-e-type=\"widget\" data-widget_type=\"button.default\">\n\t\t\t\t<div class=\"elementor-widget-container\">\n\t\t\t\t\t\t\t\t\t<div class=\"elementor-button-wrapper\">\n\t\t\t\t\t<a class=\"elementor-button elementor-button-link elementor-size-sm\" href=\"https:\/\/www.planhub.ca\/question\/?locale=fr&#038;scenarioType=decision&#038;referrer=https%3A%2F%2Fwww.planhub.ca%2Ffr\">\n\t\t\t\t\t\t<span class=\"elementor-button-content-wrapper\">\n\t\t\t\t\t\t\t\t\t<span class=\"elementor-button-text\">Cliquez ici<\/span>\n\t\t\t\t\t<\/span>\n\t\t\t\t\t<\/a>\n\t\t\t\t<\/div>\n\t\t\t\t\t\t\t\t<\/div>\n\t\t\t\t<\/div>\n\t\t\t\t<\/div>\n\t\t\t\t\t<\/div>\n\t\t\t\t<\/div>\n\t\t<div class=\"elementor-element elementor-element-c0dd236 e-flex e-con-boxed e-con e-parent\" data-id=\"c0dd236\" data-element_type=\"container\" data-e-type=\"container\">\n\t\t\t\t\t<div class=\"e-con-inner\">\n\t\t\t\t<div class=\"elementor-element elementor-element-4b56b4e elementor-widget elementor-widget-heading\" data-id=\"4b56b4e\" data-element_type=\"widget\" data-e-type=\"widget\" data-widget_type=\"heading.default\">\n\t\t\t\t<div class=\"elementor-widget-container\">\n\t\t\t\t\t<h2 class=\"elementor-heading-title elementor-size-default\">La photo enfin d\u00e9mocratis\u00e9e sur les mod\u00e8les Pro\n<\/h2>\t\t\t\t<\/div>\n\t\t\t\t<\/div>\n\t\t\t\t\t<\/div>\n\t\t\t\t<\/div>\n\t\t<div class=\"elementor-element elementor-element-e82844b e-flex e-con-boxed e-con e-parent\" data-id=\"e82844b\" data-element_type=\"container\" data-e-type=\"container\">\n\t\t\t\t\t<div class=\"e-con-inner\">\n\t\t\t\t<div class=\"elementor-element elementor-element-af05567 elementor-widget elementor-widget-text-editor\" data-id=\"af05567\" data-element_type=\"widget\" data-e-type=\"widget\" data-widget_type=\"text-editor.default\">\n\t\t\t\t<div class=\"elementor-widget-container\">\n\t\t\t\t\t\t\t\t\t<p>Fini les frustrations entre iPhone Pro et Pro Max : Apple g\u00e9n\u00e9ralise enfin les m\u00eames capacit\u00e9s photo sur ses deux mod\u00e8les haut de gamme. Concr\u00e8tement, les deux versions embarqueront un triple capteur 48 MP, avec notamment ce fameux t\u00e9l\u00e9objectif 8x qui fait tant parler.<br \/>Mais attention aux effets d&rsquo;annonce. Plusieurs experts pointent d\u00e9j\u00e0 du doigt cette promesse de zoom 8x, soup\u00e7onnant du recadrage num\u00e9rique d\u00e9guis\u00e9. <i><b>\u00ab\u00a0Apple a d\u00e9j\u00e0 cette habitude avec ses focales interm\u00e9diaires\u00a0\u00bb<\/b><\/i>, rappelle un utilisateur averti sur les r\u00e9seaux sociaux. La fronti\u00e8re entre optique et num\u00e9rique devient d\u00e9cid\u00e9ment floue.<\/p>\t\t\t\t\t\t\t\t<\/div>\n\t\t\t\t<\/div>\n\t\t\t\t\t<\/div>\n\t\t\t\t<\/div>\n\t\t<div class=\"elementor-element elementor-element-f462e80 e-flex e-con-boxed e-con e-parent\" data-id=\"f462e80\" data-element_type=\"container\" data-e-type=\"container\">\n\t\t\t\t\t<div class=\"e-con-inner\">\n\t\t\t\t<div class=\"elementor-element elementor-element-78de4d5 elementor-widget elementor-widget-heading\" data-id=\"78de4d5\" data-element_type=\"widget\" data-e-type=\"widget\" data-widget_type=\"heading.default\">\n\t\t\t\t<div class=\"elementor-widget-container\">\n\t\t\t\t\t<h2 class=\"elementor-heading-title elementor-size-default\">Refroidissement : Apple rattrape enfin son retard<\/h2>\t\t\t\t<\/div>\n\t\t\t\t<\/div>\n\t\t\t\t\t<\/div>\n\t\t\t\t<\/div>\n\t\t<div class=\"elementor-element elementor-element-39230d2 e-flex e-con-boxed e-con e-parent\" data-id=\"39230d2\" data-element_type=\"container\" data-e-type=\"container\">\n\t\t\t\t\t<div class=\"e-con-inner\">\n\t\t\t\t<div class=\"elementor-element elementor-element-53eef37 elementor-widget elementor-widget-text-editor\" data-id=\"53eef37\" data-element_type=\"widget\" data-e-type=\"widget\" data-widget_type=\"text-editor.default\">\n\t\t\t\t<div class=\"elementor-widget-container\">\n\t\t\t\t\t\t\t\t\t<p>Plus int\u00e9ressant encore, les mod\u00e8les Pro b\u00e9n\u00e9ficieront d&rsquo;un syst\u00e8me de refroidissement par chambre \u00e0 vapeur. Une premi\u00e8re chez Apple, qui accusait un retard certain face \u00e0 la concurrence Android sur ce point. L&rsquo;objectif ? Maintenir les performances m\u00eame lors des sessions gaming intensives ou du montage vid\u00e9o 8K.<br \/>Revers de la m\u00e9daille : seuls les Pro y auront droit. Les iPhone 17 classique et le nouveau mod\u00e8le Air devront se contenter de batteries<b><i> \u00ab\u00a0haute densit\u00e9\u00a0\u00bb<\/i><\/b> pour compenser.<\/p>\t\t\t\t\t\t\t\t<\/div>\n\t\t\t\t<\/div>\n\t\t\t\t\t<\/div>\n\t\t\t\t<\/div>\n\t\t<div class=\"elementor-element elementor-element-050c9d6 e-flex e-con-boxed e-con e-parent\" data-id=\"050c9d6\" data-element_type=\"container\" data-e-type=\"container\">\n\t\t\t\t\t<div class=\"e-con-inner\">\n\t\t\t\t<div class=\"elementor-element elementor-element-bebf0c7 elementor-widget elementor-widget-heading\" data-id=\"bebf0c7\" data-element_type=\"widget\" data-e-type=\"widget\" data-widget_type=\"heading.default\">\n\t\t\t\t<div class=\"elementor-widget-container\">\n\t\t\t\t\t<h2 class=\"elementor-heading-title elementor-size-default\">Performance et autonomie : la course aux chiffres continue\n<\/h2>\t\t\t\t<\/div>\n\t\t\t\t<\/div>\n\t\t\t\t\t<\/div>\n\t\t\t\t<\/div>\n\t\t<div class=\"elementor-element elementor-element-5a7d117 e-flex e-con-boxed e-con e-parent\" data-id=\"5a7d117\" data-element_type=\"container\" data-e-type=\"container\">\n\t\t\t\t\t<div class=\"e-con-inner\">\n\t\t\t\t<div class=\"elementor-element elementor-element-24b6244 elementor-widget elementor-widget-text-editor\" data-id=\"24b6244\" data-element_type=\"widget\" data-e-type=\"widget\" data-widget_type=\"text-editor.default\">\n\t\t\t\t<div class=\"elementor-widget-container\">\n\t\t\t\t\t\t\t\t\t<p>C\u00f4t\u00e9 processeur, <b>Apple<\/b> maintient sa strat\u00e9gie habituelle : A19 avec 8 GB de RAM pour les mod\u00e8les standard, A19 Pro avec 12 GB pour les versions premium. Rien de r\u00e9volutionnaire, mais une \u00e9volution logique.<br \/>L&rsquo;autonomie, elle, progresse de mani\u00e8re in\u00e9gale. Le Pro Max fait le grand bond avec 5 000 mAh (+7%), tandis que l&rsquo;iPhone 17 de base stagne \u00e0 3 600 mAh (+1% seulement). De quoi alimenter les d\u00e9bats sur les priorit\u00e9s d&rsquo;Apple.<\/p><p>Reste que cette fuite, aussi d\u00e9taill\u00e9e soit-elle, demande prudence. Une partie du document cor\u00e9en reste illisible, et l&rsquo;analyse repose largement sur l&rsquo;interpr\u00e9tation d&rsquo;un YouTubeur, aussi comp\u00e9tent soit-il.<\/p><p><br \/>Si ces informations se confirment, Apple semble opter pour une strat\u00e9gie d&rsquo;am\u00e9lioration technique plut\u00f4t que de r\u00e9volution marketing. Une approche plus mature qui pourrait s\u00e9duire un public lass\u00e9 des effets d&rsquo;annonce.<\/p><p>\u00a0<\/p>\t\t\t\t\t\t\t\t<\/div>\n\t\t\t\t<\/div>\n\t\t\t\t\t<\/div>\n\t\t\t\t<\/div>\n\t\t\t\t<\/div>\n\t\t","protected":false},"excerpt":{"rendered":"<p>Les fuites sur l&rsquo;iPhone 17 se pr\u00e9cisent. Cette fois, c&rsquo;est un document officiel d&rsquo;un op\u00e9rateur sud-cor\u00e9en qui livre les secrets de la prochaine gamme Apple. Et autant le dire : les changements s&rsquo;annoncent substantiels, surtout du c\u00f4t\u00e9 photo. Trouvez sur PlanHub.ca le forfait cellulaire r\u00e9pondant \u00e0 vos besoins et votre budget ! Cliquez ici La [&hellip;]<\/p>\n","protected":false},"author":39,"featured_media":17821,"comment_status":"closed","ping_status":"closed","sticky":false,"template":"","format":"standard","meta":{"_acf_changed":false,"footnotes":""},"categories":[487],"tags":[],"class_list":["post-24072","post","type-post","status-publish","format-standard","has-post-thumbnail","hentry","category-mobile"],"acf":[],"yoast_head":"<!-- This site is optimized with the Yoast SEO plugin v28.3 - https:\/\/yoast.com\/product\/yoast-seo-wordpress\/ -->\n<title>iPhone 17 : Apple pr\u00e9pare une r\u00e9volution photo et thermique | PlanHub.ca<\/title>\n<meta name=\"description\" content=\"Cette fois, c&#039;est un document officiel d&#039;un op\u00e9rateur sud-cor\u00e9en qui livre les secrets de la prochaine gamme de l&#039;iPhone 17.\" \/>\n<meta name=\"robots\" content=\"index, follow, max-snippet:-1, max-image-preview:large, max-video-preview:-1\" \/>\n<link rel=\"canonical\" href=\"https:\/\/www.planhub.ca\/blog\/fr\/iphone-17-apple-prepare-une-revolution-photo-et-thermique\/\" \/>\n<meta property=\"og:locale\" content=\"fr_CA\" \/>\n<meta property=\"og:type\" content=\"article\" \/>\n<meta property=\"og:title\" content=\"iPhone 17 : Apple pr\u00e9pare une r\u00e9volution photo et thermique | PlanHub.ca\" \/>\n<meta property=\"og:description\" content=\"Cette fois, c&#039;est un document officiel d&#039;un op\u00e9rateur sud-cor\u00e9en qui livre les secrets de la prochaine gamme de l&#039;iPhone 17.\" \/>\n<meta property=\"og:url\" content=\"https:\/\/www.planhub.ca\/blog\/fr\/iphone-17-apple-prepare-une-revolution-photo-et-thermique\/\" \/>\n<meta property=\"og:site_name\" content=\"Le Blogue - Promotions, Guides, Nouvelles et plus!\" \/>\n<meta property=\"article:publisher\" content=\"https:\/\/www.facebook.com\/planhub.ca\" \/>\n<meta property=\"article:author\" content=\"https:\/\/www.linkedin.com\/in\/youssef-amenzou-9b9289104\/\" \/>\n<meta property=\"article:published_time\" content=\"2025-09-08T12:57:10+00:00\" \/>\n<meta property=\"article:modified_time\" content=\"2025-09-08T13:01:30+00:00\" \/>\n<meta property=\"og:image\" content=\"https:\/\/www.planhub.ca\/blog\/wp-content\/uploads\/2024\/01\/Iphone-16.jpg\" \/>\n\t<meta property=\"og:image:width\" content=\"1200\" \/>\n\t<meta property=\"og:image:height\" content=\"675\" \/>\n\t<meta property=\"og:image:type\" content=\"image\/jpeg\" \/>\n<meta name=\"author\" content=\"Youssef Amenzou\" \/>\n<meta name=\"twitter:card\" content=\"summary_large_image\" \/>\n<meta name=\"twitter:creator\" content=\"@PlanHub_ca\" \/>\n<meta name=\"twitter:site\" content=\"@PlanHub_ca\" \/>\n<meta name=\"twitter:label1\" content=\"\u00c9crit par\" \/>\n\t<meta name=\"twitter:data1\" content=\"Youssef Amenzou\" \/>\n\t<meta name=\"twitter:label2\" content=\"Estimation du temps de lecture\" \/>\n\t<meta name=\"twitter:data2\" content=\"3 minutes\" \/>\n<script type=\"application\/ld+json\" class=\"yoast-schema-graph\">{\"@context\":\"https:\\\/\\\/schema.org\",\"@graph\":[{\"@type\":\"Article\",\"@id\":\"https:\\\/\\\/www.planhub.ca\\\/blog\\\/fr\\\/iphone-17-apple-prepare-une-revolution-photo-et-thermique\\\/#article\",\"isPartOf\":{\"@id\":\"https:\\\/\\\/www.planhub.ca\\\/blog\\\/fr\\\/iphone-17-apple-prepare-une-revolution-photo-et-thermique\\\/\"},\"author\":{\"name\":\"Youssef Amenzou\",\"@id\":\"https:\\\/\\\/www.planhub.ca\\\/blog\\\/fr\\\/#\\\/schema\\\/person\\\/0fc50c29fc70aed3bd0235a1a32ad741\"},\"headline\":\"iPhone 17 : Apple pr\u00e9pare une r\u00e9volution photo et thermique\",\"datePublished\":\"2025-09-08T12:57:10+00:00\",\"dateModified\":\"2025-09-08T13:01:30+00:00\",\"mainEntityOfPage\":{\"@id\":\"https:\\\/\\\/www.planhub.ca\\\/blog\\\/fr\\\/iphone-17-apple-prepare-une-revolution-photo-et-thermique\\\/\"},\"wordCount\":435,\"publisher\":{\"@id\":\"https:\\\/\\\/www.planhub.ca\\\/blog\\\/fr\\\/#organization\"},\"image\":{\"@id\":\"https:\\\/\\\/www.planhub.ca\\\/blog\\\/fr\\\/iphone-17-apple-prepare-une-revolution-photo-et-thermique\\\/#primaryimage\"},\"thumbnailUrl\":\"https:\\\/\\\/www.planhub.ca\\\/blog\\\/wp-content\\\/uploads\\\/2024\\\/01\\\/Iphone-16.jpg\",\"articleSection\":[\"Mobile\"],\"inLanguage\":\"fr-CA\"},{\"@type\":\"WebPage\",\"@id\":\"https:\\\/\\\/www.planhub.ca\\\/blog\\\/fr\\\/iphone-17-apple-prepare-une-revolution-photo-et-thermique\\\/\",\"url\":\"https:\\\/\\\/www.planhub.ca\\\/blog\\\/fr\\\/iphone-17-apple-prepare-une-revolution-photo-et-thermique\\\/\",\"name\":\"iPhone 17 : Apple pr\u00e9pare une r\u00e9volution photo et thermique | PlanHub.ca\",\"isPartOf\":{\"@id\":\"https:\\\/\\\/www.planhub.ca\\\/blog\\\/fr\\\/#website\"},\"primaryImageOfPage\":{\"@id\":\"https:\\\/\\\/www.planhub.ca\\\/blog\\\/fr\\\/iphone-17-apple-prepare-une-revolution-photo-et-thermique\\\/#primaryimage\"},\"image\":{\"@id\":\"https:\\\/\\\/www.planhub.ca\\\/blog\\\/fr\\\/iphone-17-apple-prepare-une-revolution-photo-et-thermique\\\/#primaryimage\"},\"thumbnailUrl\":\"https:\\\/\\\/www.planhub.ca\\\/blog\\\/wp-content\\\/uploads\\\/2024\\\/01\\\/Iphone-16.jpg\",\"datePublished\":\"2025-09-08T12:57:10+00:00\",\"dateModified\":\"2025-09-08T13:01:30+00:00\",\"description\":\"Cette fois, c'est un document officiel d'un op\u00e9rateur sud-cor\u00e9en qui livre les secrets de la prochaine gamme de l'iPhone 17.\",\"breadcrumb\":{\"@id\":\"https:\\\/\\\/www.planhub.ca\\\/blog\\\/fr\\\/iphone-17-apple-prepare-une-revolution-photo-et-thermique\\\/#breadcrumb\"},\"inLanguage\":\"fr-CA\",\"potentialAction\":[{\"@type\":\"ReadAction\",\"target\":[\"https:\\\/\\\/www.planhub.ca\\\/blog\\\/fr\\\/iphone-17-apple-prepare-une-revolution-photo-et-thermique\\\/\"]}]},{\"@type\":\"ImageObject\",\"inLanguage\":\"fr-CA\",\"@id\":\"https:\\\/\\\/www.planhub.ca\\\/blog\\\/fr\\\/iphone-17-apple-prepare-une-revolution-photo-et-thermique\\\/#primaryimage\",\"url\":\"https:\\\/\\\/www.planhub.ca\\\/blog\\\/wp-content\\\/uploads\\\/2024\\\/01\\\/Iphone-16.jpg\",\"contentUrl\":\"https:\\\/\\\/www.planhub.ca\\\/blog\\\/wp-content\\\/uploads\\\/2024\\\/01\\\/Iphone-16.jpg\",\"width\":1200,\"height\":675,\"caption\":\"iPhone 17\"},{\"@type\":\"BreadcrumbList\",\"@id\":\"https:\\\/\\\/www.planhub.ca\\\/blog\\\/fr\\\/iphone-17-apple-prepare-une-revolution-photo-et-thermique\\\/#breadcrumb\",\"itemListElement\":[{\"@type\":\"ListItem\",\"position\":1,\"name\":\"Home\",\"item\":\"https:\\\/\\\/www.planhub.ca\\\/blog\\\/fr\\\/\"},{\"@type\":\"ListItem\",\"position\":2,\"name\":\"Mobile\",\"item\":\"https:\\\/\\\/www.planhub.ca\\\/blog\\\/fr\\\/category\\\/mobile-fr\\\/\"},{\"@type\":\"ListItem\",\"position\":3,\"name\":\"iPhone 17 : Apple pr\u00e9pare une r\u00e9volution photo et thermique\"}]},{\"@type\":\"WebSite\",\"@id\":\"https:\\\/\\\/www.planhub.ca\\\/blog\\\/fr\\\/#website\",\"url\":\"https:\\\/\\\/www.planhub.ca\\\/blog\\\/fr\\\/\",\"name\":\"PlanHub.ca The Blog - Promotions, Guides, News and more!\",\"description\":\"PlanHub\",\"publisher\":{\"@id\":\"https:\\\/\\\/www.planhub.ca\\\/blog\\\/fr\\\/#organization\"},\"alternateName\":\"PlanHub.ca The Blog\",\"potentialAction\":[{\"@type\":\"SearchAction\",\"target\":{\"@type\":\"EntryPoint\",\"urlTemplate\":\"https:\\\/\\\/www.planhub.ca\\\/blog\\\/fr\\\/?s={search_term_string}\"},\"query-input\":{\"@type\":\"PropertyValueSpecification\",\"valueRequired\":true,\"valueName\":\"search_term_string\"}}],\"inLanguage\":\"fr-CA\"},{\"@type\":\"Organization\",\"@id\":\"https:\\\/\\\/www.planhub.ca\\\/blog\\\/fr\\\/#organization\",\"name\":\"PlanHub.ca\",\"alternateName\":\"PlanHub.ca\",\"url\":\"https:\\\/\\\/www.planhub.ca\\\/blog\\\/fr\\\/\",\"logo\":{\"@type\":\"ImageObject\",\"inLanguage\":\"fr-CA\",\"@id\":\"https:\\\/\\\/www.planhub.ca\\\/blog\\\/fr\\\/#\\\/schema\\\/logo\\\/image\\\/\",\"url\":\"https:\\\/\\\/www.planhub.ca\\\/blog\\\/wp-content\\\/uploads\\\/2024\\\/04\\\/logo_planhub_horizontal_vert-2-2.png\",\"contentUrl\":\"https:\\\/\\\/www.planhub.ca\\\/blog\\\/wp-content\\\/uploads\\\/2024\\\/04\\\/logo_planhub_horizontal_vert-2-2.png\",\"width\":900,\"height\":360,\"caption\":\"PlanHub.ca\"},\"image\":{\"@id\":\"https:\\\/\\\/www.planhub.ca\\\/blog\\\/fr\\\/#\\\/schema\\\/logo\\\/image\\\/\"},\"sameAs\":[\"https:\\\/\\\/www.facebook.com\\\/planhub.ca\",\"https:\\\/\\\/x.com\\\/PlanHub_ca\",\"https:\\\/\\\/ca.linkedin.com\\\/company\\\/planhub-ca\"]},{\"@type\":\"Person\",\"@id\":\"https:\\\/\\\/www.planhub.ca\\\/blog\\\/fr\\\/#\\\/schema\\\/person\\\/0fc50c29fc70aed3bd0235a1a32ad741\",\"name\":\"Youssef Amenzou\",\"image\":{\"@type\":\"ImageObject\",\"inLanguage\":\"fr-CA\",\"@id\":\"https:\\\/\\\/secure.gravatar.com\\\/avatar\\\/40f83fbe450119ce3791627993ac342a9f2ba2466443d8537eb15362417fa0e6?s=96&d=blank&r=g\",\"url\":\"https:\\\/\\\/secure.gravatar.com\\\/avatar\\\/40f83fbe450119ce3791627993ac342a9f2ba2466443d8537eb15362417fa0e6?s=96&d=blank&r=g\",\"contentUrl\":\"https:\\\/\\\/secure.gravatar.com\\\/avatar\\\/40f83fbe450119ce3791627993ac342a9f2ba2466443d8537eb15362417fa0e6?s=96&d=blank&r=g\",\"caption\":\"Youssef Amenzou\"},\"description\":\"A true Swiss army knife, Youssef has a fairly wide range of skills. Officially Growth Manager, he is also involved in the production of content for the site and the presence of planhub on social networks. Here, Youssef dissects all the mobile and internet news for you.\",\"sameAs\":[\"https:\\\/\\\/www.linkedin.com\\\/in\\\/youssef-amenzou-9b9289104\\\/\",\"https:\\\/\\\/www.instagram.com\\\/yamenzou_gaming\\\/\"],\"url\":\"https:\\\/\\\/www.planhub.ca\\\/blog\\\/fr\\\/author\\\/youssef\\\/\"}]}<\/script>\n<!-- \/ Yoast SEO plugin. -->","yoast_head_json":{"title":"iPhone 17 : Apple pr\u00e9pare une r\u00e9volution photo et thermique | PlanHub.ca","description":"Cette fois, c'est un document officiel d'un op\u00e9rateur sud-cor\u00e9en qui livre les secrets de la prochaine gamme de l'iPhone 17.","robots":{"index":"index","follow":"follow","max-snippet":"max-snippet:-1","max-image-preview":"max-image-preview:large","max-video-preview":"max-video-preview:-1"},"canonical":"https:\/\/www.planhub.ca\/blog\/fr\/iphone-17-apple-prepare-une-revolution-photo-et-thermique\/","og_locale":"fr_CA","og_type":"article","og_title":"iPhone 17 : Apple pr\u00e9pare une r\u00e9volution photo et thermique | PlanHub.ca","og_description":"Cette fois, c'est un document officiel d'un op\u00e9rateur sud-cor\u00e9en qui livre les secrets de la prochaine gamme de l'iPhone 17.","og_url":"https:\/\/www.planhub.ca\/blog\/fr\/iphone-17-apple-prepare-une-revolution-photo-et-thermique\/","og_site_name":"Le Blogue - Promotions, Guides, Nouvelles et plus!","article_publisher":"https:\/\/www.facebook.com\/planhub.ca","article_author":"https:\/\/www.linkedin.com\/in\/youssef-amenzou-9b9289104\/","article_published_time":"2025-09-08T12:57:10+00:00","article_modified_time":"2025-09-08T13:01:30+00:00","og_image":[{"width":1200,"height":675,"url":"https:\/\/www.planhub.ca\/blog\/wp-content\/uploads\/2024\/01\/Iphone-16.jpg","type":"image\/jpeg"}],"author":"Youssef Amenzou","twitter_card":"summary_large_image","twitter_creator":"@PlanHub_ca","twitter_site":"@PlanHub_ca","twitter_misc":{"\u00c9crit par":"Youssef Amenzou","Estimation du temps de lecture":"3 minutes"},"schema":{"@context":"https:\/\/schema.org","@graph":[{"@type":"Article","@id":"https:\/\/www.planhub.ca\/blog\/fr\/iphone-17-apple-prepare-une-revolution-photo-et-thermique\/#article","isPartOf":{"@id":"https:\/\/www.planhub.ca\/blog\/fr\/iphone-17-apple-prepare-une-revolution-photo-et-thermique\/"},"author":{"name":"Youssef Amenzou","@id":"https:\/\/www.planhub.ca\/blog\/fr\/#\/schema\/person\/0fc50c29fc70aed3bd0235a1a32ad741"},"headline":"iPhone 17 : Apple pr\u00e9pare une r\u00e9volution photo et thermique","datePublished":"2025-09-08T12:57:10+00:00","dateModified":"2025-09-08T13:01:30+00:00","mainEntityOfPage":{"@id":"https:\/\/www.planhub.ca\/blog\/fr\/iphone-17-apple-prepare-une-revolution-photo-et-thermique\/"},"wordCount":435,"publisher":{"@id":"https:\/\/www.planhub.ca\/blog\/fr\/#organization"},"image":{"@id":"https:\/\/www.planhub.ca\/blog\/fr\/iphone-17-apple-prepare-une-revolution-photo-et-thermique\/#primaryimage"},"thumbnailUrl":"https:\/\/www.planhub.ca\/blog\/wp-content\/uploads\/2024\/01\/Iphone-16.jpg","articleSection":["Mobile"],"inLanguage":"fr-CA"},{"@type":"WebPage","@id":"https:\/\/www.planhub.ca\/blog\/fr\/iphone-17-apple-prepare-une-revolution-photo-et-thermique\/","url":"https:\/\/www.planhub.ca\/blog\/fr\/iphone-17-apple-prepare-une-revolution-photo-et-thermique\/","name":"iPhone 17 : Apple pr\u00e9pare une r\u00e9volution photo et thermique | PlanHub.ca","isPartOf":{"@id":"https:\/\/www.planhub.ca\/blog\/fr\/#website"},"primaryImageOfPage":{"@id":"https:\/\/www.planhub.ca\/blog\/fr\/iphone-17-apple-prepare-une-revolution-photo-et-thermique\/#primaryimage"},"image":{"@id":"https:\/\/www.planhub.ca\/blog\/fr\/iphone-17-apple-prepare-une-revolution-photo-et-thermique\/#primaryimage"},"thumbnailUrl":"https:\/\/www.planhub.ca\/blog\/wp-content\/uploads\/2024\/01\/Iphone-16.jpg","datePublished":"2025-09-08T12:57:10+00:00","dateModified":"2025-09-08T13:01:30+00:00","description":"Cette fois, c'est un document officiel d'un op\u00e9rateur sud-cor\u00e9en qui livre les secrets de la prochaine gamme de l'iPhone 17.","breadcrumb":{"@id":"https:\/\/www.planhub.ca\/blog\/fr\/iphone-17-apple-prepare-une-revolution-photo-et-thermique\/#breadcrumb"},"inLanguage":"fr-CA","potentialAction":[{"@type":"ReadAction","target":["https:\/\/www.planhub.ca\/blog\/fr\/iphone-17-apple-prepare-une-revolution-photo-et-thermique\/"]}]},{"@type":"ImageObject","inLanguage":"fr-CA","@id":"https:\/\/www.planhub.ca\/blog\/fr\/iphone-17-apple-prepare-une-revolution-photo-et-thermique\/#primaryimage","url":"https:\/\/www.planhub.ca\/blog\/wp-content\/uploads\/2024\/01\/Iphone-16.jpg","contentUrl":"https:\/\/www.planhub.ca\/blog\/wp-content\/uploads\/2024\/01\/Iphone-16.jpg","width":1200,"height":675,"caption":"iPhone 17"},{"@type":"BreadcrumbList","@id":"https:\/\/www.planhub.ca\/blog\/fr\/iphone-17-apple-prepare-une-revolution-photo-et-thermique\/#breadcrumb","itemListElement":[{"@type":"ListItem","position":1,"name":"Home","item":"https:\/\/www.planhub.ca\/blog\/fr\/"},{"@type":"ListItem","position":2,"name":"Mobile","item":"https:\/\/www.planhub.ca\/blog\/fr\/category\/mobile-fr\/"},{"@type":"ListItem","position":3,"name":"iPhone 17 : Apple pr\u00e9pare une r\u00e9volution photo et thermique"}]},{"@type":"WebSite","@id":"https:\/\/www.planhub.ca\/blog\/fr\/#website","url":"https:\/\/www.planhub.ca\/blog\/fr\/","name":"PlanHub.ca The Blog - Promotions, Guides, News and more!","description":"PlanHub","publisher":{"@id":"https:\/\/www.planhub.ca\/blog\/fr\/#organization"},"alternateName":"PlanHub.ca The Blog","potentialAction":[{"@type":"SearchAction","target":{"@type":"EntryPoint","urlTemplate":"https:\/\/www.planhub.ca\/blog\/fr\/?s={search_term_string}"},"query-input":{"@type":"PropertyValueSpecification","valueRequired":true,"valueName":"search_term_string"}}],"inLanguage":"fr-CA"},{"@type":"Organization","@id":"https:\/\/www.planhub.ca\/blog\/fr\/#organization","name":"PlanHub.ca","alternateName":"PlanHub.ca","url":"https:\/\/www.planhub.ca\/blog\/fr\/","logo":{"@type":"ImageObject","inLanguage":"fr-CA","@id":"https:\/\/www.planhub.ca\/blog\/fr\/#\/schema\/logo\/image\/","url":"https:\/\/www.planhub.ca\/blog\/wp-content\/uploads\/2024\/04\/logo_planhub_horizontal_vert-2-2.png","contentUrl":"https:\/\/www.planhub.ca\/blog\/wp-content\/uploads\/2024\/04\/logo_planhub_horizontal_vert-2-2.png","width":900,"height":360,"caption":"PlanHub.ca"},"image":{"@id":"https:\/\/www.planhub.ca\/blog\/fr\/#\/schema\/logo\/image\/"},"sameAs":["https:\/\/www.facebook.com\/planhub.ca","https:\/\/x.com\/PlanHub_ca","https:\/\/ca.linkedin.com\/company\/planhub-ca"]},{"@type":"Person","@id":"https:\/\/www.planhub.ca\/blog\/fr\/#\/schema\/person\/0fc50c29fc70aed3bd0235a1a32ad741","name":"Youssef Amenzou","image":{"@type":"ImageObject","inLanguage":"fr-CA","@id":"https:\/\/secure.gravatar.com\/avatar\/40f83fbe450119ce3791627993ac342a9f2ba2466443d8537eb15362417fa0e6?s=96&d=blank&r=g","url":"https:\/\/secure.gravatar.com\/avatar\/40f83fbe450119ce3791627993ac342a9f2ba2466443d8537eb15362417fa0e6?s=96&d=blank&r=g","contentUrl":"https:\/\/secure.gravatar.com\/avatar\/40f83fbe450119ce3791627993ac342a9f2ba2466443d8537eb15362417fa0e6?s=96&d=blank&r=g","caption":"Youssef Amenzou"},"description":"A true Swiss army knife, Youssef has a fairly wide range of skills. Officially Growth Manager, he is also involved in the production of content for the site and the presence of planhub on social networks. Here, Youssef dissects all the mobile and internet news for you.","sameAs":["https:\/\/www.linkedin.com\/in\/youssef-amenzou-9b9289104\/","https:\/\/www.instagram.com\/yamenzou_gaming\/"],"url":"https:\/\/www.planhub.ca\/blog\/fr\/author\/youssef\/"}]}},"_links":{"self":[{"href":"https:\/\/www.planhub.ca\/blog\/fr\/wp-json\/wp\/v2\/posts\/24072","targetHints":{"allow":["GET"]}}],"collection":[{"href":"https:\/\/www.planhub.ca\/blog\/fr\/wp-json\/wp\/v2\/posts"}],"about":[{"href":"https:\/\/www.planhub.ca\/blog\/fr\/wp-json\/wp\/v2\/types\/post"}],"author":[{"embeddable":true,"href":"https:\/\/www.planhub.ca\/blog\/fr\/wp-json\/wp\/v2\/users\/39"}],"replies":[{"embeddable":true,"href":"https:\/\/www.planhub.ca\/blog\/fr\/wp-json\/wp\/v2\/comments?post=24072"}],"version-history":[{"count":7,"href":"https:\/\/www.planhub.ca\/blog\/fr\/wp-json\/wp\/v2\/posts\/24072\/revisions"}],"predecessor-version":[{"id":24079,"href":"https:\/\/www.planhub.ca\/blog\/fr\/wp-json\/wp\/v2\/posts\/24072\/revisions\/24079"}],"wp:featuredmedia":[{"embeddable":true,"href":"https:\/\/www.planhub.ca\/blog\/fr\/wp-json\/wp\/v2\/media\/17821"}],"wp:attachment":[{"href":"https:\/\/www.planhub.ca\/blog\/fr\/wp-json\/wp\/v2\/media?parent=24072"}],"wp:term":[{"taxonomy":"category","embeddable":true,"href":"https:\/\/www.planhub.ca\/blog\/fr\/wp-json\/wp\/v2\/categories?post=24072"},{"taxonomy":"post_tag","embeddable":true,"href":"https:\/\/www.planhub.ca\/blog\/fr\/wp-json\/wp\/v2\/tags?post=24072"}],"curies":[{"name":"wp","href":"https:\/\/api.w.org\/{rel}","templated":true}]}}