{"id":24248,"date":"2025-09-09T15:32:07","date_gmt":"2025-09-09T20:32:07","guid":{"rendered":"https:\/\/www.planhub.ca\/blog\/?p=24248"},"modified":"2025-09-09T15:36:11","modified_gmt":"2025-09-09T20:36:11","slug":"iphone-air-apple-lance-un-smartphone-ultra-fin-de-56-mm","status":"publish","type":"post","link":"https:\/\/www.planhub.ca\/blog\/fr\/iphone-air-apple-lance-un-smartphone-ultra-fin-de-56-mm\/","title":{"rendered":"iPhone Air : Apple lance un smartphone ultra-fin de 5,6 mm"},"content":{"rendered":"\t\t<div data-elementor-type=\"wp-post\" data-elementor-id=\"24248\" class=\"elementor elementor-24248\" data-elementor-post-type=\"post\">\n\t\t\t\t<div class=\"elementor-element elementor-element-a4f33bb e-flex e-con-boxed e-con e-parent\" data-id=\"a4f33bb\" data-element_type=\"container\" data-e-type=\"container\">\n\t\t\t\t\t<div class=\"e-con-inner\">\n\t\t\t\t<div class=\"elementor-element elementor-element-27c7285 elementor-widget elementor-widget-text-editor\" data-id=\"27c7285\" data-element_type=\"widget\" data-e-type=\"widget\" data-widget_type=\"text-editor.default\">\n\t\t\t\t<div class=\"elementor-widget-container\">\n\t\t\t\t\t\t\t\t\t<p><strong>Apple<\/strong> a relev\u00e9 un d\u00e9fi que beaucoup jugeaient impossible : cr\u00e9er un smartphone fonctionnel de seulement 5,6 millim\u00e8tres d&rsquo;\u00e9paisseur.<\/p><p><strong>L&rsquo;iPhone Air<\/strong>, pr\u00e9sent\u00e9 aujourd\u2019hui lors de la keynote annuelle de la firme, repr\u00e9sente une v\u00e9ritable prouesse technique qui questionne nos habitudes d&rsquo;usage.<\/p><p>Cette finesse extr\u00eame n&rsquo;est pas le fruit du hasard. Les ing\u00e9nieurs de Cupertino ont compl\u00e8tement repens\u00e9 l&rsquo;architecture interne du smartphone. La solution trouv\u00e9e est aussi \u00e9l\u00e9gante qu&rsquo;efficace : utiliser le volume de la bosse photographique pour loger une partie de l&rsquo;\u00e9lectronique. Cette redistribution lib\u00e8re un espace pr\u00e9cieux dans le corps principal pour accueillir une batterie dimensionn\u00e9e correctement.<\/p>\t\t\t\t\t\t\t\t<\/div>\n\t\t\t\t<\/div>\n\t\t\t\t\t<\/div>\n\t\t\t\t<\/div>\n\t\t<div class=\"elementor-element elementor-element-85f33cd e-flex e-con-boxed e-con e-parent\" data-id=\"85f33cd\" data-element_type=\"container\" data-e-type=\"container\">\n\t\t\t\t\t<div class=\"e-con-inner\">\n\t\t\t\t<div class=\"elementor-element elementor-element-72b2c9c elementor-widget elementor-widget-heading\" data-id=\"72b2c9c\" data-element_type=\"widget\" data-e-type=\"widget\" data-widget_type=\"heading.default\">\n\t\t\t\t<div class=\"elementor-widget-container\">\n\t\t\t\t\t<h2 class=\"elementor-heading-title elementor-size-default\">La r\u00e9sistance n'est pas sacrifi\u00e9e\n<\/h2>\t\t\t\t<\/div>\n\t\t\t\t<\/div>\n\t\t\t\t\t<\/div>\n\t\t\t\t<\/div>\n\t\t<div class=\"elementor-element elementor-element-ee6ed43 e-flex e-con-boxed e-con e-parent\" data-id=\"ee6ed43\" data-element_type=\"container\" data-e-type=\"container\">\n\t\t\t\t\t<div class=\"e-con-inner\">\n\t\t\t\t<div class=\"elementor-element elementor-element-8df49b6 elementor-widget elementor-widget-text-editor\" data-id=\"8df49b6\" data-element_type=\"widget\" data-e-type=\"widget\" data-widget_type=\"text-editor.default\">\n\t\t\t\t<div class=\"elementor-widget-container\">\n\t\t\t\t\t\t\t\t\t<p>Face aux inqui\u00e9tudes l\u00e9gitimes sur la solidit\u00e9 d&rsquo;un appareil si fin, Apple r\u00e9pond par les faits. Le nouveau Ceramic Shield, \u00e9tendu pour la premi\u00e8re fois \u00e0 la face arri\u00e8re, multiplie par quatre la r\u00e9sistance aux fissures. Cette \u00e9volution mat\u00e9rielle t\u00e9moigne des le\u00e7ons apprises sur les g\u00e9n\u00e9rations pr\u00e9c\u00e9dentes.<\/p><p>L&rsquo;\u00e9cran ProMotion de 6,5 pouces conserve toutes les caract\u00e9ristiques premium : rafra\u00eechissement variable jusqu&rsquo;\u00e0 120 Hz et pic de luminosit\u00e9 de 3 000 nits. Apple d\u00e9mocratise ainsi des technologies jusqu&rsquo;alors r\u00e9serv\u00e9es \u00e0 ses mod\u00e8les les plus on\u00e9reux.<\/p>\t\t\t\t\t\t\t\t<\/div>\n\t\t\t\t<\/div>\n\t\t\t\t\t<\/div>\n\t\t\t\t<\/div>\n\t\t<div class=\"elementor-element elementor-element-da09637 e-flex e-con-boxed e-con e-parent\" data-id=\"da09637\" data-element_type=\"container\" data-e-type=\"container\">\n\t\t\t\t\t<div class=\"e-con-inner\">\n\t\t\t\t<div class=\"elementor-element elementor-element-be39057 elementor-widget elementor-widget-heading\" data-id=\"be39057\" data-element_type=\"widget\" data-e-type=\"widget\" data-widget_type=\"heading.default\">\n\t\t\t\t<div class=\"elementor-widget-container\">\n\t\t\t\t\t<h2 class=\"elementor-heading-title elementor-size-default\">Une efficacit\u00e9 \u00e9nerg\u00e9tique cruciale<\/h2>\t\t\t\t<\/div>\n\t\t\t\t<\/div>\n\t\t\t\t\t<\/div>\n\t\t\t\t<\/div>\n\t\t<div class=\"elementor-element elementor-element-43d3c29 e-flex e-con-boxed e-con e-parent\" data-id=\"43d3c29\" data-element_type=\"container\" data-e-type=\"container\">\n\t\t\t\t\t<div class=\"e-con-inner\">\n\t\t\t\t<div class=\"elementor-element elementor-element-5597294 elementor-widget elementor-widget-text-editor\" data-id=\"5597294\" data-element_type=\"widget\" data-e-type=\"widget\" data-widget_type=\"text-editor.default\">\n\t\t\t\t<div class=\"elementor-widget-container\">\n\t\t\t\t\t\t\t\t\t<p>Le processeur A19 Pro qui \u00e9quipe l&rsquo;<b>iPhone Air<\/b> n&rsquo;impressionne pas seulement par sa puissance. Dans un ch\u00e2ssis aussi contraint, l&rsquo;efficacit\u00e9 \u00e9nerg\u00e9tique devient critique. Apple affirme avoir con\u00e7u son <i><b>\u00ab\u00a0iPhone le plus \u00e9conome en \u00e9nergie\u00a0\u00bb<\/b><\/i>, une n\u00e9cessit\u00e9 absolue pour maintenir une autonomie acceptable.<br \/><br \/>Cette optimisation passe par un logiciel sp\u00e9cialement d\u00e9velopp\u00e9 pour la gestion de l&rsquo;alimentation. Un accessoire MagSafe compl\u00e9mentaire peut porter l&rsquo;autonomie totale \u00e0 48 heures, r\u00e9pondant aux besoins des utilisateurs intensifs.<\/p>\t\t\t\t\t\t\t\t<\/div>\n\t\t\t\t<\/div>\n\t\t\t\t\t<\/div>\n\t\t\t\t<\/div>\n\t\t<div class=\"elementor-element elementor-element-bfa8f9b e-flex e-con-boxed e-con e-parent\" data-id=\"bfa8f9b\" data-element_type=\"container\" data-e-type=\"container\">\n\t\t\t\t\t<div class=\"e-con-inner\">\n\t\t\t\t<div class=\"elementor-element elementor-element-43ddde3 elementor-widget elementor-widget-heading\" data-id=\"43ddde3\" data-element_type=\"widget\" data-e-type=\"widget\" data-widget_type=\"heading.default\">\n\t\t\t\t<div class=\"elementor-widget-container\">\n\t\t\t\t\t<h2 class=\"elementor-heading-title elementor-size-default\">Des compromis assum\u00e9s en photographie<\/h2>\t\t\t\t<\/div>\n\t\t\t\t<\/div>\n\t\t\t\t<div class=\"elementor-element elementor-element-db96207 elementor-widget elementor-widget-image\" data-id=\"db96207\" data-element_type=\"widget\" data-e-type=\"widget\" data-widget_type=\"image.default\">\n\t\t\t\t<div class=\"elementor-widget-container\">\n\t\t\t\t\t\t\t\t\t\t\t\t\t\t\t<img fetchpriority=\"high\" decoding=\"async\" width=\"800\" height=\"450\" src=\"https:\/\/www.planhub.ca\/blog\/wp-content\/uploads\/2025\/09\/Iphone_Air-2-1024x576.jpg\" class=\"attachment-large size-large wp-image-24197\" alt=\"iPhone Air\" srcset=\"https:\/\/www.planhub.ca\/blog\/wp-content\/uploads\/2025\/09\/Iphone_Air-2-1024x576.jpg 1024w, https:\/\/www.planhub.ca\/blog\/wp-content\/uploads\/2025\/09\/Iphone_Air-2-300x169.jpg 300w, https:\/\/www.planhub.ca\/blog\/wp-content\/uploads\/2025\/09\/Iphone_Air-2-768x432.jpg 768w, https:\/\/www.planhub.ca\/blog\/wp-content\/uploads\/2025\/09\/Iphone_Air-2.jpg 1200w\" sizes=\"(max-width: 800px) 100vw, 800px\" \/>\t\t\t\t\t\t\t\t\t\t\t\t\t\t\t<\/div>\n\t\t\t\t<\/div>\n\t\t\t\t\t<\/div>\n\t\t\t\t<\/div>\n\t\t<div class=\"elementor-element elementor-element-bde6f1d e-flex e-con-boxed e-con e-parent\" data-id=\"bde6f1d\" data-element_type=\"container\" data-e-type=\"container\">\n\t\t\t\t\t<div class=\"e-con-inner\">\n\t\t\t\t<div class=\"elementor-element elementor-element-b225ec8 elementor-widget elementor-widget-text-editor\" data-id=\"b225ec8\" data-element_type=\"widget\" data-e-type=\"widget\" data-widget_type=\"text-editor.default\">\n\t\t\t\t<div class=\"elementor-widget-container\">\n\t\t\t\t\t\t\t\t\t<p>Le syst\u00e8me photographique r\u00e9v\u00e8le les arbitrages n\u00e9cessaires. Le capteur principal de 48 m\u00e9gapixels avec ouverture f\/1.6 offre de bonnes performances, mais l&rsquo;absence de t\u00e9l\u00e9-objectif optique se fait sentir. Apple compense par un zoom 2x num\u00e9rique via recadrage du capteur, solution moins s\u00e9duisante mais techniquement viable dans ces contraintes d&rsquo;espace.<br \/>La cam\u00e9ra frontale de 18 m\u00e9gapixels h\u00e9rite de Center Stage et permet l&rsquo;enregistrement simultan\u00e9 sur les deux objectifs. Ces fonctionnalit\u00e9s ciblent clairement les cr\u00e9ateurs de contenu et les utilisateurs de r\u00e9seaux sociaux.<\/p>\t\t\t\t\t\t\t\t<\/div>\n\t\t\t\t<\/div>\n\t\t\t\t\t<\/div>\n\t\t\t\t<\/div>\n\t\t<div class=\"elementor-element elementor-element-53767dd e-flex e-con-boxed e-con e-parent\" data-id=\"53767dd\" data-element_type=\"container\" data-e-type=\"container\">\n\t\t\t\t\t<div class=\"e-con-inner\">\n\t\t\t\t<div class=\"elementor-element elementor-element-b4371c7 elementor-widget elementor-widget-heading\" data-id=\"b4371c7\" data-element_type=\"widget\" data-e-type=\"widget\" data-widget_type=\"heading.default\">\n\t\t\t\t<div class=\"elementor-widget-container\">\n\t\t\t\t\t<h2 class=\"elementor-heading-title elementor-size-default\">Une connectivit\u00e9 modernis\u00e9e\n<\/h2>\t\t\t\t<\/div>\n\t\t\t\t<\/div>\n\t\t\t\t\t<\/div>\n\t\t\t\t<\/div>\n\t\t<div class=\"elementor-element elementor-element-4b3e6dd e-flex e-con-boxed e-con e-parent\" data-id=\"4b3e6dd\" data-element_type=\"container\" data-e-type=\"container\">\n\t\t\t\t\t<div class=\"e-con-inner\">\n\t\t\t\t<div class=\"elementor-element elementor-element-58aa880 elementor-widget elementor-widget-text-editor\" data-id=\"58aa880\" data-element_type=\"widget\" data-e-type=\"widget\" data-widget_type=\"text-editor.default\">\n\t\t\t\t<div class=\"elementor-widget-container\">\n\t\t\t\t\t\t\t\t\tL&rsquo;abandon d\u00e9finitif du port SIM physique au profit de l&rsquo;eSIM mondial lib\u00e8re quelques millim\u00e8tres cubes suppl\u00e9mentaires. Cette d\u00e9cision, accompagn\u00e9e de l&rsquo;int\u00e9gration du Wi-Fi 6, Bluetooth 6 et Thread via le modem C1X propri\u00e9taire, modernise l&rsquo;exp\u00e9rience de connectivit\u00e9.\n\t\t\t\t\t\t\t\t<\/div>\n\t\t\t\t<\/div>\n\t\t\t\t\t<\/div>\n\t\t\t\t<\/div>\n\t\t<div class=\"elementor-element elementor-element-84a5c67 e-flex e-con-boxed e-con e-parent\" data-id=\"84a5c67\" data-element_type=\"container\" data-e-type=\"container\">\n\t\t\t\t\t<div class=\"e-con-inner\">\n\t\t\t\t<div class=\"elementor-element elementor-element-1aa603d elementor-widget elementor-widget-heading\" data-id=\"1aa603d\" data-element_type=\"widget\" data-e-type=\"widget\" data-widget_type=\"heading.default\">\n\t\t\t\t<div class=\"elementor-widget-container\">\n\t\t\t\t\t<h2 class=\"elementor-heading-title elementor-size-default\">Un positionnement premium qui interroge\n<\/h2>\t\t\t\t<\/div>\n\t\t\t\t<\/div>\n\t\t\t\t\t<\/div>\n\t\t\t\t<\/div>\n\t\t<div class=\"elementor-element elementor-element-da6f6ee e-flex e-con-boxed e-con e-parent\" data-id=\"da6f6ee\" data-element_type=\"container\" data-e-type=\"container\">\n\t\t\t\t\t<div class=\"e-con-inner\">\n\t\t\t\t<div class=\"elementor-element elementor-element-1bf712e elementor-widget elementor-widget-text-editor\" data-id=\"1bf712e\" data-element_type=\"widget\" data-e-type=\"widget\" data-widget_type=\"text-editor.default\">\n\t\t\t\t<div class=\"elementor-widget-container\">\n\t\t\t\t\t\t\t\t\t<p><strong>Propos\u00e9 \u00e0 partir de 1 449 dollars avec 256 Go<\/strong> de stockage, l&rsquo;<strong>iPhone Air<\/strong> se positionne clairement sur le segment ultra-premium. Les quatre coloris disponibles, Space Black, Light White, Sky Blue et Gold, restent dans le registre classique d&rsquo;Apple.<\/p><p>Cette strat\u00e9gie soul\u00e8ve des questions. Apple mise sur la diff\u00e9renciation par la finesse plut\u00f4t que par les performances photographiques ou la puissance brute. Un pari qui devra convaincre des consommateurs habitu\u00e9s \u00e0 des \u00e9volutions plus conventionnelles. L&rsquo;iPhone Air repr\u00e9sente-t-il l&rsquo;avenir du smartphone ou une exp\u00e9rimentation co\u00fbteuse ? La r\u00e9ponse viendra du march\u00e9.<\/p>\t\t\t\t\t\t\t\t<\/div>\n\t\t\t\t<\/div>\n\t\t\t\t\t<\/div>\n\t\t\t\t<\/div>\n\t\t\t\t<\/div>\n\t\t","protected":false},"excerpt":{"rendered":"<p>Apple a relev\u00e9 un d\u00e9fi que beaucoup jugeaient impossible : cr\u00e9er un smartphone fonctionnel de seulement 5,6 millim\u00e8tres d&rsquo;\u00e9paisseur. L&rsquo;iPhone Air, pr\u00e9sent\u00e9 aujourd\u2019hui lors de la keynote annuelle de la firme, repr\u00e9sente une v\u00e9ritable prouesse technique qui questionne nos habitudes d&rsquo;usage. Cette finesse extr\u00eame n&rsquo;est pas le fruit du hasard. Les ing\u00e9nieurs de Cupertino ont [&hellip;]<\/p>\n","protected":false},"author":39,"featured_media":24250,"comment_status":"closed","ping_status":"closed","sticky":false,"template":"","format":"standard","meta":{"_acf_changed":false,"footnotes":""},"categories":[834,489],"tags":[37],"class_list":["post-24248","post","type-post","status-publish","format-standard","has-post-thumbnail","hentry","category-mobile-articles-fr","category-mobile-fr","tag-mobile"],"acf":[],"yoast_head":"<!-- This site is optimized with the Yoast SEO plugin v28.3 - https:\/\/yoast.com\/product\/yoast-seo-wordpress\/ -->\n<title>iPhone Air : Apple lance un smartphone ultra-fin de 5,6 mm | PlanHub.ca<\/title>\n<meta name=\"description\" content=\"L&#039;iPhone Air, pr\u00e9sent\u00e9 aujourd\u2019hui lors de la keynote annuelle de la firme, repr\u00e9sente une v\u00e9ritable prouesse technique.\" \/>\n<meta name=\"robots\" content=\"index, follow, max-snippet:-1, max-image-preview:large, max-video-preview:-1\" \/>\n<link rel=\"canonical\" href=\"https:\/\/www.planhub.ca\/blog\/fr\/iphone-air-apple-lance-un-smartphone-ultra-fin-de-56-mm\/\" \/>\n<meta property=\"og:locale\" content=\"fr_CA\" \/>\n<meta property=\"og:type\" content=\"article\" \/>\n<meta property=\"og:title\" content=\"iPhone Air : Apple lance un smartphone ultra-fin de 5,6 mm | PlanHub.ca\" \/>\n<meta property=\"og:description\" content=\"L&#039;iPhone Air, pr\u00e9sent\u00e9 aujourd\u2019hui lors de la keynote annuelle de la firme, repr\u00e9sente une v\u00e9ritable prouesse technique.\" \/>\n<meta property=\"og:url\" content=\"https:\/\/www.planhub.ca\/blog\/fr\/iphone-air-apple-lance-un-smartphone-ultra-fin-de-56-mm\/\" \/>\n<meta property=\"og:site_name\" content=\"Le Blogue - Promotions, Guides, Nouvelles et plus!\" \/>\n<meta property=\"article:publisher\" content=\"https:\/\/www.facebook.com\/planhub.ca\" \/>\n<meta property=\"article:author\" content=\"https:\/\/www.linkedin.com\/in\/youssef-amenzou-9b9289104\/\" \/>\n<meta property=\"article:published_time\" content=\"2025-09-09T20:32:07+00:00\" \/>\n<meta property=\"article:modified_time\" content=\"2025-09-09T20:36:11+00:00\" \/>\n<meta property=\"og:image\" content=\"https:\/\/www.planhub.ca\/blog\/wp-content\/uploads\/2025\/09\/Iphone_Air-4.jpg\" \/>\n\t<meta property=\"og:image:width\" content=\"1200\" \/>\n\t<meta property=\"og:image:height\" content=\"675\" \/>\n\t<meta property=\"og:image:type\" content=\"image\/jpeg\" \/>\n<meta name=\"author\" content=\"Youssef Amenzou\" \/>\n<meta name=\"twitter:card\" content=\"summary_large_image\" \/>\n<meta name=\"twitter:creator\" content=\"@PlanHub_ca\" \/>\n<meta name=\"twitter:site\" content=\"@PlanHub_ca\" \/>\n<meta name=\"twitter:label1\" content=\"\u00c9crit par\" \/>\n\t<meta name=\"twitter:data1\" content=\"Youssef Amenzou\" \/>\n\t<meta name=\"twitter:label2\" content=\"Estimation du temps de lecture\" \/>\n\t<meta name=\"twitter:data2\" content=\"3 minutes\" \/>\n<script type=\"application\/ld+json\" class=\"yoast-schema-graph\">{\"@context\":\"https:\\\/\\\/schema.org\",\"@graph\":[{\"@type\":\"Article\",\"@id\":\"https:\\\/\\\/www.planhub.ca\\\/blog\\\/fr\\\/iphone-air-apple-lance-un-smartphone-ultra-fin-de-56-mm\\\/#article\",\"isPartOf\":{\"@id\":\"https:\\\/\\\/www.planhub.ca\\\/blog\\\/fr\\\/iphone-air-apple-lance-un-smartphone-ultra-fin-de-56-mm\\\/\"},\"author\":{\"name\":\"Youssef Amenzou\",\"@id\":\"https:\\\/\\\/www.planhub.ca\\\/blog\\\/fr\\\/#\\\/schema\\\/person\\\/0fc50c29fc70aed3bd0235a1a32ad741\"},\"headline\":\"iPhone Air : Apple lance un smartphone ultra-fin de 5,6 mm\",\"datePublished\":\"2025-09-09T20:32:07+00:00\",\"dateModified\":\"2025-09-09T20:36:11+00:00\",\"mainEntityOfPage\":{\"@id\":\"https:\\\/\\\/www.planhub.ca\\\/blog\\\/fr\\\/iphone-air-apple-lance-un-smartphone-ultra-fin-de-56-mm\\\/\"},\"wordCount\":581,\"publisher\":{\"@id\":\"https:\\\/\\\/www.planhub.ca\\\/blog\\\/fr\\\/#organization\"},\"image\":{\"@id\":\"https:\\\/\\\/www.planhub.ca\\\/blog\\\/fr\\\/iphone-air-apple-lance-un-smartphone-ultra-fin-de-56-mm\\\/#primaryimage\"},\"thumbnailUrl\":\"https:\\\/\\\/www.planhub.ca\\\/blog\\\/wp-content\\\/uploads\\\/2025\\\/09\\\/Iphone_Air-4.jpg\",\"keywords\":[\"mobile\"],\"articleSection\":[\"Articles\",\"Mobile\"],\"inLanguage\":\"fr-CA\"},{\"@type\":\"WebPage\",\"@id\":\"https:\\\/\\\/www.planhub.ca\\\/blog\\\/fr\\\/iphone-air-apple-lance-un-smartphone-ultra-fin-de-56-mm\\\/\",\"url\":\"https:\\\/\\\/www.planhub.ca\\\/blog\\\/fr\\\/iphone-air-apple-lance-un-smartphone-ultra-fin-de-56-mm\\\/\",\"name\":\"iPhone Air : Apple lance un smartphone ultra-fin de 5,6 mm | PlanHub.ca\",\"isPartOf\":{\"@id\":\"https:\\\/\\\/www.planhub.ca\\\/blog\\\/fr\\\/#website\"},\"primaryImageOfPage\":{\"@id\":\"https:\\\/\\\/www.planhub.ca\\\/blog\\\/fr\\\/iphone-air-apple-lance-un-smartphone-ultra-fin-de-56-mm\\\/#primaryimage\"},\"image\":{\"@id\":\"https:\\\/\\\/www.planhub.ca\\\/blog\\\/fr\\\/iphone-air-apple-lance-un-smartphone-ultra-fin-de-56-mm\\\/#primaryimage\"},\"thumbnailUrl\":\"https:\\\/\\\/www.planhub.ca\\\/blog\\\/wp-content\\\/uploads\\\/2025\\\/09\\\/Iphone_Air-4.jpg\",\"datePublished\":\"2025-09-09T20:32:07+00:00\",\"dateModified\":\"2025-09-09T20:36:11+00:00\",\"description\":\"L'iPhone Air, pr\u00e9sent\u00e9 aujourd\u2019hui lors de la keynote annuelle de la firme, repr\u00e9sente une v\u00e9ritable prouesse technique.\",\"breadcrumb\":{\"@id\":\"https:\\\/\\\/www.planhub.ca\\\/blog\\\/fr\\\/iphone-air-apple-lance-un-smartphone-ultra-fin-de-56-mm\\\/#breadcrumb\"},\"inLanguage\":\"fr-CA\",\"potentialAction\":[{\"@type\":\"ReadAction\",\"target\":[\"https:\\\/\\\/www.planhub.ca\\\/blog\\\/fr\\\/iphone-air-apple-lance-un-smartphone-ultra-fin-de-56-mm\\\/\"]}]},{\"@type\":\"ImageObject\",\"inLanguage\":\"fr-CA\",\"@id\":\"https:\\\/\\\/www.planhub.ca\\\/blog\\\/fr\\\/iphone-air-apple-lance-un-smartphone-ultra-fin-de-56-mm\\\/#primaryimage\",\"url\":\"https:\\\/\\\/www.planhub.ca\\\/blog\\\/wp-content\\\/uploads\\\/2025\\\/09\\\/Iphone_Air-4.jpg\",\"contentUrl\":\"https:\\\/\\\/www.planhub.ca\\\/blog\\\/wp-content\\\/uploads\\\/2025\\\/09\\\/Iphone_Air-4.jpg\",\"width\":1200,\"height\":675,\"caption\":\"iPhone Air\"},{\"@type\":\"BreadcrumbList\",\"@id\":\"https:\\\/\\\/www.planhub.ca\\\/blog\\\/fr\\\/iphone-air-apple-lance-un-smartphone-ultra-fin-de-56-mm\\\/#breadcrumb\",\"itemListElement\":[{\"@type\":\"ListItem\",\"position\":1,\"name\":\"Home\",\"item\":\"https:\\\/\\\/www.planhub.ca\\\/blog\\\/fr\\\/\"},{\"@type\":\"ListItem\",\"position\":2,\"name\":\"Mobile\",\"item\":\"https:\\\/\\\/www.planhub.ca\\\/blog\\\/fr\\\/category\\\/mobile-fr\\\/\"},{\"@type\":\"ListItem\",\"position\":3,\"name\":\"iPhone Air : Apple lance un smartphone ultra-fin de 5,6 mm\"}]},{\"@type\":\"WebSite\",\"@id\":\"https:\\\/\\\/www.planhub.ca\\\/blog\\\/fr\\\/#website\",\"url\":\"https:\\\/\\\/www.planhub.ca\\\/blog\\\/fr\\\/\",\"name\":\"PlanHub.ca The Blog - Promotions, Guides, News and more!\",\"description\":\"PlanHub\",\"publisher\":{\"@id\":\"https:\\\/\\\/www.planhub.ca\\\/blog\\\/fr\\\/#organization\"},\"alternateName\":\"PlanHub.ca The Blog\",\"potentialAction\":[{\"@type\":\"SearchAction\",\"target\":{\"@type\":\"EntryPoint\",\"urlTemplate\":\"https:\\\/\\\/www.planhub.ca\\\/blog\\\/fr\\\/?s={search_term_string}\"},\"query-input\":{\"@type\":\"PropertyValueSpecification\",\"valueRequired\":true,\"valueName\":\"search_term_string\"}}],\"inLanguage\":\"fr-CA\"},{\"@type\":\"Organization\",\"@id\":\"https:\\\/\\\/www.planhub.ca\\\/blog\\\/fr\\\/#organization\",\"name\":\"PlanHub.ca\",\"alternateName\":\"PlanHub.ca\",\"url\":\"https:\\\/\\\/www.planhub.ca\\\/blog\\\/fr\\\/\",\"logo\":{\"@type\":\"ImageObject\",\"inLanguage\":\"fr-CA\",\"@id\":\"https:\\\/\\\/www.planhub.ca\\\/blog\\\/fr\\\/#\\\/schema\\\/logo\\\/image\\\/\",\"url\":\"https:\\\/\\\/www.planhub.ca\\\/blog\\\/wp-content\\\/uploads\\\/2024\\\/04\\\/logo_planhub_horizontal_vert-2-2.png\",\"contentUrl\":\"https:\\\/\\\/www.planhub.ca\\\/blog\\\/wp-content\\\/uploads\\\/2024\\\/04\\\/logo_planhub_horizontal_vert-2-2.png\",\"width\":900,\"height\":360,\"caption\":\"PlanHub.ca\"},\"image\":{\"@id\":\"https:\\\/\\\/www.planhub.ca\\\/blog\\\/fr\\\/#\\\/schema\\\/logo\\\/image\\\/\"},\"sameAs\":[\"https:\\\/\\\/www.facebook.com\\\/planhub.ca\",\"https:\\\/\\\/x.com\\\/PlanHub_ca\",\"https:\\\/\\\/ca.linkedin.com\\\/company\\\/planhub-ca\"]},{\"@type\":\"Person\",\"@id\":\"https:\\\/\\\/www.planhub.ca\\\/blog\\\/fr\\\/#\\\/schema\\\/person\\\/0fc50c29fc70aed3bd0235a1a32ad741\",\"name\":\"Youssef Amenzou\",\"image\":{\"@type\":\"ImageObject\",\"inLanguage\":\"fr-CA\",\"@id\":\"https:\\\/\\\/secure.gravatar.com\\\/avatar\\\/40f83fbe450119ce3791627993ac342a9f2ba2466443d8537eb15362417fa0e6?s=96&d=blank&r=g\",\"url\":\"https:\\\/\\\/secure.gravatar.com\\\/avatar\\\/40f83fbe450119ce3791627993ac342a9f2ba2466443d8537eb15362417fa0e6?s=96&d=blank&r=g\",\"contentUrl\":\"https:\\\/\\\/secure.gravatar.com\\\/avatar\\\/40f83fbe450119ce3791627993ac342a9f2ba2466443d8537eb15362417fa0e6?s=96&d=blank&r=g\",\"caption\":\"Youssef Amenzou\"},\"description\":\"A true Swiss army knife, Youssef has a fairly wide range of skills. Officially Growth Manager, he is also involved in the production of content for the site and the presence of planhub on social networks. Here, Youssef dissects all the mobile and internet news for you.\",\"sameAs\":[\"https:\\\/\\\/www.linkedin.com\\\/in\\\/youssef-amenzou-9b9289104\\\/\",\"https:\\\/\\\/www.instagram.com\\\/yamenzou_gaming\\\/\"],\"url\":\"https:\\\/\\\/www.planhub.ca\\\/blog\\\/fr\\\/author\\\/youssef\\\/\"}]}<\/script>\n<!-- \/ Yoast SEO plugin. -->","yoast_head_json":{"title":"iPhone Air : Apple lance un smartphone ultra-fin de 5,6 mm | PlanHub.ca","description":"L'iPhone Air, pr\u00e9sent\u00e9 aujourd\u2019hui lors de la keynote annuelle de la firme, repr\u00e9sente une v\u00e9ritable prouesse technique.","robots":{"index":"index","follow":"follow","max-snippet":"max-snippet:-1","max-image-preview":"max-image-preview:large","max-video-preview":"max-video-preview:-1"},"canonical":"https:\/\/www.planhub.ca\/blog\/fr\/iphone-air-apple-lance-un-smartphone-ultra-fin-de-56-mm\/","og_locale":"fr_CA","og_type":"article","og_title":"iPhone Air : Apple lance un smartphone ultra-fin de 5,6 mm | PlanHub.ca","og_description":"L'iPhone Air, pr\u00e9sent\u00e9 aujourd\u2019hui lors de la keynote annuelle de la firme, repr\u00e9sente une v\u00e9ritable prouesse technique.","og_url":"https:\/\/www.planhub.ca\/blog\/fr\/iphone-air-apple-lance-un-smartphone-ultra-fin-de-56-mm\/","og_site_name":"Le Blogue - Promotions, Guides, Nouvelles et plus!","article_publisher":"https:\/\/www.facebook.com\/planhub.ca","article_author":"https:\/\/www.linkedin.com\/in\/youssef-amenzou-9b9289104\/","article_published_time":"2025-09-09T20:32:07+00:00","article_modified_time":"2025-09-09T20:36:11+00:00","og_image":[{"width":1200,"height":675,"url":"https:\/\/www.planhub.ca\/blog\/wp-content\/uploads\/2025\/09\/Iphone_Air-4.jpg","type":"image\/jpeg"}],"author":"Youssef Amenzou","twitter_card":"summary_large_image","twitter_creator":"@PlanHub_ca","twitter_site":"@PlanHub_ca","twitter_misc":{"\u00c9crit par":"Youssef Amenzou","Estimation du temps de lecture":"3 minutes"},"schema":{"@context":"https:\/\/schema.org","@graph":[{"@type":"Article","@id":"https:\/\/www.planhub.ca\/blog\/fr\/iphone-air-apple-lance-un-smartphone-ultra-fin-de-56-mm\/#article","isPartOf":{"@id":"https:\/\/www.planhub.ca\/blog\/fr\/iphone-air-apple-lance-un-smartphone-ultra-fin-de-56-mm\/"},"author":{"name":"Youssef Amenzou","@id":"https:\/\/www.planhub.ca\/blog\/fr\/#\/schema\/person\/0fc50c29fc70aed3bd0235a1a32ad741"},"headline":"iPhone Air : Apple lance un smartphone ultra-fin de 5,6 mm","datePublished":"2025-09-09T20:32:07+00:00","dateModified":"2025-09-09T20:36:11+00:00","mainEntityOfPage":{"@id":"https:\/\/www.planhub.ca\/blog\/fr\/iphone-air-apple-lance-un-smartphone-ultra-fin-de-56-mm\/"},"wordCount":581,"publisher":{"@id":"https:\/\/www.planhub.ca\/blog\/fr\/#organization"},"image":{"@id":"https:\/\/www.planhub.ca\/blog\/fr\/iphone-air-apple-lance-un-smartphone-ultra-fin-de-56-mm\/#primaryimage"},"thumbnailUrl":"https:\/\/www.planhub.ca\/blog\/wp-content\/uploads\/2025\/09\/Iphone_Air-4.jpg","keywords":["mobile"],"articleSection":["Articles","Mobile"],"inLanguage":"fr-CA"},{"@type":"WebPage","@id":"https:\/\/www.planhub.ca\/blog\/fr\/iphone-air-apple-lance-un-smartphone-ultra-fin-de-56-mm\/","url":"https:\/\/www.planhub.ca\/blog\/fr\/iphone-air-apple-lance-un-smartphone-ultra-fin-de-56-mm\/","name":"iPhone Air : Apple lance un smartphone ultra-fin de 5,6 mm | PlanHub.ca","isPartOf":{"@id":"https:\/\/www.planhub.ca\/blog\/fr\/#website"},"primaryImageOfPage":{"@id":"https:\/\/www.planhub.ca\/blog\/fr\/iphone-air-apple-lance-un-smartphone-ultra-fin-de-56-mm\/#primaryimage"},"image":{"@id":"https:\/\/www.planhub.ca\/blog\/fr\/iphone-air-apple-lance-un-smartphone-ultra-fin-de-56-mm\/#primaryimage"},"thumbnailUrl":"https:\/\/www.planhub.ca\/blog\/wp-content\/uploads\/2025\/09\/Iphone_Air-4.jpg","datePublished":"2025-09-09T20:32:07+00:00","dateModified":"2025-09-09T20:36:11+00:00","description":"L'iPhone Air, pr\u00e9sent\u00e9 aujourd\u2019hui lors de la keynote annuelle de la firme, repr\u00e9sente une v\u00e9ritable prouesse technique.","breadcrumb":{"@id":"https:\/\/www.planhub.ca\/blog\/fr\/iphone-air-apple-lance-un-smartphone-ultra-fin-de-56-mm\/#breadcrumb"},"inLanguage":"fr-CA","potentialAction":[{"@type":"ReadAction","target":["https:\/\/www.planhub.ca\/blog\/fr\/iphone-air-apple-lance-un-smartphone-ultra-fin-de-56-mm\/"]}]},{"@type":"ImageObject","inLanguage":"fr-CA","@id":"https:\/\/www.planhub.ca\/blog\/fr\/iphone-air-apple-lance-un-smartphone-ultra-fin-de-56-mm\/#primaryimage","url":"https:\/\/www.planhub.ca\/blog\/wp-content\/uploads\/2025\/09\/Iphone_Air-4.jpg","contentUrl":"https:\/\/www.planhub.ca\/blog\/wp-content\/uploads\/2025\/09\/Iphone_Air-4.jpg","width":1200,"height":675,"caption":"iPhone Air"},{"@type":"BreadcrumbList","@id":"https:\/\/www.planhub.ca\/blog\/fr\/iphone-air-apple-lance-un-smartphone-ultra-fin-de-56-mm\/#breadcrumb","itemListElement":[{"@type":"ListItem","position":1,"name":"Home","item":"https:\/\/www.planhub.ca\/blog\/fr\/"},{"@type":"ListItem","position":2,"name":"Mobile","item":"https:\/\/www.planhub.ca\/blog\/fr\/category\/mobile-fr\/"},{"@type":"ListItem","position":3,"name":"iPhone Air : Apple lance un smartphone ultra-fin de 5,6 mm"}]},{"@type":"WebSite","@id":"https:\/\/www.planhub.ca\/blog\/fr\/#website","url":"https:\/\/www.planhub.ca\/blog\/fr\/","name":"PlanHub.ca The Blog - Promotions, Guides, News and more!","description":"PlanHub","publisher":{"@id":"https:\/\/www.planhub.ca\/blog\/fr\/#organization"},"alternateName":"PlanHub.ca The Blog","potentialAction":[{"@type":"SearchAction","target":{"@type":"EntryPoint","urlTemplate":"https:\/\/www.planhub.ca\/blog\/fr\/?s={search_term_string}"},"query-input":{"@type":"PropertyValueSpecification","valueRequired":true,"valueName":"search_term_string"}}],"inLanguage":"fr-CA"},{"@type":"Organization","@id":"https:\/\/www.planhub.ca\/blog\/fr\/#organization","name":"PlanHub.ca","alternateName":"PlanHub.ca","url":"https:\/\/www.planhub.ca\/blog\/fr\/","logo":{"@type":"ImageObject","inLanguage":"fr-CA","@id":"https:\/\/www.planhub.ca\/blog\/fr\/#\/schema\/logo\/image\/","url":"https:\/\/www.planhub.ca\/blog\/wp-content\/uploads\/2024\/04\/logo_planhub_horizontal_vert-2-2.png","contentUrl":"https:\/\/www.planhub.ca\/blog\/wp-content\/uploads\/2024\/04\/logo_planhub_horizontal_vert-2-2.png","width":900,"height":360,"caption":"PlanHub.ca"},"image":{"@id":"https:\/\/www.planhub.ca\/blog\/fr\/#\/schema\/logo\/image\/"},"sameAs":["https:\/\/www.facebook.com\/planhub.ca","https:\/\/x.com\/PlanHub_ca","https:\/\/ca.linkedin.com\/company\/planhub-ca"]},{"@type":"Person","@id":"https:\/\/www.planhub.ca\/blog\/fr\/#\/schema\/person\/0fc50c29fc70aed3bd0235a1a32ad741","name":"Youssef Amenzou","image":{"@type":"ImageObject","inLanguage":"fr-CA","@id":"https:\/\/secure.gravatar.com\/avatar\/40f83fbe450119ce3791627993ac342a9f2ba2466443d8537eb15362417fa0e6?s=96&d=blank&r=g","url":"https:\/\/secure.gravatar.com\/avatar\/40f83fbe450119ce3791627993ac342a9f2ba2466443d8537eb15362417fa0e6?s=96&d=blank&r=g","contentUrl":"https:\/\/secure.gravatar.com\/avatar\/40f83fbe450119ce3791627993ac342a9f2ba2466443d8537eb15362417fa0e6?s=96&d=blank&r=g","caption":"Youssef Amenzou"},"description":"A true Swiss army knife, Youssef has a fairly wide range of skills. Officially Growth Manager, he is also involved in the production of content for the site and the presence of planhub on social networks. Here, Youssef dissects all the mobile and internet news for you.","sameAs":["https:\/\/www.linkedin.com\/in\/youssef-amenzou-9b9289104\/","https:\/\/www.instagram.com\/yamenzou_gaming\/"],"url":"https:\/\/www.planhub.ca\/blog\/fr\/author\/youssef\/"}]}},"_links":{"self":[{"href":"https:\/\/www.planhub.ca\/blog\/fr\/wp-json\/wp\/v2\/posts\/24248","targetHints":{"allow":["GET"]}}],"collection":[{"href":"https:\/\/www.planhub.ca\/blog\/fr\/wp-json\/wp\/v2\/posts"}],"about":[{"href":"https:\/\/www.planhub.ca\/blog\/fr\/wp-json\/wp\/v2\/types\/post"}],"author":[{"embeddable":true,"href":"https:\/\/www.planhub.ca\/blog\/fr\/wp-json\/wp\/v2\/users\/39"}],"replies":[{"embeddable":true,"href":"https:\/\/www.planhub.ca\/blog\/fr\/wp-json\/wp\/v2\/comments?post=24248"}],"version-history":[{"count":7,"href":"https:\/\/www.planhub.ca\/blog\/fr\/wp-json\/wp\/v2\/posts\/24248\/revisions"}],"predecessor-version":[{"id":24257,"href":"https:\/\/www.planhub.ca\/blog\/fr\/wp-json\/wp\/v2\/posts\/24248\/revisions\/24257"}],"wp:featuredmedia":[{"embeddable":true,"href":"https:\/\/www.planhub.ca\/blog\/fr\/wp-json\/wp\/v2\/media\/24250"}],"wp:attachment":[{"href":"https:\/\/www.planhub.ca\/blog\/fr\/wp-json\/wp\/v2\/media?parent=24248"}],"wp:term":[{"taxonomy":"category","embeddable":true,"href":"https:\/\/www.planhub.ca\/blog\/fr\/wp-json\/wp\/v2\/categories?post=24248"},{"taxonomy":"post_tag","embeddable":true,"href":"https:\/\/www.planhub.ca\/blog\/fr\/wp-json\/wp\/v2\/tags?post=24248"}],"curies":[{"name":"wp","href":"https:\/\/api.w.org\/{rel}","templated":true}]}}