{"id":24418,"date":"2025-09-16T09:03:26","date_gmt":"2025-09-16T14:03:26","guid":{"rendered":"https:\/\/www.planhub.ca\/blog\/?p=24418"},"modified":"2025-09-16T09:11:12","modified_gmt":"2025-09-16T14:11:12","slug":"une-faille-critique-sur-galaxy-rend-la-mise-a-jour-samsung-plus-urgente-que-jamais","status":"publish","type":"post","link":"https:\/\/www.planhub.ca\/blog\/fr\/une-faille-critique-sur-galaxy-rend-la-mise-a-jour-samsung-plus-urgente-que-jamais\/","title":{"rendered":"Une faille critique sur Galaxy rend la mise \u00e0 jour Samsung plus urgente que jamais"},"content":{"rendered":"\t\t<div data-elementor-type=\"wp-post\" data-elementor-id=\"24418\" class=\"elementor elementor-24418\" data-elementor-post-type=\"post\">\n\t\t\t\t<div class=\"elementor-element elementor-element-c48623a e-flex e-con-boxed e-con e-parent\" data-id=\"c48623a\" data-element_type=\"container\" data-e-type=\"container\">\n\t\t\t\t\t<div class=\"e-con-inner\">\n\t\t\t\t<div class=\"elementor-element elementor-element-28a7eb1 elementor-widget elementor-widget-text-editor\" data-id=\"28a7eb1\" data-element_type=\"widget\" data-e-type=\"widget\" data-widget_type=\"text-editor.default\">\n\t\t\t\t<div class=\"elementor-widget-container\">\n\t\t\t\t\t\t\t\t\t<p>Ils sont souvent repouss\u00e9s avec une grimace, consid\u00e9r\u00e9s comme une simple formalit\u00e9 ou une perte de temps. Les mises \u00e0 jour logicielles ont pourtant ceci de particulier : leur absence peut ouvrir la porte au pire. Preuve en est avec cette nouvelle alerte de s\u00e9curit\u00e9 qui concerne des millions d&rsquo;utilisateurs de smartphones <b>Samsung Galaxy<\/b>, rappelant douloureusement que dans l&rsquo;ombre du num\u00e9rique, la course entre les cybercriminels et les \u00e9diteurs est sans fin.<\/p>\t\t\t\t\t\t\t\t<\/div>\n\t\t\t\t<\/div>\n\t\t\t\t\t<\/div>\n\t\t\t\t<\/div>\n\t\t<div class=\"elementor-element elementor-element-38b3a70 e-flex e-con-boxed e-con e-parent\" data-id=\"38b3a70\" data-element_type=\"container\" data-e-type=\"container\">\n\t\t\t\t\t<div class=\"e-con-inner\">\n\t\t\t\t<div class=\"elementor-element elementor-element-4ff2434 elementor-widget elementor-widget-heading\" data-id=\"4ff2434\" data-element_type=\"widget\" data-e-type=\"widget\" data-widget_type=\"heading.default\">\n\t\t\t\t<div class=\"elementor-widget-container\">\n\t\t\t\t\t<h2 class=\"elementor-heading-title elementor-size-default\">Le spectre de l'attaque \"zero-click\"<\/h2>\t\t\t\t<\/div>\n\t\t\t\t<\/div>\n\t\t\t\t\t<\/div>\n\t\t\t\t<\/div>\n\t\t<div class=\"elementor-element elementor-element-21337cf e-flex e-con-boxed e-con e-parent\" data-id=\"21337cf\" data-element_type=\"container\" data-e-type=\"container\">\n\t\t\t\t\t<div class=\"e-con-inner\">\n\t\t\t\t<div class=\"elementor-element elementor-element-647edba elementor-widget elementor-widget-text-editor\" data-id=\"647edba\" data-element_type=\"widget\" data-e-type=\"widget\" data-widget_type=\"text-editor.default\">\n\t\t\t\t<div class=\"elementor-widget-container\">\n\t\t\t\t\t\t\t\t\t<p>L&rsquo;affaire commence lorsque les \u00e9quipes de <b>WhatsApp<\/b> identifient une faille s\u00e9rieuse, baptis\u00e9e CVE-2025-21043. Son origine ? Une biblioth\u00e8que logicielle tierce charg\u00e9e du d\u00e9codage des images. Sa particularit\u00e9 ? Elle rel\u00e8ve de la cat\u00e9gorie tr\u00e8s redout\u00e9e des attaques \u00ab\u00a0zero-click\u00a0\u00bb (z\u00e9ro clic).<\/p><p>Concr\u00e8tement, ce terme technique signifie une chose terrifiante : un pirate peut, potentiellement, prendre le contr\u00f4le partiel de l&rsquo;appareil vis\u00e9 sans la moindre action de la victime. Il n&rsquo;est besoin ni d&rsquo;un clic sur un lien frauduleux, ni de l&rsquo;ouverture d&rsquo;un fichier pi\u00e9g\u00e9. Le simple fait de recevoir une image malveillante, par exemple via<b> WhatsApp<\/b>, pouvait suffire \u00e0 activer le code malveillant. Une intrusion silencieuse et invisible.<\/p>\t\t\t\t\t\t\t\t<\/div>\n\t\t\t\t<\/div>\n\t\t\t\t\t<\/div>\n\t\t\t\t<\/div>\n\t\t<div class=\"elementor-element elementor-element-66ef1d7 e-flex e-con-boxed e-con e-parent\" data-id=\"66ef1d7\" data-element_type=\"container\" data-e-type=\"container\">\n\t\t\t\t\t<div class=\"e-con-inner\">\n\t\t\t\t<div class=\"elementor-element elementor-element-692d399 elementor-widget elementor-widget-heading\" data-id=\"692d399\" data-element_type=\"widget\" data-e-type=\"widget\" data-widget_type=\"heading.default\">\n\t\t\t\t<div class=\"elementor-widget-container\">\n\t\t\t\t\t<h2 class=\"elementor-heading-title elementor-size-default\">Samsung dans le viseur, une r\u00e9ponse rapide\n<\/h2>\t\t\t\t<\/div>\n\t\t\t\t<\/div>\n\t\t\t\t\t<\/div>\n\t\t\t\t<\/div>\n\t\t<div class=\"elementor-element elementor-element-2463149 e-flex e-con-boxed e-con e-parent\" data-id=\"2463149\" data-element_type=\"container\" data-e-type=\"container\">\n\t\t\t\t\t<div class=\"e-con-inner\">\n\t\t\t\t<div class=\"elementor-element elementor-element-fcb313b elementor-widget elementor-widget-text-editor\" data-id=\"fcb313b\" data-element_type=\"widget\" data-e-type=\"widget\" data-widget_type=\"text-editor.default\">\n\t\t\t\t<div class=\"elementor-widget-container\">\n\t\t\t\t\t\t\t\t\t<p>Samsung a rapidement \u00e9t\u00e9 inform\u00e9 que cette vuln\u00e9rabilit\u00e9 n&rsquo;\u00e9tait pas qu&rsquo;une th\u00e9orie ; elle \u00e9tait d\u00e9j\u00e0 exploit\u00e9e activement <i><b>\u00ab\u00a0dans la nature\u00a0\u00bb<\/b><\/i>. Le risque pour les possesseurs de <b>Galaxy<\/b> \u00e9tait donc bien r\u00e9el.<br \/>Le g\u00e9ant cor\u00e9en a imm\u00e9diatement pris le probl\u00e8me au s\u00e9rieux. La r\u00e9ponse s&rsquo;est organis\u00e9e autour d&rsquo;un correctif critique, int\u00e9gr\u00e9 au patch de s\u00e9curit\u00e9 mensuel de septembre. Celui-ci est destin\u00e9 \u00e0 barrer la route \u00e0 cette faille et \u00e0 s\u00e9curiser les appareils concern\u00e9s, \u00e0 savoir les <b>Galaxy fonctionnant sous Android 13 et les versions ult\u00e9rieures<\/b>, soit un parc immense.<\/p>\t\t\t\t\t\t\t\t<\/div>\n\t\t\t\t<\/div>\n\t\t\t\t\t<\/div>\n\t\t\t\t<\/div>\n\t\t<div class=\"elementor-element elementor-element-475b088 e-flex e-con-boxed e-con e-parent\" data-id=\"475b088\" data-element_type=\"container\" data-e-type=\"container\">\n\t\t\t\t\t<div class=\"e-con-inner\">\n\t\t\t\t<div class=\"elementor-element elementor-element-9584983 elementor-widget elementor-widget-heading\" data-id=\"9584983\" data-element_type=\"widget\" data-e-type=\"widget\" data-widget_type=\"heading.default\">\n\t\t\t\t<div class=\"elementor-widget-container\">\n\t\t\t\t\t<h2 class=\"elementor-heading-title elementor-size-default\">Le r\u00e9flexe vital : mettre \u00e0 jour maintenant\n<\/h2>\t\t\t\t<\/div>\n\t\t\t\t<\/div>\n\t\t\t\t\t<\/div>\n\t\t\t\t<\/div>\n\t\t<div class=\"elementor-element elementor-element-7a3b480 e-flex e-con-boxed e-con e-parent\" data-id=\"7a3b480\" data-element_type=\"container\" data-e-type=\"container\">\n\t\t\t\t\t<div class=\"e-con-inner\">\n\t\t\t\t<div class=\"elementor-element elementor-element-b5aca84 elementor-widget elementor-widget-text-editor\" data-id=\"b5aca84\" data-element_type=\"widget\" data-e-type=\"widget\" data-widget_type=\"text-editor.default\">\n\t\t\t\t<div class=\"elementor-widget-container\">\n\t\t\t\t\t\t\t\t\t<p>Le message de Samsung est on ne peut plus clair : il est imp\u00e9ratif d&rsquo;installer cette mise \u00e0 jour sans attendre. La proc\u00e9dure est simple :\u00a0<\/p><ul><li>Se rendre dans Param\u00e8tres &gt; Maintenance logicielle &gt; T\u00e9l\u00e9chargement et installation.<\/li><li>\u00e0T\u00e9l\u00e9charger le patch de s\u00e9curit\u00e9 de septembre s&rsquo;il est disponible.<\/li><li>Red\u00e9marrer son appareil pour finaliser l&rsquo;installation.<br \/><br \/><\/li><\/ul><p>Comme toujours chez <strong>Samsung<\/strong>, le d\u00e9ploiement est progressif et d\u00e9pend du mod\u00e8le, de la r\u00e9gion et du fournisseur. Certains devront donc s&rsquo;armer de patience. En attendant, la vigilance est de mise.<br \/>La le\u00e7on est plus large que le seul cas Samsung : derri\u00e8re la petite notification souvent ignor\u00e9e se cache parfois la seule chose qui vous s\u00e9pare d&rsquo;une intrusion malveillante. La mettre \u00e0 jour n&rsquo;est pas une corv\u00e9e. C&rsquo;est un geste barri\u00e8re. Le premier, et souvent le plus efficace.<\/p>\t\t\t\t\t\t\t\t<\/div>\n\t\t\t\t<\/div>\n\t\t\t\t\t<\/div>\n\t\t\t\t<\/div>\n\t\t\t\t<\/div>\n\t\t","protected":false},"excerpt":{"rendered":"<p>Ils sont souvent repouss\u00e9s avec une grimace, consid\u00e9r\u00e9s comme une simple formalit\u00e9 ou une perte de temps. Les mises \u00e0 jour logicielles ont pourtant ceci de particulier : leur absence peut ouvrir la porte au pire. Preuve en est avec cette nouvelle alerte de s\u00e9curit\u00e9 qui concerne des millions d&rsquo;utilisateurs de smartphones Samsung Galaxy, rappelant [&hellip;]<\/p>\n","protected":false},"author":39,"featured_media":22024,"comment_status":"closed","ping_status":"closed","sticky":false,"template":"","format":"standard","meta":{"_acf_changed":false,"footnotes":""},"categories":[834,489],"tags":[37,206],"class_list":["post-24418","post","type-post","status-publish","format-standard","has-post-thumbnail","hentry","category-mobile-articles-fr","category-mobile-fr","tag-mobile","tag-samsung"],"acf":[],"yoast_head":"<!-- This site is optimized with the Yoast SEO plugin v28.3 - https:\/\/yoast.com\/product\/yoast-seo-wordpress\/ -->\n<title>Une faille critique sur Galaxy rend la mise \u00e0 jour Samsung plus urgente que jamais | PlanHub.ca<\/title>\n<meta name=\"description\" content=\"Preuve en est avec cette nouvelle alerte de s\u00e9curit\u00e9 qui concerne des millions d&#039;utilisateurs de smartphones Samsung Galaxy.\" \/>\n<meta name=\"robots\" content=\"index, follow, max-snippet:-1, max-image-preview:large, max-video-preview:-1\" \/>\n<link rel=\"canonical\" href=\"https:\/\/www.planhub.ca\/blog\/fr\/une-faille-critique-sur-galaxy-rend-la-mise-a-jour-samsung-plus-urgente-que-jamais\/\" \/>\n<meta property=\"og:locale\" content=\"fr_CA\" \/>\n<meta property=\"og:type\" content=\"article\" \/>\n<meta property=\"og:title\" content=\"Une faille critique sur Galaxy rend la mise \u00e0 jour Samsung plus urgente que jamais | PlanHub.ca\" \/>\n<meta property=\"og:description\" content=\"Preuve en est avec cette nouvelle alerte de s\u00e9curit\u00e9 qui concerne des millions d&#039;utilisateurs de smartphones Samsung Galaxy.\" \/>\n<meta property=\"og:url\" content=\"https:\/\/www.planhub.ca\/blog\/fr\/une-faille-critique-sur-galaxy-rend-la-mise-a-jour-samsung-plus-urgente-que-jamais\/\" \/>\n<meta property=\"og:site_name\" content=\"Le Blogue - Promotions, Guides, Nouvelles et plus!\" \/>\n<meta property=\"article:publisher\" content=\"https:\/\/www.facebook.com\/planhub.ca\" \/>\n<meta property=\"article:author\" content=\"https:\/\/www.linkedin.com\/in\/youssef-amenzou-9b9289104\/\" \/>\n<meta property=\"article:published_time\" content=\"2025-09-16T14:03:26+00:00\" \/>\n<meta property=\"article:modified_time\" content=\"2025-09-16T14:11:12+00:00\" \/>\n<meta property=\"og:image\" content=\"https:\/\/www.planhub.ca\/blog\/wp-content\/uploads\/2025\/07\/Samsung-Galaxy-S25.jpg\" \/>\n\t<meta property=\"og:image:width\" content=\"1280\" \/>\n\t<meta property=\"og:image:height\" content=\"720\" \/>\n\t<meta property=\"og:image:type\" content=\"image\/jpeg\" \/>\n<meta name=\"author\" content=\"Youssef Amenzou\" \/>\n<meta name=\"twitter:card\" content=\"summary_large_image\" \/>\n<meta name=\"twitter:creator\" content=\"@PlanHub_ca\" \/>\n<meta name=\"twitter:site\" content=\"@PlanHub_ca\" \/>\n<meta name=\"twitter:label1\" content=\"\u00c9crit par\" \/>\n\t<meta name=\"twitter:data1\" content=\"Youssef Amenzou\" \/>\n\t<meta name=\"twitter:label2\" content=\"Estimation du temps de lecture\" \/>\n\t<meta name=\"twitter:data2\" content=\"2 minutes\" \/>\n<script type=\"application\/ld+json\" class=\"yoast-schema-graph\">{\"@context\":\"https:\\\/\\\/schema.org\",\"@graph\":[{\"@type\":\"Article\",\"@id\":\"https:\\\/\\\/www.planhub.ca\\\/blog\\\/fr\\\/une-faille-critique-sur-galaxy-rend-la-mise-a-jour-samsung-plus-urgente-que-jamais\\\/#article\",\"isPartOf\":{\"@id\":\"https:\\\/\\\/www.planhub.ca\\\/blog\\\/fr\\\/une-faille-critique-sur-galaxy-rend-la-mise-a-jour-samsung-plus-urgente-que-jamais\\\/\"},\"author\":{\"name\":\"Youssef Amenzou\",\"@id\":\"https:\\\/\\\/www.planhub.ca\\\/blog\\\/fr\\\/#\\\/schema\\\/person\\\/0fc50c29fc70aed3bd0235a1a32ad741\"},\"headline\":\"Une faille critique sur Galaxy rend la mise \u00e0 jour Samsung plus urgente que jamais\",\"datePublished\":\"2025-09-16T14:03:26+00:00\",\"dateModified\":\"2025-09-16T14:11:12+00:00\",\"mainEntityOfPage\":{\"@id\":\"https:\\\/\\\/www.planhub.ca\\\/blog\\\/fr\\\/une-faille-critique-sur-galaxy-rend-la-mise-a-jour-samsung-plus-urgente-que-jamais\\\/\"},\"wordCount\":493,\"publisher\":{\"@id\":\"https:\\\/\\\/www.planhub.ca\\\/blog\\\/fr\\\/#organization\"},\"image\":{\"@id\":\"https:\\\/\\\/www.planhub.ca\\\/blog\\\/fr\\\/une-faille-critique-sur-galaxy-rend-la-mise-a-jour-samsung-plus-urgente-que-jamais\\\/#primaryimage\"},\"thumbnailUrl\":\"https:\\\/\\\/www.planhub.ca\\\/blog\\\/wp-content\\\/uploads\\\/2025\\\/07\\\/Samsung-Galaxy-S25.jpg\",\"keywords\":[\"mobile\",\"samsung\"],\"articleSection\":[\"Articles\",\"Mobile\"],\"inLanguage\":\"fr-CA\"},{\"@type\":\"WebPage\",\"@id\":\"https:\\\/\\\/www.planhub.ca\\\/blog\\\/fr\\\/une-faille-critique-sur-galaxy-rend-la-mise-a-jour-samsung-plus-urgente-que-jamais\\\/\",\"url\":\"https:\\\/\\\/www.planhub.ca\\\/blog\\\/fr\\\/une-faille-critique-sur-galaxy-rend-la-mise-a-jour-samsung-plus-urgente-que-jamais\\\/\",\"name\":\"Une faille critique sur Galaxy rend la mise \u00e0 jour Samsung plus urgente que jamais | PlanHub.ca\",\"isPartOf\":{\"@id\":\"https:\\\/\\\/www.planhub.ca\\\/blog\\\/fr\\\/#website\"},\"primaryImageOfPage\":{\"@id\":\"https:\\\/\\\/www.planhub.ca\\\/blog\\\/fr\\\/une-faille-critique-sur-galaxy-rend-la-mise-a-jour-samsung-plus-urgente-que-jamais\\\/#primaryimage\"},\"image\":{\"@id\":\"https:\\\/\\\/www.planhub.ca\\\/blog\\\/fr\\\/une-faille-critique-sur-galaxy-rend-la-mise-a-jour-samsung-plus-urgente-que-jamais\\\/#primaryimage\"},\"thumbnailUrl\":\"https:\\\/\\\/www.planhub.ca\\\/blog\\\/wp-content\\\/uploads\\\/2025\\\/07\\\/Samsung-Galaxy-S25.jpg\",\"datePublished\":\"2025-09-16T14:03:26+00:00\",\"dateModified\":\"2025-09-16T14:11:12+00:00\",\"description\":\"Preuve en est avec cette nouvelle alerte de s\u00e9curit\u00e9 qui concerne des millions d'utilisateurs de smartphones Samsung Galaxy.\",\"breadcrumb\":{\"@id\":\"https:\\\/\\\/www.planhub.ca\\\/blog\\\/fr\\\/une-faille-critique-sur-galaxy-rend-la-mise-a-jour-samsung-plus-urgente-que-jamais\\\/#breadcrumb\"},\"inLanguage\":\"fr-CA\",\"potentialAction\":[{\"@type\":\"ReadAction\",\"target\":[\"https:\\\/\\\/www.planhub.ca\\\/blog\\\/fr\\\/une-faille-critique-sur-galaxy-rend-la-mise-a-jour-samsung-plus-urgente-que-jamais\\\/\"]}]},{\"@type\":\"ImageObject\",\"inLanguage\":\"fr-CA\",\"@id\":\"https:\\\/\\\/www.planhub.ca\\\/blog\\\/fr\\\/une-faille-critique-sur-galaxy-rend-la-mise-a-jour-samsung-plus-urgente-que-jamais\\\/#primaryimage\",\"url\":\"https:\\\/\\\/www.planhub.ca\\\/blog\\\/wp-content\\\/uploads\\\/2025\\\/07\\\/Samsung-Galaxy-S25.jpg\",\"contentUrl\":\"https:\\\/\\\/www.planhub.ca\\\/blog\\\/wp-content\\\/uploads\\\/2025\\\/07\\\/Samsung-Galaxy-S25.jpg\",\"width\":1280,\"height\":720,\"caption\":\"Samsung Galaxy\"},{\"@type\":\"BreadcrumbList\",\"@id\":\"https:\\\/\\\/www.planhub.ca\\\/blog\\\/fr\\\/une-faille-critique-sur-galaxy-rend-la-mise-a-jour-samsung-plus-urgente-que-jamais\\\/#breadcrumb\",\"itemListElement\":[{\"@type\":\"ListItem\",\"position\":1,\"name\":\"Home\",\"item\":\"https:\\\/\\\/www.planhub.ca\\\/blog\\\/fr\\\/\"},{\"@type\":\"ListItem\",\"position\":2,\"name\":\"Mobile\",\"item\":\"https:\\\/\\\/www.planhub.ca\\\/blog\\\/fr\\\/category\\\/mobile-fr\\\/\"},{\"@type\":\"ListItem\",\"position\":3,\"name\":\"Une faille critique sur Galaxy rend la mise \u00e0 jour Samsung plus urgente que jamais\"}]},{\"@type\":\"WebSite\",\"@id\":\"https:\\\/\\\/www.planhub.ca\\\/blog\\\/fr\\\/#website\",\"url\":\"https:\\\/\\\/www.planhub.ca\\\/blog\\\/fr\\\/\",\"name\":\"PlanHub.ca The Blog - Promotions, Guides, News and more!\",\"description\":\"PlanHub\",\"publisher\":{\"@id\":\"https:\\\/\\\/www.planhub.ca\\\/blog\\\/fr\\\/#organization\"},\"alternateName\":\"PlanHub.ca The Blog\",\"potentialAction\":[{\"@type\":\"SearchAction\",\"target\":{\"@type\":\"EntryPoint\",\"urlTemplate\":\"https:\\\/\\\/www.planhub.ca\\\/blog\\\/fr\\\/?s={search_term_string}\"},\"query-input\":{\"@type\":\"PropertyValueSpecification\",\"valueRequired\":true,\"valueName\":\"search_term_string\"}}],\"inLanguage\":\"fr-CA\"},{\"@type\":\"Organization\",\"@id\":\"https:\\\/\\\/www.planhub.ca\\\/blog\\\/fr\\\/#organization\",\"name\":\"PlanHub.ca\",\"alternateName\":\"PlanHub.ca\",\"url\":\"https:\\\/\\\/www.planhub.ca\\\/blog\\\/fr\\\/\",\"logo\":{\"@type\":\"ImageObject\",\"inLanguage\":\"fr-CA\",\"@id\":\"https:\\\/\\\/www.planhub.ca\\\/blog\\\/fr\\\/#\\\/schema\\\/logo\\\/image\\\/\",\"url\":\"https:\\\/\\\/www.planhub.ca\\\/blog\\\/wp-content\\\/uploads\\\/2024\\\/04\\\/logo_planhub_horizontal_vert-2-2.png\",\"contentUrl\":\"https:\\\/\\\/www.planhub.ca\\\/blog\\\/wp-content\\\/uploads\\\/2024\\\/04\\\/logo_planhub_horizontal_vert-2-2.png\",\"width\":900,\"height\":360,\"caption\":\"PlanHub.ca\"},\"image\":{\"@id\":\"https:\\\/\\\/www.planhub.ca\\\/blog\\\/fr\\\/#\\\/schema\\\/logo\\\/image\\\/\"},\"sameAs\":[\"https:\\\/\\\/www.facebook.com\\\/planhub.ca\",\"https:\\\/\\\/x.com\\\/PlanHub_ca\",\"https:\\\/\\\/ca.linkedin.com\\\/company\\\/planhub-ca\"]},{\"@type\":\"Person\",\"@id\":\"https:\\\/\\\/www.planhub.ca\\\/blog\\\/fr\\\/#\\\/schema\\\/person\\\/0fc50c29fc70aed3bd0235a1a32ad741\",\"name\":\"Youssef Amenzou\",\"image\":{\"@type\":\"ImageObject\",\"inLanguage\":\"fr-CA\",\"@id\":\"https:\\\/\\\/secure.gravatar.com\\\/avatar\\\/40f83fbe450119ce3791627993ac342a9f2ba2466443d8537eb15362417fa0e6?s=96&d=blank&r=g\",\"url\":\"https:\\\/\\\/secure.gravatar.com\\\/avatar\\\/40f83fbe450119ce3791627993ac342a9f2ba2466443d8537eb15362417fa0e6?s=96&d=blank&r=g\",\"contentUrl\":\"https:\\\/\\\/secure.gravatar.com\\\/avatar\\\/40f83fbe450119ce3791627993ac342a9f2ba2466443d8537eb15362417fa0e6?s=96&d=blank&r=g\",\"caption\":\"Youssef Amenzou\"},\"description\":\"A true Swiss army knife, Youssef has a fairly wide range of skills. Officially Growth Manager, he is also involved in the production of content for the site and the presence of planhub on social networks. Here, Youssef dissects all the mobile and internet news for you.\",\"sameAs\":[\"https:\\\/\\\/www.linkedin.com\\\/in\\\/youssef-amenzou-9b9289104\\\/\",\"https:\\\/\\\/www.instagram.com\\\/yamenzou_gaming\\\/\"],\"url\":\"https:\\\/\\\/www.planhub.ca\\\/blog\\\/fr\\\/author\\\/youssef\\\/\"}]}<\/script>\n<!-- \/ Yoast SEO plugin. -->","yoast_head_json":{"title":"Une faille critique sur Galaxy rend la mise \u00e0 jour Samsung plus urgente que jamais | PlanHub.ca","description":"Preuve en est avec cette nouvelle alerte de s\u00e9curit\u00e9 qui concerne des millions d'utilisateurs de smartphones Samsung Galaxy.","robots":{"index":"index","follow":"follow","max-snippet":"max-snippet:-1","max-image-preview":"max-image-preview:large","max-video-preview":"max-video-preview:-1"},"canonical":"https:\/\/www.planhub.ca\/blog\/fr\/une-faille-critique-sur-galaxy-rend-la-mise-a-jour-samsung-plus-urgente-que-jamais\/","og_locale":"fr_CA","og_type":"article","og_title":"Une faille critique sur Galaxy rend la mise \u00e0 jour Samsung plus urgente que jamais | PlanHub.ca","og_description":"Preuve en est avec cette nouvelle alerte de s\u00e9curit\u00e9 qui concerne des millions d'utilisateurs de smartphones Samsung Galaxy.","og_url":"https:\/\/www.planhub.ca\/blog\/fr\/une-faille-critique-sur-galaxy-rend-la-mise-a-jour-samsung-plus-urgente-que-jamais\/","og_site_name":"Le Blogue - Promotions, Guides, Nouvelles et plus!","article_publisher":"https:\/\/www.facebook.com\/planhub.ca","article_author":"https:\/\/www.linkedin.com\/in\/youssef-amenzou-9b9289104\/","article_published_time":"2025-09-16T14:03:26+00:00","article_modified_time":"2025-09-16T14:11:12+00:00","og_image":[{"width":1280,"height":720,"url":"https:\/\/www.planhub.ca\/blog\/wp-content\/uploads\/2025\/07\/Samsung-Galaxy-S25.jpg","type":"image\/jpeg"}],"author":"Youssef Amenzou","twitter_card":"summary_large_image","twitter_creator":"@PlanHub_ca","twitter_site":"@PlanHub_ca","twitter_misc":{"\u00c9crit par":"Youssef Amenzou","Estimation du temps de lecture":"2 minutes"},"schema":{"@context":"https:\/\/schema.org","@graph":[{"@type":"Article","@id":"https:\/\/www.planhub.ca\/blog\/fr\/une-faille-critique-sur-galaxy-rend-la-mise-a-jour-samsung-plus-urgente-que-jamais\/#article","isPartOf":{"@id":"https:\/\/www.planhub.ca\/blog\/fr\/une-faille-critique-sur-galaxy-rend-la-mise-a-jour-samsung-plus-urgente-que-jamais\/"},"author":{"name":"Youssef Amenzou","@id":"https:\/\/www.planhub.ca\/blog\/fr\/#\/schema\/person\/0fc50c29fc70aed3bd0235a1a32ad741"},"headline":"Une faille critique sur Galaxy rend la mise \u00e0 jour Samsung plus urgente que jamais","datePublished":"2025-09-16T14:03:26+00:00","dateModified":"2025-09-16T14:11:12+00:00","mainEntityOfPage":{"@id":"https:\/\/www.planhub.ca\/blog\/fr\/une-faille-critique-sur-galaxy-rend-la-mise-a-jour-samsung-plus-urgente-que-jamais\/"},"wordCount":493,"publisher":{"@id":"https:\/\/www.planhub.ca\/blog\/fr\/#organization"},"image":{"@id":"https:\/\/www.planhub.ca\/blog\/fr\/une-faille-critique-sur-galaxy-rend-la-mise-a-jour-samsung-plus-urgente-que-jamais\/#primaryimage"},"thumbnailUrl":"https:\/\/www.planhub.ca\/blog\/wp-content\/uploads\/2025\/07\/Samsung-Galaxy-S25.jpg","keywords":["mobile","samsung"],"articleSection":["Articles","Mobile"],"inLanguage":"fr-CA"},{"@type":"WebPage","@id":"https:\/\/www.planhub.ca\/blog\/fr\/une-faille-critique-sur-galaxy-rend-la-mise-a-jour-samsung-plus-urgente-que-jamais\/","url":"https:\/\/www.planhub.ca\/blog\/fr\/une-faille-critique-sur-galaxy-rend-la-mise-a-jour-samsung-plus-urgente-que-jamais\/","name":"Une faille critique sur Galaxy rend la mise \u00e0 jour Samsung plus urgente que jamais | PlanHub.ca","isPartOf":{"@id":"https:\/\/www.planhub.ca\/blog\/fr\/#website"},"primaryImageOfPage":{"@id":"https:\/\/www.planhub.ca\/blog\/fr\/une-faille-critique-sur-galaxy-rend-la-mise-a-jour-samsung-plus-urgente-que-jamais\/#primaryimage"},"image":{"@id":"https:\/\/www.planhub.ca\/blog\/fr\/une-faille-critique-sur-galaxy-rend-la-mise-a-jour-samsung-plus-urgente-que-jamais\/#primaryimage"},"thumbnailUrl":"https:\/\/www.planhub.ca\/blog\/wp-content\/uploads\/2025\/07\/Samsung-Galaxy-S25.jpg","datePublished":"2025-09-16T14:03:26+00:00","dateModified":"2025-09-16T14:11:12+00:00","description":"Preuve en est avec cette nouvelle alerte de s\u00e9curit\u00e9 qui concerne des millions d'utilisateurs de smartphones Samsung Galaxy.","breadcrumb":{"@id":"https:\/\/www.planhub.ca\/blog\/fr\/une-faille-critique-sur-galaxy-rend-la-mise-a-jour-samsung-plus-urgente-que-jamais\/#breadcrumb"},"inLanguage":"fr-CA","potentialAction":[{"@type":"ReadAction","target":["https:\/\/www.planhub.ca\/blog\/fr\/une-faille-critique-sur-galaxy-rend-la-mise-a-jour-samsung-plus-urgente-que-jamais\/"]}]},{"@type":"ImageObject","inLanguage":"fr-CA","@id":"https:\/\/www.planhub.ca\/blog\/fr\/une-faille-critique-sur-galaxy-rend-la-mise-a-jour-samsung-plus-urgente-que-jamais\/#primaryimage","url":"https:\/\/www.planhub.ca\/blog\/wp-content\/uploads\/2025\/07\/Samsung-Galaxy-S25.jpg","contentUrl":"https:\/\/www.planhub.ca\/blog\/wp-content\/uploads\/2025\/07\/Samsung-Galaxy-S25.jpg","width":1280,"height":720,"caption":"Samsung Galaxy"},{"@type":"BreadcrumbList","@id":"https:\/\/www.planhub.ca\/blog\/fr\/une-faille-critique-sur-galaxy-rend-la-mise-a-jour-samsung-plus-urgente-que-jamais\/#breadcrumb","itemListElement":[{"@type":"ListItem","position":1,"name":"Home","item":"https:\/\/www.planhub.ca\/blog\/fr\/"},{"@type":"ListItem","position":2,"name":"Mobile","item":"https:\/\/www.planhub.ca\/blog\/fr\/category\/mobile-fr\/"},{"@type":"ListItem","position":3,"name":"Une faille critique sur Galaxy rend la mise \u00e0 jour Samsung plus urgente que jamais"}]},{"@type":"WebSite","@id":"https:\/\/www.planhub.ca\/blog\/fr\/#website","url":"https:\/\/www.planhub.ca\/blog\/fr\/","name":"PlanHub.ca The Blog - Promotions, Guides, News and more!","description":"PlanHub","publisher":{"@id":"https:\/\/www.planhub.ca\/blog\/fr\/#organization"},"alternateName":"PlanHub.ca The Blog","potentialAction":[{"@type":"SearchAction","target":{"@type":"EntryPoint","urlTemplate":"https:\/\/www.planhub.ca\/blog\/fr\/?s={search_term_string}"},"query-input":{"@type":"PropertyValueSpecification","valueRequired":true,"valueName":"search_term_string"}}],"inLanguage":"fr-CA"},{"@type":"Organization","@id":"https:\/\/www.planhub.ca\/blog\/fr\/#organization","name":"PlanHub.ca","alternateName":"PlanHub.ca","url":"https:\/\/www.planhub.ca\/blog\/fr\/","logo":{"@type":"ImageObject","inLanguage":"fr-CA","@id":"https:\/\/www.planhub.ca\/blog\/fr\/#\/schema\/logo\/image\/","url":"https:\/\/www.planhub.ca\/blog\/wp-content\/uploads\/2024\/04\/logo_planhub_horizontal_vert-2-2.png","contentUrl":"https:\/\/www.planhub.ca\/blog\/wp-content\/uploads\/2024\/04\/logo_planhub_horizontal_vert-2-2.png","width":900,"height":360,"caption":"PlanHub.ca"},"image":{"@id":"https:\/\/www.planhub.ca\/blog\/fr\/#\/schema\/logo\/image\/"},"sameAs":["https:\/\/www.facebook.com\/planhub.ca","https:\/\/x.com\/PlanHub_ca","https:\/\/ca.linkedin.com\/company\/planhub-ca"]},{"@type":"Person","@id":"https:\/\/www.planhub.ca\/blog\/fr\/#\/schema\/person\/0fc50c29fc70aed3bd0235a1a32ad741","name":"Youssef Amenzou","image":{"@type":"ImageObject","inLanguage":"fr-CA","@id":"https:\/\/secure.gravatar.com\/avatar\/40f83fbe450119ce3791627993ac342a9f2ba2466443d8537eb15362417fa0e6?s=96&d=blank&r=g","url":"https:\/\/secure.gravatar.com\/avatar\/40f83fbe450119ce3791627993ac342a9f2ba2466443d8537eb15362417fa0e6?s=96&d=blank&r=g","contentUrl":"https:\/\/secure.gravatar.com\/avatar\/40f83fbe450119ce3791627993ac342a9f2ba2466443d8537eb15362417fa0e6?s=96&d=blank&r=g","caption":"Youssef Amenzou"},"description":"A true Swiss army knife, Youssef has a fairly wide range of skills. Officially Growth Manager, he is also involved in the production of content for the site and the presence of planhub on social networks. Here, Youssef dissects all the mobile and internet news for you.","sameAs":["https:\/\/www.linkedin.com\/in\/youssef-amenzou-9b9289104\/","https:\/\/www.instagram.com\/yamenzou_gaming\/"],"url":"https:\/\/www.planhub.ca\/blog\/fr\/author\/youssef\/"}]}},"_links":{"self":[{"href":"https:\/\/www.planhub.ca\/blog\/fr\/wp-json\/wp\/v2\/posts\/24418","targetHints":{"allow":["GET"]}}],"collection":[{"href":"https:\/\/www.planhub.ca\/blog\/fr\/wp-json\/wp\/v2\/posts"}],"about":[{"href":"https:\/\/www.planhub.ca\/blog\/fr\/wp-json\/wp\/v2\/types\/post"}],"author":[{"embeddable":true,"href":"https:\/\/www.planhub.ca\/blog\/fr\/wp-json\/wp\/v2\/users\/39"}],"replies":[{"embeddable":true,"href":"https:\/\/www.planhub.ca\/blog\/fr\/wp-json\/wp\/v2\/comments?post=24418"}],"version-history":[{"count":7,"href":"https:\/\/www.planhub.ca\/blog\/fr\/wp-json\/wp\/v2\/posts\/24418\/revisions"}],"predecessor-version":[{"id":24425,"href":"https:\/\/www.planhub.ca\/blog\/fr\/wp-json\/wp\/v2\/posts\/24418\/revisions\/24425"}],"wp:featuredmedia":[{"embeddable":true,"href":"https:\/\/www.planhub.ca\/blog\/fr\/wp-json\/wp\/v2\/media\/22024"}],"wp:attachment":[{"href":"https:\/\/www.planhub.ca\/blog\/fr\/wp-json\/wp\/v2\/media?parent=24418"}],"wp:term":[{"taxonomy":"category","embeddable":true,"href":"https:\/\/www.planhub.ca\/blog\/fr\/wp-json\/wp\/v2\/categories?post=24418"},{"taxonomy":"post_tag","embeddable":true,"href":"https:\/\/www.planhub.ca\/blog\/fr\/wp-json\/wp\/v2\/tags?post=24418"}],"curies":[{"name":"wp","href":"https:\/\/api.w.org\/{rel}","templated":true}]}}