{"id":28960,"date":"2026-09-01T15:05:01","date_gmt":"2026-09-01T20:05:01","guid":{"rendered":"https:\/\/www.planhub.ca\/blog\/?p=28960"},"modified":"2026-09-01T15:51:00","modified_gmt":"2026-09-01T20:51:00","slug":"apple-event-2026-iphone-18-pro-iphone-pliable","status":"publish","type":"post","link":"https:\/\/www.planhub.ca\/blog\/fr\/apple-event-2026-iphone-18-pro-iphone-pliable\/","title":{"rendered":"Apple Event du 9 septembre : iPhone 18 Pro et iPhone pliable, tout ce que l\u2019on sait"},"content":{"rendered":"\n<p class=\"wp-block-paragraph\">Apple s\u2019appr\u00eate \u00e0 ouvrir un nouveau chapitre. Son prochain grand \u00e9v\u00e9nement est officiellement pr\u00e9vu pour le 9 septembre, quelques jours seulement apr\u00e8s l\u2019arriv\u00e9e de John Ternus \u00e0 la t\u00eate de l\u2019entreprise. Si Apple n\u2019a encore d\u00e9voil\u00e9 aucun produit, plusieurs sources concordantes \u00e9voquent une gamme exceptionnellement haut de gamme, domin\u00e9e par les iPhone 18 Pro et le tout premier iPhone pliable.<\/p>\n\n\n\n<h2 class=\"wp-block-heading\">Une keynote confirm\u00e9e pour le 9 septembre<\/h2>\n\n\n\n<p class=\"wp-block-paragraph\">Apple tiendra son \u00e9v\u00e9nement \u00ab Surprise and shine \u00bb le mercredi 9 septembre \u00e0 10 h, heure du Pacifique, soit 13 h \u00e0 Montr\u00e9al. La pr\u00e9sentation sera diffus\u00e9e sur Apple.com, l\u2019application Apple TV et YouTube. La date et l\u2019heure sont les seuls \u00e9l\u00e9ments officiellement confirm\u00e9s pour le moment. Apple n\u2019a annonc\u00e9 ni la gamme d\u2019iPhone, ni le mod\u00e8le pliable, ni les prix. Apple a publi\u00e9 les d\u00e9tails de diffusion sur son site destin\u00e9 aux <a href=\"https:\/\/developer.apple.com\/news\/?id=s6spdug0\">d\u00e9veloppeurs<\/a>.<\/p>\n\n\n\n<h2 class=\"wp-block-heading\">John Ternus prend les commandes d\u2019Apple<\/h2>\n\n\n\n<p class=\"wp-block-paragraph\">Depuis le 1er septembre, John Ternus est officiellement le nouveau chef de la direction d\u2019Apple. Ancien responsable de l\u2019ing\u00e9nierie mat\u00e9rielle, il succ\u00e8de \u00e0 Tim Cook, qui demeure dans l\u2019entreprise \u00e0 titre de pr\u00e9sident ex\u00e9cutif du conseil d\u2019administration. Il ne s\u2019agit donc pas d\u2019un d\u00e9part complet de Cook, mais d\u2019un transfert de responsabilit\u00e9s pr\u00e9par\u00e9 depuis plusieurs mois. Apple avait confirm\u00e9 cette transition en avril.<\/p>\n\n\n\n<p class=\"wp-block-paragraph\">Le rendez-vous du 9 septembre deviendra ainsi le premier grand lancement de l\u2019\u00e8re Ternus. Le choix d\u2019un ing\u00e9nieur mat\u00e9riel pour diriger Apple donnera aussi une port\u00e9e particuli\u00e8re \u00e0 une \u00e9ventuelle pr\u00e9sentation de son premier iPhone pliable.<\/p>\n\n\n\n<figure class=\"wp-block-image aligncenter size-large\"><img fetchpriority=\"high\" decoding=\"async\" width=\"1024\" height=\"576\" src=\"https:\/\/www.planhub.ca\/blog\/wp-content\/uploads\/2026\/09\/apple-tim-cook-john-ternus-2026-1024x576.jpg\" alt=\"John Ternus et Tim Cook marchant ensemble \u00e0 Apple Park en 2026\" class=\"wp-image-28967\" srcset=\"https:\/\/www.planhub.ca\/blog\/wp-content\/uploads\/2026\/09\/apple-tim-cook-john-ternus-2026-1024x576.jpg 1024w, https:\/\/www.planhub.ca\/blog\/wp-content\/uploads\/2026\/09\/apple-tim-cook-john-ternus-2026-300x169.jpg 300w, https:\/\/www.planhub.ca\/blog\/wp-content\/uploads\/2026\/09\/apple-tim-cook-john-ternus-2026-768x432.jpg 768w, https:\/\/www.planhub.ca\/blog\/wp-content\/uploads\/2026\/09\/apple-tim-cook-john-ternus-2026.jpg 1440w\" sizes=\"(max-width: 1024px) 100vw, 1024px\" \/><figcaption class=\"wp-element-caption\"><em>John Ternus devient chef de la direction d\u2019Apple, tandis que Tim Cook passe au r\u00f4le de pr\u00e9sident ex\u00e9cutif. Cr\u00e9dit : <a href=\"https:\/\/www.apple.com\/newsroom\/2026\/04\/tim-cook-to-become-apple-executive-chairman-john-ternus-to-become-apple-ceo\/\">Apple<\/a>.<\/em><\/figcaption><\/figure>\n\n\n\n<p class=\"wp-block-paragraph\">Le jour de sa prise de fonctions, Ternus a publi\u00e9 sur X un simple \u00ab hello \u00bb. Ce choix fait directement \u00e9cho au lancement du Macintosh original en 1984. Dont le premier salut au public \u00e9tait pr\u00e9cis\u00e9ment \u00ab hello \u00bb. Une fa\u00e7on symbolique d\u2019ouvrir une nouvelle \u00e8re pour Apple, m\u00eame si Ternus n\u2019a pas expliqu\u00e9 publiquement la r\u00e9f\u00e9rence.<\/p>\n\n\n\n<figure class=\"wp-block-image aligncenter size-full\"><img decoding=\"async\" width=\"810\" height=\"796\" src=\"https:\/\/www.planhub.ca\/blog\/wp-content\/uploads\/2026\/09\/john-ternus-first-x-post-apple-ceo-2026.png\" alt=\"Capture du profil X de John Ternus montrant son premier message \u00ab hello \u00bb comme chef de la direction d\u2019Apple\" class=\"wp-image-28961\" srcset=\"https:\/\/www.planhub.ca\/blog\/wp-content\/uploads\/2026\/09\/john-ternus-first-x-post-apple-ceo-2026.png 810w, https:\/\/www.planhub.ca\/blog\/wp-content\/uploads\/2026\/09\/john-ternus-first-x-post-apple-ceo-2026-300x295.png 300w, https:\/\/www.planhub.ca\/blog\/wp-content\/uploads\/2026\/09\/john-ternus-first-x-post-apple-ceo-2026-768x755.png 768w\" sizes=\"(max-width: 810px) 100vw, 810px\" \/><figcaption class=\"wp-element-caption\"><em>Le \u00ab hello \u00bb choisi par John Ternus pour son premier message comme chef de la direction d\u2019Apple fait \u00e9cho au premier salut du Macintosh en 1984.<\/em><\/figcaption><\/figure>\n\n\n\n<h2 class=\"wp-block-heading\">Une gamme iPhone 18 lanc\u00e9e en deux temps<\/h2>\n\n\n\n<p class=\"wp-block-paragraph\">Les informations provenant de la cha\u00eene d\u2019approvisionnement convergent vers un changement important de calendrier. Apple pourrait pr\u00e9senter cet automne seulement l\u2019iPhone 18 Pro, l\u2019iPhone 18 Pro Max et son mod\u00e8le pliable. L\u2019iPhone 18 r\u00e9gulier, l\u2019iPhone 18e et un \u00e9ventuel iPhone Air 2 seraient plut\u00f4t report\u00e9s au printemps 2027. <\/p>\n\n\n\n<p class=\"wp-block-paragraph\">Cette strat\u00e9gie reste non confirm\u00e9e par Apple, mais elle signifierait qu\u2019aucun nouvel iPhone plus abordable ne serait lanc\u00e9 en septembre. Les consommateurs qui ne souhaitent pas acheter un mod\u00e8le Pro pourraient alors conserver leur appareil actuel, choisir un iPhone 17 ou attendre quelques mois de plus.<\/p>\n\n\n\n<h2 class=\"wp-block-heading\">Ce que l\u2019on attend des iPhone 18 Pro<\/h2>\n\n\n\n<p class=\"wp-block-paragraph\">Les iPhone 18 Pro devraient conserver des \u00e9crans de 6,3 et 6,9 pouces, avec un design g\u00e9n\u00e9ral proche de la g\u00e9n\u00e9ration pr\u00e9c\u00e9dente. Les principales nouveaut\u00e9s \u00e9voqu\u00e9es concernent une puce A20 Pro grav\u00e9e en 2 nm, une Dynamic Island plus petite. Cette zone interactive autour de la cam\u00e9ra avant qui affiche les alertes, les notifications et les activit\u00e9s en cours. Et une meilleure autonomie avec un appareil photo principal de 48 m\u00e9gapixels \u00e0 ouverture variable. Un nouveau modem Apple C2 pourrait \u00e9galement am\u00e9liorer la connectivit\u00e9 cellulaire.<\/p>\n\n\n\n<p class=\"wp-block-paragraph\">\u00c0 moins d\u2019une surprise, il s\u2019agirait donc surtout d\u2019une \u00e9volution technique plut\u00f4t que d\u2019une refonte compl\u00e8te. Les prix et les capacit\u00e9s de stockage n\u2019ont pas \u00e9t\u00e9 confirm\u00e9s.<\/p>\n\n\n\n<figure class=\"wp-block-image aligncenter size-large\"><img decoding=\"async\" width=\"1024\" height=\"576\" src=\"https:\/\/www.planhub.ca\/blog\/wp-content\/uploads\/2026\/09\/iphone-18-pro-simulation-picture-1024x576.jpg\" alt=\"Simulation picture d\u2019un possible iPhone 18 Pro avec une Dynamic Island plus petite\" class=\"wp-image-28965\" srcset=\"https:\/\/www.planhub.ca\/blog\/wp-content\/uploads\/2026\/09\/iphone-18-pro-simulation-picture-1024x576.jpg 1024w, https:\/\/www.planhub.ca\/blog\/wp-content\/uploads\/2026\/09\/iphone-18-pro-simulation-picture-300x169.jpg 300w, https:\/\/www.planhub.ca\/blog\/wp-content\/uploads\/2026\/09\/iphone-18-pro-simulation-picture-768x432.jpg 768w, https:\/\/www.planhub.ca\/blog\/wp-content\/uploads\/2026\/09\/iphone-18-pro-simulation-picture-1536x864.jpg 1536w, https:\/\/www.planhub.ca\/blog\/wp-content\/uploads\/2026\/09\/iphone-18-pro-simulation-picture.jpg 1600w\" sizes=\"(max-width: 1024px) 100vw, 1024px\" \/><figcaption class=\"wp-element-caption\"><em>L\u2019iPhone 18 Pro pourrait adopter une Dynamic Island r\u00e9duite et une puce A20 Pro grav\u00e9e en 2 nm. (Illustration conceptuelle non officielle)<\/em><\/figcaption><\/figure>\n\n\n\n<h2 class=\"wp-block-heading\">Le premier iPhone pliable pourrait voler la vedette<\/h2>\n\n\n\n<p class=\"wp-block-paragraph\">Le mod\u00e8le pliable, parfois d\u00e9sign\u00e9 sous le nom d\u2019\u00ab iPhone Ultra \u00bb, devrait adopter un format livre. Les rumeurs les plus persistantes parlent d\u2019un \u00e9cran ext\u00e9rieur d\u2019environ 5,5 pouces et d\u2019un \u00e9cran int\u00e9rieur de 7,8 pouces au format proche d\u2019un iPad. Apple chercherait aussi \u00e0 r\u00e9duire fortement la pliure visible et \u00e0 conserver un bo\u00eetier particuli\u00e8rement mince.<\/p>\n\n\n\n<p class=\"wp-block-paragraph\">Pour gagner de l\u2019espace, Face ID pourrait c\u00e9der la place \u00e0 un capteur Touch ID int\u00e9gr\u00e9 au bouton lat\u00e9ral. Deux appareils photo arri\u00e8re de 48 m\u00e9gapixels sont \u00e9voqu\u00e9s, sans t\u00e9l\u00e9objectif, ainsi qu\u2019une puce de g\u00e9n\u00e9ration A20 grav\u00e9e en 2 nm. Les estimations placent son prix entre 2 000 et 2 500 $ US, mais aucun tarif canadien n\u2019est encore connu. Une disponibilit\u00e9 limit\u00e9e ou l\u00e9g\u00e8rement d\u00e9cal\u00e9e demeure \u00e9galement possible. <\/p>\n\n\n\n<figure class=\"wp-block-image aligncenter size-large\"><img loading=\"lazy\" decoding=\"async\" width=\"1024\" height=\"576\" src=\"https:\/\/www.planhub.ca\/blog\/wp-content\/uploads\/2026\/09\/iphone-foldable-ultra-simulation-picture-1024x576.jpg\" alt=\"Simulation picture d\u2019un possible iPhone pliable Apple ouvert au format livre\" class=\"wp-image-28963\" srcset=\"https:\/\/www.planhub.ca\/blog\/wp-content\/uploads\/2026\/09\/iphone-foldable-ultra-simulation-picture-1024x576.jpg 1024w, https:\/\/www.planhub.ca\/blog\/wp-content\/uploads\/2026\/09\/iphone-foldable-ultra-simulation-picture-300x169.jpg 300w, https:\/\/www.planhub.ca\/blog\/wp-content\/uploads\/2026\/09\/iphone-foldable-ultra-simulation-picture-768x432.jpg 768w, https:\/\/www.planhub.ca\/blog\/wp-content\/uploads\/2026\/09\/iphone-foldable-ultra-simulation-picture-1536x864.jpg 1536w, https:\/\/www.planhub.ca\/blog\/wp-content\/uploads\/2026\/09\/iphone-foldable-ultra-simulation-picture.jpg 1920w\" sizes=\"(max-width: 1024px) 100vw, 1024px\" \/><figcaption class=\"wp-element-caption\"><em>Le premier iPhone pliable d\u2019Apple pourrait combiner un \u00e9cran ext\u00e9rieur de 5,5 pouces et un \u00e9cran int\u00e9rieur de 7,8 pouces<\/em>. <em> (Illustration conceptuelle non officielle)<\/em><\/figcaption><\/figure>\n\n\n\n<h2 class=\"wp-block-heading\">Ce que les acheteurs canadiens devront surveiller<\/h2>\n\n\n\n<p class=\"wp-block-paragraph\">Pour le Canada, les principales inconnues restent le prix, la date de disponibilit\u00e9, les options de financement des op\u00e9rateurs et les \u00e9ventuelles offres de reprise. Si Apple r\u00e9serve r\u00e9ellement l\u2019automne aux mod\u00e8les Pro et pliables, le co\u00fbt total sur 24 mois deviendra plus important que le simple montant mensuel affich\u00e9.<\/p>\n\n\n\n<p class=\"wp-block-paragraph\">Avant de changer d\u2019appareil, il faudra comparer le prix du t\u00e9l\u00e9phone, le forfait exig\u00e9, l\u2019acompte, la valeur de reprise et les conditions de retour. Apple pourrait confirmer l\u2019ensemble de ces \u00e9l\u00e9ments le 9 septembre. Jusque-l\u00e0, la keynote est officielle, mais la composition de la gamme demeure une rumeur.<\/p>\n\n\n\n<p class=\"wp-block-paragraph\">Comparez les forfaits mobiles et les options avec appareil <a href=\"https:\/\/www.planhub.ca\/fr\/marques\/apple\">Apple disponibles au Canada<\/a> avant de choisir votre prochain iPhone.<\/p>\n\n\n\n<h3 class=\"wp-block-heading\">Sources compl\u00e9mentaires<\/h3>\n\n\n\n<ul class=\"wp-block-list\">\n<li><a href=\"https:\/\/developer.apple.com\/news\/?id=s6spdug0\">Apple Event, annonce officielle<\/a><\/li>\n\n\n\n<li><a href=\"https:\/\/www.apple.com\/newsroom\/2026\/04\/tim-cook-to-become-apple-executive-chairman-john-ternus-to-become-apple-ceo\/\">Apple, transition de Tim Cook \u00e0 John Ternus<\/a><\/li>\n\n\n\n<li><a href=\"https:\/\/www.reuters.com\/technology\/apple-sets-sept-9-date-next-iphone-launch-event-2026-08-26\/\">Reuters, \u00e9v\u00e9nement du 9 septembre et iPhone pliable attendu<\/a><\/li>\n\n\n\n<li><a href=\"https:\/\/www.reddit.com\/r\/planhub\/comments\/1vzcwfm\/followup_apple_officially_sets_september_9_event\/\">PlanHub sur Reddit, suivi de l\u2019Apple Event<\/a><\/li>\n\n\n\n<li><a href=\"https:\/\/www.reddit.com\/r\/planhub\/comments\/1w3q169\/today_is_apple_ceo_tim_cooks_last_day\/\">PlanHub sur Reddit, dernier jour de Tim Cook comme chef de la direction<\/a><\/li>\n<\/ul>\n\n\n\n<p class=\"wp-block-paragraph\"><\/p>\n","protected":false},"excerpt":{"rendered":"<p>Apple s\u2019appr\u00eate \u00e0 ouvrir un nouveau chapitre. Son prochain grand \u00e9v\u00e9nement est officiellement pr\u00e9vu pour le 9 septembre, quelques jours seulement apr\u00e8s l\u2019arriv\u00e9e de John Ternus \u00e0 la t\u00eate de l\u2019entreprise. Si Apple n\u2019a encore d\u00e9voil\u00e9 aucun produit, plusieurs sources concordantes \u00e9voquent une gamme exceptionnellement haut de gamme, domin\u00e9e par les iPhone 18 Pro et [&hellip;]<\/p>\n","protected":false},"author":45,"featured_media":28969,"comment_status":"closed","ping_status":"closed","sticky":false,"template":"","format":"standard","meta":{"_acf_changed":false,"footnotes":""},"categories":[489,835,840,28],"tags":[510,1377],"class_list":["post-28960","post","type-post","status-publish","format-standard","has-post-thumbnail","hentry","category-mobile-fr","category-mobile-news-fr","category-mobile-phone-news-fr","category-mobile-phone-fr","tag-apple-fr","tag-iphone18"],"acf":[],"yoast_head":"<!-- This site is optimized with the Yoast SEO plugin v28.3 - https:\/\/yoast.com\/product\/yoast-seo-wordpress\/ -->\n<title>Apple Event 2026 : iPhone 18 Pro et iPhone pliable | PlanHub.ca<\/title>\n<meta name=\"description\" content=\"Apple Event 2026 : d\u00e9couvrez ce qui est confirm\u00e9 et les rumeurs sur l\u2019iPhone 18 Pro, l\u2019iPhone pliable et les enjeux pour les Canadiens.\" \/>\n<meta name=\"robots\" content=\"index, follow, max-snippet:-1, max-image-preview:large, max-video-preview:-1\" \/>\n<link rel=\"canonical\" href=\"https:\/\/www.planhub.ca\/blog\/fr\/apple-event-2026-iphone-18-pro-iphone-pliable\/\" \/>\n<meta property=\"og:locale\" content=\"fr_CA\" \/>\n<meta property=\"og:type\" content=\"article\" \/>\n<meta property=\"og:title\" content=\"Apple Event 2026 : iPhone 18 Pro et iPhone pliable | PlanHub.ca\" \/>\n<meta property=\"og:description\" content=\"Apple Event 2026 : d\u00e9couvrez ce qui est confirm\u00e9 et les rumeurs sur l\u2019iPhone 18 Pro, l\u2019iPhone pliable et les enjeux pour les Canadiens.\" \/>\n<meta property=\"og:url\" content=\"https:\/\/www.planhub.ca\/blog\/fr\/apple-event-2026-iphone-18-pro-iphone-pliable\/\" \/>\n<meta property=\"og:site_name\" content=\"Le Blogue - Promotions, Guides, Nouvelles et plus!\" \/>\n<meta property=\"article:publisher\" content=\"https:\/\/www.facebook.com\/planhub.ca\" \/>\n<meta property=\"article:published_time\" content=\"2026-09-01T20:05:01+00:00\" \/>\n<meta property=\"article:modified_time\" content=\"2026-09-01T20:51:00+00:00\" \/>\n<meta property=\"og:image\" content=\"https:\/\/www.planhub.ca\/blog\/wp-content\/uploads\/2026\/09\/apple-event-surprise-and-shine-2026.jpg\" \/>\n\t<meta property=\"og:image:width\" content=\"2048\" \/>\n\t<meta property=\"og:image:height\" content=\"1152\" \/>\n\t<meta property=\"og:image:type\" content=\"image\/jpeg\" \/>\n<meta name=\"author\" content=\"Julien Junet\" \/>\n<meta name=\"twitter:card\" content=\"summary_large_image\" \/>\n<meta name=\"twitter:creator\" content=\"@PlanHub_ca\" \/>\n<meta name=\"twitter:site\" content=\"@PlanHub_ca\" \/>\n<meta name=\"twitter:label1\" content=\"\u00c9crit par\" \/>\n\t<meta name=\"twitter:data1\" content=\"Julien Junet\" \/>\n\t<meta name=\"twitter:label2\" content=\"Estimation du temps de lecture\" \/>\n\t<meta name=\"twitter:data2\" content=\"5 minutes\" \/>\n<script type=\"application\/ld+json\" class=\"yoast-schema-graph\">{\"@context\":\"https:\\\/\\\/schema.org\",\"@graph\":[{\"@type\":\"Article\",\"@id\":\"https:\\\/\\\/www.planhub.ca\\\/blog\\\/fr\\\/apple-event-2026-iphone-18-pro-iphone-pliable\\\/#article\",\"isPartOf\":{\"@id\":\"https:\\\/\\\/www.planhub.ca\\\/blog\\\/fr\\\/apple-event-2026-iphone-18-pro-iphone-pliable\\\/\"},\"author\":{\"name\":\"Julien Junet\",\"@id\":\"https:\\\/\\\/www.planhub.ca\\\/blog\\\/fr\\\/#\\\/schema\\\/person\\\/5ecfc59983e63eb2b1d8095b96929828\"},\"headline\":\"Apple Event du 9 septembre : iPhone 18 Pro et iPhone pliable, tout ce que l\u2019on sait\",\"datePublished\":\"2026-09-01T20:05:01+00:00\",\"dateModified\":\"2026-09-01T20:51:00+00:00\",\"mainEntityOfPage\":{\"@id\":\"https:\\\/\\\/www.planhub.ca\\\/blog\\\/fr\\\/apple-event-2026-iphone-18-pro-iphone-pliable\\\/\"},\"wordCount\":1030,\"publisher\":{\"@id\":\"https:\\\/\\\/www.planhub.ca\\\/blog\\\/fr\\\/#organization\"},\"image\":{\"@id\":\"https:\\\/\\\/www.planhub.ca\\\/blog\\\/fr\\\/apple-event-2026-iphone-18-pro-iphone-pliable\\\/#primaryimage\"},\"thumbnailUrl\":\"https:\\\/\\\/www.planhub.ca\\\/blog\\\/wp-content\\\/uploads\\\/2026\\\/09\\\/apple-event-surprise-and-shine-2026.jpg\",\"keywords\":[\"Apple\",\"iphone18\"],\"articleSection\":[\"Mobile\",\"Nouvelles\",\"Nouvelles\",\"T\u00e9l\u00e9phone Mobile\"],\"inLanguage\":\"fr-CA\"},{\"@type\":\"WebPage\",\"@id\":\"https:\\\/\\\/www.planhub.ca\\\/blog\\\/fr\\\/apple-event-2026-iphone-18-pro-iphone-pliable\\\/\",\"url\":\"https:\\\/\\\/www.planhub.ca\\\/blog\\\/fr\\\/apple-event-2026-iphone-18-pro-iphone-pliable\\\/\",\"name\":\"Apple Event 2026 : iPhone 18 Pro et iPhone pliable | PlanHub.ca\",\"isPartOf\":{\"@id\":\"https:\\\/\\\/www.planhub.ca\\\/blog\\\/fr\\\/#website\"},\"primaryImageOfPage\":{\"@id\":\"https:\\\/\\\/www.planhub.ca\\\/blog\\\/fr\\\/apple-event-2026-iphone-18-pro-iphone-pliable\\\/#primaryimage\"},\"image\":{\"@id\":\"https:\\\/\\\/www.planhub.ca\\\/blog\\\/fr\\\/apple-event-2026-iphone-18-pro-iphone-pliable\\\/#primaryimage\"},\"thumbnailUrl\":\"https:\\\/\\\/www.planhub.ca\\\/blog\\\/wp-content\\\/uploads\\\/2026\\\/09\\\/apple-event-surprise-and-shine-2026.jpg\",\"datePublished\":\"2026-09-01T20:05:01+00:00\",\"dateModified\":\"2026-09-01T20:51:00+00:00\",\"description\":\"Apple Event 2026 : d\u00e9couvrez ce qui est confirm\u00e9 et les rumeurs sur l\u2019iPhone 18 Pro, l\u2019iPhone pliable et les enjeux pour les Canadiens.\",\"breadcrumb\":{\"@id\":\"https:\\\/\\\/www.planhub.ca\\\/blog\\\/fr\\\/apple-event-2026-iphone-18-pro-iphone-pliable\\\/#breadcrumb\"},\"inLanguage\":\"fr-CA\",\"potentialAction\":[{\"@type\":\"ReadAction\",\"target\":[\"https:\\\/\\\/www.planhub.ca\\\/blog\\\/fr\\\/apple-event-2026-iphone-18-pro-iphone-pliable\\\/\"]}]},{\"@type\":\"ImageObject\",\"inLanguage\":\"fr-CA\",\"@id\":\"https:\\\/\\\/www.planhub.ca\\\/blog\\\/fr\\\/apple-event-2026-iphone-18-pro-iphone-pliable\\\/#primaryimage\",\"url\":\"https:\\\/\\\/www.planhub.ca\\\/blog\\\/wp-content\\\/uploads\\\/2026\\\/09\\\/apple-event-surprise-and-shine-2026.jpg\",\"contentUrl\":\"https:\\\/\\\/www.planhub.ca\\\/blog\\\/wp-content\\\/uploads\\\/2026\\\/09\\\/apple-event-surprise-and-shine-2026.jpg\",\"width\":2048,\"height\":1152,\"caption\":\"Logo Apple lumineux sur fond bleu pour l\u2019\u00e9v\u00e9nement Surprise and shine du 9 septembre 2026\"},{\"@type\":\"BreadcrumbList\",\"@id\":\"https:\\\/\\\/www.planhub.ca\\\/blog\\\/fr\\\/apple-event-2026-iphone-18-pro-iphone-pliable\\\/#breadcrumb\",\"itemListElement\":[{\"@type\":\"ListItem\",\"position\":1,\"name\":\"Home\",\"item\":\"https:\\\/\\\/www.planhub.ca\\\/blog\\\/fr\\\/\"},{\"@type\":\"ListItem\",\"position\":2,\"name\":\"Mobile\",\"item\":\"https:\\\/\\\/www.planhub.ca\\\/blog\\\/fr\\\/category\\\/mobile-fr\\\/\"},{\"@type\":\"ListItem\",\"position\":3,\"name\":\"Apple Event du 9 septembre : iPhone 18 Pro et iPhone pliable, tout ce que l\u2019on sait\"}]},{\"@type\":\"WebSite\",\"@id\":\"https:\\\/\\\/www.planhub.ca\\\/blog\\\/fr\\\/#website\",\"url\":\"https:\\\/\\\/www.planhub.ca\\\/blog\\\/fr\\\/\",\"name\":\"PlanHub.ca The Blog - Promotions, Guides, News and more!\",\"description\":\"PlanHub\",\"publisher\":{\"@id\":\"https:\\\/\\\/www.planhub.ca\\\/blog\\\/fr\\\/#organization\"},\"alternateName\":\"PlanHub.ca The Blog\",\"potentialAction\":[{\"@type\":\"SearchAction\",\"target\":{\"@type\":\"EntryPoint\",\"urlTemplate\":\"https:\\\/\\\/www.planhub.ca\\\/blog\\\/fr\\\/?s={search_term_string}\"},\"query-input\":{\"@type\":\"PropertyValueSpecification\",\"valueRequired\":true,\"valueName\":\"search_term_string\"}}],\"inLanguage\":\"fr-CA\"},{\"@type\":\"Organization\",\"@id\":\"https:\\\/\\\/www.planhub.ca\\\/blog\\\/fr\\\/#organization\",\"name\":\"PlanHub.ca\",\"alternateName\":\"PlanHub.ca\",\"url\":\"https:\\\/\\\/www.planhub.ca\\\/blog\\\/fr\\\/\",\"logo\":{\"@type\":\"ImageObject\",\"inLanguage\":\"fr-CA\",\"@id\":\"https:\\\/\\\/www.planhub.ca\\\/blog\\\/fr\\\/#\\\/schema\\\/logo\\\/image\\\/\",\"url\":\"https:\\\/\\\/www.planhub.ca\\\/blog\\\/wp-content\\\/uploads\\\/2024\\\/04\\\/logo_planhub_horizontal_vert-2-2.png\",\"contentUrl\":\"https:\\\/\\\/www.planhub.ca\\\/blog\\\/wp-content\\\/uploads\\\/2024\\\/04\\\/logo_planhub_horizontal_vert-2-2.png\",\"width\":900,\"height\":360,\"caption\":\"PlanHub.ca\"},\"image\":{\"@id\":\"https:\\\/\\\/www.planhub.ca\\\/blog\\\/fr\\\/#\\\/schema\\\/logo\\\/image\\\/\"},\"sameAs\":[\"https:\\\/\\\/www.facebook.com\\\/planhub.ca\",\"https:\\\/\\\/x.com\\\/PlanHub_ca\",\"https:\\\/\\\/ca.linkedin.com\\\/company\\\/planhub-ca\"]},{\"@type\":\"Person\",\"@id\":\"https:\\\/\\\/www.planhub.ca\\\/blog\\\/fr\\\/#\\\/schema\\\/person\\\/5ecfc59983e63eb2b1d8095b96929828\",\"name\":\"Julien Junet\",\"pronouns\":\"he\\\/him\",\"image\":{\"@type\":\"ImageObject\",\"inLanguage\":\"fr-CA\",\"@id\":\"https:\\\/\\\/secure.gravatar.com\\\/avatar\\\/5c7b073a472aada4b7dfe77caaae50b52a840a5ec45cb3c825eeeeea6334be00?s=96&d=blank&r=g\",\"url\":\"https:\\\/\\\/secure.gravatar.com\\\/avatar\\\/5c7b073a472aada4b7dfe77caaae50b52a840a5ec45cb3c825eeeeea6334be00?s=96&d=blank&r=g\",\"contentUrl\":\"https:\\\/\\\/secure.gravatar.com\\\/avatar\\\/5c7b073a472aada4b7dfe77caaae50b52a840a5ec45cb3c825eeeeea6334be00?s=96&d=blank&r=g\",\"caption\":\"Julien Junet\"},\"description\":\"Driven by one simple question: how does technology shape our habits, choices, and instincts? Blending music, visual art, internet culture, and digital strategy, Julien Junet contributes to PlanHub through content, community work, moderation, and social media. He is also an editor and writer for Branchez-vous.com. His playground is telecom, AI, forums, online communities, hidden trends, and overlooked angles. His goal: cut through the noise, extract what matters, and help readers see what\u2019s coming next.\",\"sameAs\":[\"https:\\\/\\\/www.planhub.ca\\\/blog\\\/en\\\/author\\\/julien-junet\\\/\",\"https:\\\/\\\/www.linkedin.com\\\/in\\\/jujunet\\\/\"],\"url\":\"https:\\\/\\\/www.planhub.ca\\\/blog\\\/fr\\\/author\\\/julien-junet\\\/\"}]}<\/script>\n<!-- \/ Yoast SEO plugin. -->","yoast_head_json":{"title":"Apple Event 2026 : iPhone 18 Pro et iPhone pliable | PlanHub.ca","description":"Apple Event 2026 : d\u00e9couvrez ce qui est confirm\u00e9 et les rumeurs sur l\u2019iPhone 18 Pro, l\u2019iPhone pliable et les enjeux pour les Canadiens.","robots":{"index":"index","follow":"follow","max-snippet":"max-snippet:-1","max-image-preview":"max-image-preview:large","max-video-preview":"max-video-preview:-1"},"canonical":"https:\/\/www.planhub.ca\/blog\/fr\/apple-event-2026-iphone-18-pro-iphone-pliable\/","og_locale":"fr_CA","og_type":"article","og_title":"Apple Event 2026 : iPhone 18 Pro et iPhone pliable | PlanHub.ca","og_description":"Apple Event 2026 : d\u00e9couvrez ce qui est confirm\u00e9 et les rumeurs sur l\u2019iPhone 18 Pro, l\u2019iPhone pliable et les enjeux pour les Canadiens.","og_url":"https:\/\/www.planhub.ca\/blog\/fr\/apple-event-2026-iphone-18-pro-iphone-pliable\/","og_site_name":"Le Blogue - Promotions, Guides, Nouvelles et plus!","article_publisher":"https:\/\/www.facebook.com\/planhub.ca","article_published_time":"2026-09-01T20:05:01+00:00","article_modified_time":"2026-09-01T20:51:00+00:00","og_image":[{"width":2048,"height":1152,"url":"https:\/\/www.planhub.ca\/blog\/wp-content\/uploads\/2026\/09\/apple-event-surprise-and-shine-2026.jpg","type":"image\/jpeg"}],"author":"Julien Junet","twitter_card":"summary_large_image","twitter_creator":"@PlanHub_ca","twitter_site":"@PlanHub_ca","twitter_misc":{"\u00c9crit par":"Julien Junet","Estimation du temps de lecture":"5 minutes"},"schema":{"@context":"https:\/\/schema.org","@graph":[{"@type":"Article","@id":"https:\/\/www.planhub.ca\/blog\/fr\/apple-event-2026-iphone-18-pro-iphone-pliable\/#article","isPartOf":{"@id":"https:\/\/www.planhub.ca\/blog\/fr\/apple-event-2026-iphone-18-pro-iphone-pliable\/"},"author":{"name":"Julien Junet","@id":"https:\/\/www.planhub.ca\/blog\/fr\/#\/schema\/person\/5ecfc59983e63eb2b1d8095b96929828"},"headline":"Apple Event du 9 septembre : iPhone 18 Pro et iPhone pliable, tout ce que l\u2019on sait","datePublished":"2026-09-01T20:05:01+00:00","dateModified":"2026-09-01T20:51:00+00:00","mainEntityOfPage":{"@id":"https:\/\/www.planhub.ca\/blog\/fr\/apple-event-2026-iphone-18-pro-iphone-pliable\/"},"wordCount":1030,"publisher":{"@id":"https:\/\/www.planhub.ca\/blog\/fr\/#organization"},"image":{"@id":"https:\/\/www.planhub.ca\/blog\/fr\/apple-event-2026-iphone-18-pro-iphone-pliable\/#primaryimage"},"thumbnailUrl":"https:\/\/www.planhub.ca\/blog\/wp-content\/uploads\/2026\/09\/apple-event-surprise-and-shine-2026.jpg","keywords":["Apple","iphone18"],"articleSection":["Mobile","Nouvelles","Nouvelles","T\u00e9l\u00e9phone Mobile"],"inLanguage":"fr-CA"},{"@type":"WebPage","@id":"https:\/\/www.planhub.ca\/blog\/fr\/apple-event-2026-iphone-18-pro-iphone-pliable\/","url":"https:\/\/www.planhub.ca\/blog\/fr\/apple-event-2026-iphone-18-pro-iphone-pliable\/","name":"Apple Event 2026 : iPhone 18 Pro et iPhone pliable | PlanHub.ca","isPartOf":{"@id":"https:\/\/www.planhub.ca\/blog\/fr\/#website"},"primaryImageOfPage":{"@id":"https:\/\/www.planhub.ca\/blog\/fr\/apple-event-2026-iphone-18-pro-iphone-pliable\/#primaryimage"},"image":{"@id":"https:\/\/www.planhub.ca\/blog\/fr\/apple-event-2026-iphone-18-pro-iphone-pliable\/#primaryimage"},"thumbnailUrl":"https:\/\/www.planhub.ca\/blog\/wp-content\/uploads\/2026\/09\/apple-event-surprise-and-shine-2026.jpg","datePublished":"2026-09-01T20:05:01+00:00","dateModified":"2026-09-01T20:51:00+00:00","description":"Apple Event 2026 : d\u00e9couvrez ce qui est confirm\u00e9 et les rumeurs sur l\u2019iPhone 18 Pro, l\u2019iPhone pliable et les enjeux pour les Canadiens.","breadcrumb":{"@id":"https:\/\/www.planhub.ca\/blog\/fr\/apple-event-2026-iphone-18-pro-iphone-pliable\/#breadcrumb"},"inLanguage":"fr-CA","potentialAction":[{"@type":"ReadAction","target":["https:\/\/www.planhub.ca\/blog\/fr\/apple-event-2026-iphone-18-pro-iphone-pliable\/"]}]},{"@type":"ImageObject","inLanguage":"fr-CA","@id":"https:\/\/www.planhub.ca\/blog\/fr\/apple-event-2026-iphone-18-pro-iphone-pliable\/#primaryimage","url":"https:\/\/www.planhub.ca\/blog\/wp-content\/uploads\/2026\/09\/apple-event-surprise-and-shine-2026.jpg","contentUrl":"https:\/\/www.planhub.ca\/blog\/wp-content\/uploads\/2026\/09\/apple-event-surprise-and-shine-2026.jpg","width":2048,"height":1152,"caption":"Logo Apple lumineux sur fond bleu pour l\u2019\u00e9v\u00e9nement Surprise and shine du 9 septembre 2026"},{"@type":"BreadcrumbList","@id":"https:\/\/www.planhub.ca\/blog\/fr\/apple-event-2026-iphone-18-pro-iphone-pliable\/#breadcrumb","itemListElement":[{"@type":"ListItem","position":1,"name":"Home","item":"https:\/\/www.planhub.ca\/blog\/fr\/"},{"@type":"ListItem","position":2,"name":"Mobile","item":"https:\/\/www.planhub.ca\/blog\/fr\/category\/mobile-fr\/"},{"@type":"ListItem","position":3,"name":"Apple Event du 9 septembre : iPhone 18 Pro et iPhone pliable, tout ce que l\u2019on sait"}]},{"@type":"WebSite","@id":"https:\/\/www.planhub.ca\/blog\/fr\/#website","url":"https:\/\/www.planhub.ca\/blog\/fr\/","name":"PlanHub.ca The Blog - Promotions, Guides, News and more!","description":"PlanHub","publisher":{"@id":"https:\/\/www.planhub.ca\/blog\/fr\/#organization"},"alternateName":"PlanHub.ca The Blog","potentialAction":[{"@type":"SearchAction","target":{"@type":"EntryPoint","urlTemplate":"https:\/\/www.planhub.ca\/blog\/fr\/?s={search_term_string}"},"query-input":{"@type":"PropertyValueSpecification","valueRequired":true,"valueName":"search_term_string"}}],"inLanguage":"fr-CA"},{"@type":"Organization","@id":"https:\/\/www.planhub.ca\/blog\/fr\/#organization","name":"PlanHub.ca","alternateName":"PlanHub.ca","url":"https:\/\/www.planhub.ca\/blog\/fr\/","logo":{"@type":"ImageObject","inLanguage":"fr-CA","@id":"https:\/\/www.planhub.ca\/blog\/fr\/#\/schema\/logo\/image\/","url":"https:\/\/www.planhub.ca\/blog\/wp-content\/uploads\/2024\/04\/logo_planhub_horizontal_vert-2-2.png","contentUrl":"https:\/\/www.planhub.ca\/blog\/wp-content\/uploads\/2024\/04\/logo_planhub_horizontal_vert-2-2.png","width":900,"height":360,"caption":"PlanHub.ca"},"image":{"@id":"https:\/\/www.planhub.ca\/blog\/fr\/#\/schema\/logo\/image\/"},"sameAs":["https:\/\/www.facebook.com\/planhub.ca","https:\/\/x.com\/PlanHub_ca","https:\/\/ca.linkedin.com\/company\/planhub-ca"]},{"@type":"Person","@id":"https:\/\/www.planhub.ca\/blog\/fr\/#\/schema\/person\/5ecfc59983e63eb2b1d8095b96929828","name":"Julien Junet","pronouns":"he\/him","image":{"@type":"ImageObject","inLanguage":"fr-CA","@id":"https:\/\/secure.gravatar.com\/avatar\/5c7b073a472aada4b7dfe77caaae50b52a840a5ec45cb3c825eeeeea6334be00?s=96&d=blank&r=g","url":"https:\/\/secure.gravatar.com\/avatar\/5c7b073a472aada4b7dfe77caaae50b52a840a5ec45cb3c825eeeeea6334be00?s=96&d=blank&r=g","contentUrl":"https:\/\/secure.gravatar.com\/avatar\/5c7b073a472aada4b7dfe77caaae50b52a840a5ec45cb3c825eeeeea6334be00?s=96&d=blank&r=g","caption":"Julien Junet"},"description":"Driven by one simple question: how does technology shape our habits, choices, and instincts? Blending music, visual art, internet culture, and digital strategy, Julien Junet contributes to PlanHub through content, community work, moderation, and social media. He is also an editor and writer for Branchez-vous.com. His playground is telecom, AI, forums, online communities, hidden trends, and overlooked angles. His goal: cut through the noise, extract what matters, and help readers see what\u2019s coming next.","sameAs":["https:\/\/www.planhub.ca\/blog\/en\/author\/julien-junet\/","https:\/\/www.linkedin.com\/in\/jujunet\/"],"url":"https:\/\/www.planhub.ca\/blog\/fr\/author\/julien-junet\/"}]}},"_links":{"self":[{"href":"https:\/\/www.planhub.ca\/blog\/fr\/wp-json\/wp\/v2\/posts\/28960","targetHints":{"allow":["GET"]}}],"collection":[{"href":"https:\/\/www.planhub.ca\/blog\/fr\/wp-json\/wp\/v2\/posts"}],"about":[{"href":"https:\/\/www.planhub.ca\/blog\/fr\/wp-json\/wp\/v2\/types\/post"}],"author":[{"embeddable":true,"href":"https:\/\/www.planhub.ca\/blog\/fr\/wp-json\/wp\/v2\/users\/45"}],"replies":[{"embeddable":true,"href":"https:\/\/www.planhub.ca\/blog\/fr\/wp-json\/wp\/v2\/comments?post=28960"}],"version-history":[{"count":3,"href":"https:\/\/www.planhub.ca\/blog\/fr\/wp-json\/wp\/v2\/posts\/28960\/revisions"}],"predecessor-version":[{"id":28986,"href":"https:\/\/www.planhub.ca\/blog\/fr\/wp-json\/wp\/v2\/posts\/28960\/revisions\/28986"}],"wp:featuredmedia":[{"embeddable":true,"href":"https:\/\/www.planhub.ca\/blog\/fr\/wp-json\/wp\/v2\/media\/28969"}],"wp:attachment":[{"href":"https:\/\/www.planhub.ca\/blog\/fr\/wp-json\/wp\/v2\/media?parent=28960"}],"wp:term":[{"taxonomy":"category","embeddable":true,"href":"https:\/\/www.planhub.ca\/blog\/fr\/wp-json\/wp\/v2\/categories?post=28960"},{"taxonomy":"post_tag","embeddable":true,"href":"https:\/\/www.planhub.ca\/blog\/fr\/wp-json\/wp\/v2\/tags?post=28960"}],"curies":[{"name":"wp","href":"https:\/\/api.w.org\/{rel}","templated":true}]}}